{"id":1,"date":"2015-12-08T12:00:58","date_gmt":"2015-12-08T14:00:58","guid":{"rendered":"http:\/\/meumundopersonalizado.com.br\/blog\/?p=1"},"modified":"2017-03-03T10:55:45","modified_gmt":"2017-03-03T13:55:45","slug":"uma-lembranca-unica-do-primeiro-natal-do-seu-bebe","status":"publish","type":"post","link":"https:\/\/meumundopersonalizado.com.br\/blog\/uma-lembranca-unica-do-primeiro-natal-do-seu-bebe\/","title":{"rendered":"Uma lembran\u00e7a \u00fanica do primeiro Natal do seu beb\u00ea"},"content":{"rendered":"<p>E se o nome do seu beb\u00ea pudesse protagonizar a \u00e1rvore de Natal? Sim, \u00e9 exatamente isso que voc\u00ea leu. Al\u00e9m das guirlandas, presentinhos, carinhas de papai-noel, luzes \u201cpiscantes\u201d e a cl\u00e1ssica estrela guia, atualmente j\u00e1 \u00e9 poss\u00edvel incluir o nome do beb\u00ea nas bolas decorativas da \u00e1rvore de natal.<\/p>\n<p>N\u00f3s, da Meu Mundo Personalizado sabemos quanto o primeiro Natal dos nossos beb\u00eas \u00e9 especial. Foi pensando nisso que desenvolvemos a primeira bola de cer\u00e2mica \u201cMeu 1\u00ba Natal\u201d personalizada do Brasil para colocar na sua \u00e1rvore.<\/p>\n<p><!--more--><\/p>\n<p>Al\u00e9m do nome, a bola de cer\u00e2mica personalizada vem com os dizeres \u201cMeu 1\u00ba Natal\u201d para garantir que as fotos das comemora\u00e7\u00f5es natalinas eternizem esse momento t\u00e3o maravilhoso. E mais: o enfeite vai embalado em uma linda caixa vermelha, para que os pais possam guard\u00e1-lo como uma lembran\u00e7a para toda a vida!<\/p>\n<p>O Natal por si s\u00f3 j\u00e1 \u00e9 sempre uma festa, n\u00e3o \u00e9 mesmo? Ao personalizar esse momento com o nome do seu filho(a), as m\u00e3es e pais dar\u00e3o um novo sentido \u00e0 essa celebra\u00e7\u00e3o. Comemorar essa data com um novo membro na fam\u00edlia \u00e9 uma experi\u00eancia incr\u00edvel e que deve ser lembrada durante toda a vida.<\/p>\n<p>Os pequenos detalhes dessa \u00e9poca do ano fazem toda a diferen\u00e7a. A decora\u00e7\u00e3o, as luzes, o ambiente familiar! Tudo isso faz com que as festas de final de ano sejam cheias de amor, felicidade, sentimentos de realiza\u00e7\u00e3o e conquistas. Tem coisa melhor?<\/p>\n<p>Ao decorar sua \u00e1rvore de natal com a bola de cer\u00e2mica personalizada, voc\u00ea ver\u00e1 que tudo ter\u00e1 um novo sentido \u2013 pense naqueles dois olhinhos grandes e brilhantes, curiosos. Um beb\u00ea na fam\u00edlia faz com que tudo fique mais especial, e n\u00f3s da Meu Mundo Personalizado trabalhamos para que voc\u00ea sempre tenha como tornar esses momentos ainda mais inesquec\u00edveis.<\/p>\n<p>AH! Vale lembrar que voc\u00ea pode gravar o nome do pequeno ou da pequena nas bolas de Natal sem custo adicional, viu? Essa \u00e9 mais uma novidade do Meu Mundo Personalizado para voc\u00ea!<\/p>\n<p>O que achou da ideia? Incr\u00edvel n\u00e3o \u00e9 mesmo? <a href=\"https:\/\/www.meumundopersonalizado.com.br\/produto\/bola-personalizada-meu-primeiro-natal\/\">Acesse nossa loja<\/a> para ver de perto essa grande novidade que estamos lan\u00e7ando!<\/p>\n","protected":false},"excerpt":{"rendered":"<p>E se o nome do seu beb\u00ea pudesse protagonizar a \u00e1rvore de Natal? Sim, \u00e9 exatamente isso que voc\u00ea leu. Al\u00e9m das guirlandas, presentinhos, carinhas de papai-noel, luzes \u201cpiscantes\u201d e a cl\u00e1ssica estrela guia, atualmente j\u00e1 \u00e9 poss\u00edvel incluir o nome do beb\u00ea nas bolas decorativas da \u00e1rvore de natal. N\u00f3s, da Meu Mundo Personalizado&#8230;<\/p>\n","protected":false},"author":2,"featured_media":5,"comment_status":"open","ping_status":"open","sticky":false,"template":"","format":"standard","meta":{"footnotes":""},"categories":[13,1],"tags":[],"class_list":["post-1","post","type-post","status-publish","format-standard","has-post-thumbnail","hentry","category-festas-e-datas-especiais","category-novidades","main-post"],"yoast_head":"<!-- This site is optimized with the Yoast SEO plugin v14.1 - https:\/\/yoast.com\/wordpress\/plugins\/seo\/ -->\n<title>Uma lembran\u00e7a \u00fanica do primeiro Natal do seu beb\u00ea - Blog Meu Mundo Personalizado<\/title>\n<meta name=\"description\" content=\"Confira nosso post sobre a nossa exclusiva bola de cer\u00e2mica personalizada \u201cMeu 1\u00ba Natal\u201d para colocar na sua \u00e1rvore. Uma lembran\u00e7a \u00fanica de um Natal inesquec\u00edvel!\" \/>\n<meta name=\"robots\" content=\"index, follow\" \/>\n<meta name=\"googlebot\" content=\"index, follow, max-snippet:-1, max-image-preview:large, max-video-preview:-1\" \/>\n<meta name=\"bingbot\" content=\"index, follow, max-snippet:-1, max-image-preview:large, max-video-preview:-1\" \/>\n<link rel=\"canonical\" href=\"https:\/\/meumundopersonalizado.com.br\/blog\/uma-lembranca-unica-do-primeiro-natal-do-seu-bebe\/\" \/>\n<meta property=\"og:locale\" content=\"pt_BR\" \/>\n<meta property=\"og:type\" content=\"article\" \/>\n<meta property=\"og:title\" content=\"Uma lembran\u00e7a \u00fanica do primeiro Natal do seu beb\u00ea - Blog Meu Mundo Personalizado\" \/>\n<meta property=\"og:description\" content=\"Confira nosso post sobre a nossa exclusiva bola de cer\u00e2mica personalizada \u201cMeu 1\u00ba Natal\u201d para colocar na sua \u00e1rvore. Uma lembran\u00e7a \u00fanica de um Natal inesquec\u00edvel!\" \/>\n<meta property=\"og:url\" content=\"https:\/\/meumundopersonalizado.com.br\/blog\/uma-lembranca-unica-do-primeiro-natal-do-seu-bebe\/\" \/>\n<meta property=\"og:site_name\" content=\"Blog Meu Mundo Personalizado\" \/>\n<meta property=\"article:published_time\" content=\"2015-12-08T14:00:58+00:00\" \/>\n<meta property=\"article:modified_time\" content=\"2017-03-03T13:55:45+00:00\" \/>\n<meta property=\"og:image\" content=\"https:\/\/meumundopersonalizado.com.br\/blog\/wp-content\/uploads\/2016\/05\/bola-natal-personalizado.jpg\" \/>\n\t<meta property=\"og:image:width\" content=\"851\" \/>\n\t<meta property=\"og:image:height\" content=\"330\" \/>\n<meta name=\"twitter:card\" content=\"summary\" \/>\n<script type=\"application\/ld+json\" class=\"yoast-schema-graph\">{\"@context\":\"https:\/\/schema.org\",\"@graph\":[{\"@type\":\"Organization\",\"@id\":\"https:\/\/meumundopersonalizado.com.br\/blog\/#organization\",\"name\":\"Meu Mundo Personalizado\",\"url\":\"https:\/\/meumundopersonalizado.com.br\/blog\/\",\"sameAs\":[],\"logo\":{\"@type\":\"ImageObject\",\"@id\":\"https:\/\/meumundopersonalizado.com.br\/blog\/#logo\",\"inLanguage\":\"pt-BR\",\"url\":\"https:\/\/meumundopersonalizado.com.br\/blog\/wp-content\/uploads\/2016\/06\/Logo-transparent-background.png\",\"width\":600,\"height\":600,\"caption\":\"Meu Mundo Personalizado\"},\"image\":{\"@id\":\"https:\/\/meumundopersonalizado.com.br\/blog\/#logo\"}},{\"@type\":\"WebSite\",\"@id\":\"https:\/\/meumundopersonalizado.com.br\/blog\/#website\",\"url\":\"https:\/\/meumundopersonalizado.com.br\/blog\/\",\"name\":\"Blog Meu Mundo Personalizado\",\"description\":\"Ideias e Novidades\",\"publisher\":{\"@id\":\"https:\/\/meumundopersonalizado.com.br\/blog\/#organization\"},\"potentialAction\":[{\"@type\":\"SearchAction\",\"target\":\"https:\/\/meumundopersonalizado.com.br\/blog\/?s={search_term_string}\",\"query-input\":\"required name=search_term_string\"}],\"inLanguage\":\"pt-BR\"},{\"@type\":\"ImageObject\",\"@id\":\"https:\/\/meumundopersonalizado.com.br\/blog\/uma-lembranca-unica-do-primeiro-natal-do-seu-bebe\/#primaryimage\",\"inLanguage\":\"pt-BR\",\"url\":\"https:\/\/meumundopersonalizado.com.br\/blog\/wp-content\/uploads\/2016\/05\/bola-natal-personalizado.jpg\",\"width\":851,\"height\":330,\"caption\":\"Post da Meu Mundo Persoalizado sobre o seu exclusivo produto - a bola de cer\\u00e2mica personalizada Meu 1\\u00ba Natal - para pendurar na \\u00e1rvore de Natal e marcar o primeiro Natal do beb\\u00ea\"},{\"@type\":\"WebPage\",\"@id\":\"https:\/\/meumundopersonalizado.com.br\/blog\/uma-lembranca-unica-do-primeiro-natal-do-seu-bebe\/#webpage\",\"url\":\"https:\/\/meumundopersonalizado.com.br\/blog\/uma-lembranca-unica-do-primeiro-natal-do-seu-bebe\/\",\"name\":\"Uma lembran\\u00e7a \\u00fanica do primeiro Natal do seu beb\\u00ea - Blog Meu Mundo Personalizado\",\"isPartOf\":{\"@id\":\"https:\/\/meumundopersonalizado.com.br\/blog\/#website\"},\"primaryImageOfPage\":{\"@id\":\"https:\/\/meumundopersonalizado.com.br\/blog\/uma-lembranca-unica-do-primeiro-natal-do-seu-bebe\/#primaryimage\"},\"datePublished\":\"2015-12-08T14:00:58+00:00\",\"dateModified\":\"2017-03-03T13:55:45+00:00\",\"description\":\"Confira nosso post sobre a nossa exclusiva bola de cer\\u00e2mica personalizada \\u201cMeu 1\\u00ba Natal\\u201d para colocar na sua \\u00e1rvore. Uma lembran\\u00e7a \\u00fanica de um Natal inesquec\\u00edvel!\",\"inLanguage\":\"pt-BR\",\"potentialAction\":[{\"@type\":\"ReadAction\",\"target\":[\"https:\/\/meumundopersonalizado.com.br\/blog\/uma-lembranca-unica-do-primeiro-natal-do-seu-bebe\/\"]}]},{\"@type\":\"Article\",\"@id\":\"https:\/\/meumundopersonalizado.com.br\/blog\/uma-lembranca-unica-do-primeiro-natal-do-seu-bebe\/#article\",\"isPartOf\":{\"@id\":\"https:\/\/meumundopersonalizado.com.br\/blog\/uma-lembranca-unica-do-primeiro-natal-do-seu-bebe\/#webpage\"},\"author\":{\"@id\":\"https:\/\/meumundopersonalizado.com.br\/blog\/#\/schema\/person\/7152250683ecb9cb4b7c612c699d48a6\"},\"headline\":\"Uma lembran\\u00e7a \\u00fanica do primeiro Natal do seu beb\\u00ea\",\"datePublished\":\"2015-12-08T14:00:58+00:00\",\"dateModified\":\"2017-03-03T13:55:45+00:00\",\"commentCount\":0,\"mainEntityOfPage\":{\"@id\":\"https:\/\/meumundopersonalizado.com.br\/blog\/uma-lembranca-unica-do-primeiro-natal-do-seu-bebe\/#webpage\"},\"publisher\":{\"@id\":\"https:\/\/meumundopersonalizado.com.br\/blog\/#organization\"},\"image\":{\"@id\":\"https:\/\/meumundopersonalizado.com.br\/blog\/uma-lembranca-unica-do-primeiro-natal-do-seu-bebe\/#primaryimage\"},\"articleSection\":\"Festas e Datas Especiais,Novidades\",\"inLanguage\":\"pt-BR\",\"potentialAction\":[{\"@type\":\"CommentAction\",\"name\":\"Comment\",\"target\":[\"https:\/\/meumundopersonalizado.com.br\/blog\/uma-lembranca-unica-do-primeiro-natal-do-seu-bebe\/#respond\"]}]},{\"@type\":[\"Person\"],\"@id\":\"https:\/\/meumundopersonalizado.com.br\/blog\/#\/schema\/person\/7152250683ecb9cb4b7c612c699d48a6\",\"name\":\"Meu Mundo Personalizado\",\"image\":{\"@type\":\"ImageObject\",\"@id\":\"https:\/\/meumundopersonalizado.com.br\/blog\/#personlogo\",\"inLanguage\":\"pt-BR\",\"url\":\"https:\/\/secure.gravatar.com\/avatar\/01147ea0fb838750523bfccf1bad0be1?s=96&d=mm&r=g\",\"caption\":\"Meu Mundo Personalizado\"}}]}<\/script>\n<!-- \/ Yoast SEO plugin. -->","_links":{"self":[{"href":"https:\/\/meumundopersonalizado.com.br\/blog\/wp-json\/wp\/v2\/posts\/1"}],"collection":[{"href":"https:\/\/meumundopersonalizado.com.br\/blog\/wp-json\/wp\/v2\/posts"}],"about":[{"href":"https:\/\/meumundopersonalizado.com.br\/blog\/wp-json\/wp\/v2\/types\/post"}],"author":[{"embeddable":true,"href":"https:\/\/meumundopersonalizado.com.br\/blog\/wp-json\/wp\/v2\/users\/2"}],"replies":[{"embeddable":true,"href":"https:\/\/meumundopersonalizado.com.br\/blog\/wp-json\/wp\/v2\/comments?post=1"}],"version-history":[{"count":6,"href":"https:\/\/meumundopersonalizado.com.br\/blog\/wp-json\/wp\/v2\/posts\/1\/revisions"}],"predecessor-version":[{"id":518,"href":"https:\/\/meumundopersonalizado.com.br\/blog\/wp-json\/wp\/v2\/posts\/1\/revisions\/518"}],"wp:featuredmedia":[{"embeddable":true,"href":"https:\/\/meumundopersonalizado.com.br\/blog\/wp-json\/wp\/v2\/media\/5"}],"wp:attachment":[{"href":"https:\/\/meumundopersonalizado.com.br\/blog\/wp-json\/wp\/v2\/media?parent=1"}],"wp:term":[{"taxonomy":"category","embeddable":true,"href":"https:\/\/meumundopersonalizado.com.br\/blog\/wp-json\/wp\/v2\/categories?post=1"},{"taxonomy":"post_tag","embeddable":true,"href":"https:\/\/meumundopersonalizado.com.br\/blog\/wp-json\/wp\/v2\/tags?post=1"}],"curies":[{"name":"wp","href":"https:\/\/api.w.org\/{rel}","templated":true}]}}