{"id":1077,"date":"2021-06-10T12:18:27","date_gmt":"2021-06-10T15:18:27","guid":{"rendered":"https:\/\/meumundopersonalizado.com.br\/blog\/?p=1077"},"modified":"2021-07-16T17:40:24","modified_gmt":"2021-07-16T20:40:24","slug":"50-presentes-para-recem-nascidos","status":"publish","type":"post","link":"https:\/\/meumundopersonalizado.com.br\/blog\/50-presentes-para-recem-nascidos\/","title":{"rendered":"50 Presentes para Rec\u00e9m-Nascidos!"},"content":{"rendered":"<p><span style=\"font-weight: 400;\">Neste artigo, iremos passar a voc\u00ea 50 Presentes para Rec\u00e9m-Nascidos super legais, para marcar esse momento t\u00e3o especial, a hora de conhecer o beb\u00ea! <\/span><\/p>\n<p><span style=\"font-weight: 400;\">Afinal, para presentear beb\u00eas rec\u00e9m-nascidos, os amigos mais chegados e tamb\u00e9m os familiares muitas vezes passam por um certo dilema para fazer a primeira visita, mas principalmente, para acertar no presente!\u00a0<\/span><\/p>\n<p><span style=\"font-weight: 400;\">Vamos por categorias? Escolha o seu na lista abaixo! \ud83d\ude0a<\/span><\/p>\n<p>&nbsp;<\/p>\n<h2><b>Presentes Baratos para Rec\u00e9m-Nascidos<\/b><\/h2>\n<p>&nbsp;<\/p>\n<h3><span style=\"font-weight: 400;\">1. Naninha<\/span><\/h3>\n<p><span style=\"font-weight: 400;\">D\u00e1 uma olhada nessa naninha do Elefantinho, uma ideia de presente para rec\u00e9m-nascidos em conta, bonita e super \u00fatil! <\/span><\/p>\n<p><span style=\"font-weight: 400;\">Ah, e ela pode ser personalizada! Veja <a href=\"https:\/\/meumundopersonalizado.com.br\/produto\/naninha-do-elefantinho-rosa\/\">aqui!<\/a><\/span><\/p>\n<p><img loading=\"lazy\" decoding=\"async\" class=\"alignnone\" src=\"https:\/\/i1.wp.com\/meumundopersonalizado.com.br\/wp-content\/uploads\/2019\/05\/naninha-rosa-1000x1000.jpg\" alt=\"naninha do elefantinho rosa\" width=\"400\" height=\"400\" \/><\/p>\n<h3><span style=\"font-weight: 400;\">2. Kit Escova e Pente para rec\u00e9m-nascidos!<\/span><\/h3>\n<p><span style=\"font-weight: 400;\">Item super bacana para ajudar a mam\u00e3e a cuidar do cabelo da beb\u00ea. <\/span><\/p>\n<p><span style=\"font-weight: 400;\">Lembre-se que a escova deve ter cerdas macias e o pente, as pontinhas arredondadas! Olha esses<a href=\"https:\/\/redir.lomadee.com\/v2\/13849e4a5d3\"> modelos!<\/a><\/span><\/p>\n<p><img loading=\"lazy\" decoding=\"async\" class=\"\" src=\"https:\/\/images-americanas.b2w.io\/produtos\/01\/00\/img\/2074181\/6\/2074181676_1GG.jpg\" width=\"401\" height=\"401\" \/><\/p>\n<h3><span style=\"font-weight: 400;\">3. Body personalizado \u201cSou o Amorzinho da Dinda\u201d<\/span><\/h3>\n<p><span style=\"font-weight: 400;\">Presente divertido para as madrinhas darem aos seus afilhados, tanto no momento do nascimento, assim como no ch\u00e1 de beb\u00ea ou visita \u00e0 maternidade.<\/span><\/p>\n<p>Acesse <a href=\"https:\/\/meumundopersonalizado.com.br\/produto\/body-bebe-personalizado-eu-sou-da-dinda\/\">aqui!<\/a><\/p>\n<p><img loading=\"lazy\" decoding=\"async\" class=\"\" src=\"https:\/\/i1.wp.com\/meumundopersonalizado.com.br\/wp-content\/uploads\/2017\/06\/Bebe-com-body-Sou-o-Amorzinho-da-Dinda.jpg\" width=\"402\" height=\"402\" \/><\/p>\n<h3><span style=\"font-weight: 400;\">4. Suti\u00e3 para Amamenta\u00e7\u00e3o<\/span><\/h3>\n<p><span style=\"font-weight: 400;\">Com bojo, sem bojo, rendado ou n\u00e3o. O suti\u00e3 amamenta\u00e7\u00e3o \u00e9 o item ideal para presentear a mam\u00e3e, afinal, n\u00e3o podemos esquecer dela nesse momento tamb\u00e9m, n\u00e9?\u00a0<\/span><\/p>\n<p>Confere <a href=\"https:\/\/redir.lomadee.com\/v2\/1612a34f2dd\">aqui!<\/a><\/p>\n<p><img loading=\"lazy\" decoding=\"async\" class=\"\" src=\"https:\/\/images-na.ssl-images-amazon.com\/images\/I\/51il0WHephL._AC_.jpg\" alt=\"Suti&amp;atilde; amamenta&amp;ccedil;&amp;atilde;o bojo flex&amp;iacute;vel lingerie para mam&amp;atilde;es Morisco\" width=\"400\" height=\"420\" \/><\/p>\n<h3><span style=\"font-weight: 400;\">5. Mantas!<\/span><\/h3>\n<p><span style=\"font-weight: 400;\">As mantas s\u00e3o perfeitas para embrulhar o beb\u00ea e muito pr\u00e1ticas de carregar no carrinho ou na bolsa! Confere <a href=\"https:\/\/meumundopersonalizado.com.br\/produto\/manta-malha-matelasse-azul\/\">esta que poder ser personalizada<\/a>!<\/span><\/p>\n<p><img loading=\"lazy\" decoding=\"async\" class=\"alignnone wp-image-1084\" src=\"https:\/\/meumundopersonalizado.com.br\/blog\/wp-content\/uploads\/2021\/06\/manta-beb\u00ea-azul-300x300.png\" alt=\"\" width=\"401\" height=\"401\" srcset=\"https:\/\/meumundopersonalizado.com.br\/blog\/wp-content\/uploads\/2021\/06\/manta-beb\u00ea-azul-300x300.png 300w, https:\/\/meumundopersonalizado.com.br\/blog\/wp-content\/uploads\/2021\/06\/manta-beb\u00ea-azul-1024x1024.png 1024w, https:\/\/meumundopersonalizado.com.br\/blog\/wp-content\/uploads\/2021\/06\/manta-beb\u00ea-azul-150x150.png 150w, https:\/\/meumundopersonalizado.com.br\/blog\/wp-content\/uploads\/2021\/06\/manta-beb\u00ea-azul-768x768.png 768w, https:\/\/meumundopersonalizado.com.br\/blog\/wp-content\/uploads\/2021\/06\/manta-beb\u00ea-azul-1180x1180.png 1180w, https:\/\/meumundopersonalizado.com.br\/blog\/wp-content\/uploads\/2021\/06\/manta-beb\u00ea-azul.png 1200w\" sizes=\"(max-width: 401px) 100vw, 401px\" \/><\/p>\n<p>&nbsp;<\/p>\n<h2><b>Presentes para rec\u00e9m-nascidos Meninas<\/b><\/h2>\n<p>&nbsp;<\/p>\n<h3><span style=\"font-weight: 400;\">6. Cesta Boas-Vindas!<\/span><\/h3>\n<p><span style=\"font-weight: 400;\">Esta <a href=\"https:\/\/meumundopersonalizado.com.br\/produto\/cesta-bebe-c-naninha-elefantinho-rosa\">Cesta para beb\u00ea<\/a> vem com naninha e \u00e9 um presente completo e muito fofo, perfeita para presentear a mam\u00e3e e dar as boas-vindas \u00e0 rec\u00e9m-nascida!<\/span><b>\u00a0<\/b><\/p>\n<p><img loading=\"lazy\" decoding=\"async\" class=\"\" src=\"https:\/\/i1.wp.com\/meumundopersonalizado.com.br\/wp-content\/uploads\/2021\/03\/Cesta-Maternidade-Naninha-Elefantinho-rosa-1000x1000.png\" alt=\"Cesta Maternidade \u2013 Naninha Elefantinho \u2013 rosa\" width=\"400\" height=\"400\" \/><\/p>\n<h3><span style=\"font-weight: 400;\">7. Macac\u00f5es <\/span><span style=\"font-weight: 400;\">para rec\u00e9m-nascidos!<\/span><\/h3>\n<p><span style=\"font-weight: 400;\">O momento da <\/span><span style=\"font-weight: 400;\">chegada com looks estilosos para os pequenos!\u00a0<\/span><\/p>\n<p><span style=\"font-weight: 400;\">Veja essa<a href=\"https:\/\/redir.lomadee.com\/v2\/1615cd643b7\"> pe\u00e7a linda!<\/a><\/span><\/p>\n<p><img loading=\"lazy\" decoding=\"async\" class=\" wp-image-1091 alignleft\" src=\"https:\/\/meumundopersonalizado.com.br\/blog\/wp-content\/uploads\/2021\/06\/macacao.jpg\" alt=\"\" width=\"398\" height=\"440\" srcset=\"https:\/\/meumundopersonalizado.com.br\/blog\/wp-content\/uploads\/2021\/06\/macacao.jpg 565w, https:\/\/meumundopersonalizado.com.br\/blog\/wp-content\/uploads\/2021\/06\/macacao-272x300.jpg 272w\" sizes=\"(max-width: 398px) 100vw, 398px\" \/><\/p>\n<p>&nbsp;<\/p>\n<h3><\/h3>\n<h3><\/h3>\n<h3><\/h3>\n<h3><\/h3>\n<h3><\/h3>\n<h3><\/h3>\n<h3><\/h3>\n<h3><\/h3>\n<h3><\/h3>\n<h3><span style=\"font-weight: 400;\">8. Joias<\/span><\/h3>\n<p><span style=\"font-weight: 400;\">Voc\u00ea sabia que segundo uma antiga lenda, presentear a rec\u00e9m-nascida com joias, traz sorte? Para n\u00f3s tamb\u00e9m \u00e9 novidade! Pelo sim ou pelo n\u00e3o, d\u00e1 uma olhada nesse modelo lindo <a href=\"https:\/\/www.vivara.com.br\/produto\/brinco-coracao-ouro-amarelo\/BR00049051\">aqui!<\/a><\/span><\/p>\n<p><img loading=\"lazy\" decoding=\"async\" class=\" wp-image-1092 alignleft\" src=\"https:\/\/meumundopersonalizado.com.br\/blog\/wp-content\/uploads\/2021\/06\/brinco.jpg\" alt=\"\" width=\"401\" height=\"355\" srcset=\"https:\/\/meumundopersonalizado.com.br\/blog\/wp-content\/uploads\/2021\/06\/brinco.jpg 529w, https:\/\/meumundopersonalizado.com.br\/blog\/wp-content\/uploads\/2021\/06\/brinco-300x265.jpg 300w\" sizes=\"(max-width: 401px) 100vw, 401px\" \/><\/p>\n<p>&nbsp;<\/p>\n<h3><\/h3>\n<h3><\/h3>\n<h3><\/h3>\n<h3><\/h3>\n<h3><\/h3>\n<h3><\/h3>\n<p>&nbsp;<\/p>\n<p>&nbsp;<\/p>\n<h3><span style=\"font-weight: 400;\">9. Kit Presente Cupcakes contendo um Mini Enxoval<\/span><\/h3>\n<p><span style=\"font-weight: 400;\">Um Kit Beb\u00ea, com itens b\u00e1sicos e super \u00fateis do enxoval!<\/span><\/p>\n<p><span style=\"font-weight: 400;\">Os cupcakes de roupinhas de beb\u00ea s\u00e3o presentes delicados, charmosos e diferenciados. Confere a <a href=\"https:\/\/meumundopersonalizado.com.br\/produto\/caixa-c-4-cupcakes-de-roupas-de-bebe-meninas\/\">caixa com 4 cupcakes aqui!<\/a><\/span><\/p>\n<p><img loading=\"lazy\" decoding=\"async\" class=\"\" src=\"https:\/\/i1.wp.com\/meumundopersonalizado.com.br\/wp-content\/uploads\/2015\/10\/Caixa-4-cupcakes-ROSA-meninas-com-laco-1024x1024.jpg\" alt=\"Caixa 4 cupcakes ROSA meninas com laco\" width=\"402\" height=\"402\" \/><\/p>\n<h3><span style=\"font-weight: 400;\">10. Saco de dormir para os beb\u00eas <\/span><span style=\"font-weight: 400;\">rec\u00e9m-nascidos!<\/span><\/h3>\n<p><span style=\"font-weight: 400;\">Super aconchegantes para as noites mais frias, podem ser usados inclusive como um cobertor. Confere esse modelo lindo <a href=\"https:\/\/redir.lomadee.com\/v2\/16121506d0e\">aqui!<\/a><\/span><\/p>\n<p>&nbsp;<\/p>\n<p><img loading=\"lazy\" decoding=\"async\" class=\"\" src=\"https:\/\/images-americanas.b2w.io\/produtos\/01\/00\/img\/2054586\/6\/2054586641_1GG.jpg\" width=\"401\" height=\"401\" \/><\/p>\n<p>&nbsp;<\/p>\n<h2><b>Presentes para rec\u00e9m-nascidos Meninos<\/b><\/h2>\n<p>&nbsp;<\/p>\n<h3><span style=\"font-weight: 400;\">11. Ursinho de Pel\u00facia Travesseiro<\/span><\/h3>\n<p><span style=\"font-weight: 400;\"><a href=\"https:\/\/meumundopersonalizado.com.br\/produto\/ursinho-de-pelucia-travesseiro-bebe-azul\/\">Ursinho antial\u00e9rgico<\/a> que vira travesseiro para deixar o soninho do pequeno muito mais tranquilo!<\/span><\/p>\n<p><img loading=\"lazy\" decoding=\"async\" class=\"\" src=\"https:\/\/i1.wp.com\/meumundopersonalizado.com.br\/wp-content\/uploads\/2020\/08\/Ursinho-travesseiro-com-gorro-Nino-azul-1000x1000.png\" alt=\"Ursinho travesseiro com gorro \u2013 azul\" width=\"402\" height=\"402\" \/><\/p>\n<h3><span style=\"font-weight: 400;\">12. Cestas Maternidade\u00a0<\/span><\/h3>\n<p><span style=\"font-weight: 400;\">Estas s\u00e3o um item para marcar, um presente luxuoso para os beb\u00eas rec\u00e9m-nascidos. Olha que maravilhosas essas <a href=\"https:\/\/meumundopersonalizado.com.br\/?s=Cesta+Maternidade&amp;post_type=product\">aqui no link!<\/a><\/span><\/p>\n<p><img loading=\"lazy\" decoding=\"async\" class=\"alignnone wp-image-1088\" src=\"https:\/\/meumundopersonalizado.com.br\/blog\/wp-content\/uploads\/2021\/06\/cesta-azul-1200pxl-etiqueta-mmp-300x300.png\" alt=\"Kit bebe com manta, pelucia, body bebe e babador\" width=\"398\" height=\"398\" srcset=\"https:\/\/meumundopersonalizado.com.br\/blog\/wp-content\/uploads\/2021\/06\/cesta-azul-1200pxl-etiqueta-mmp-300x300.png 300w, https:\/\/meumundopersonalizado.com.br\/blog\/wp-content\/uploads\/2021\/06\/cesta-azul-1200pxl-etiqueta-mmp-1024x1024.png 1024w, https:\/\/meumundopersonalizado.com.br\/blog\/wp-content\/uploads\/2021\/06\/cesta-azul-1200pxl-etiqueta-mmp-150x150.png 150w, https:\/\/meumundopersonalizado.com.br\/blog\/wp-content\/uploads\/2021\/06\/cesta-azul-1200pxl-etiqueta-mmp-768x768.png 768w, https:\/\/meumundopersonalizado.com.br\/blog\/wp-content\/uploads\/2021\/06\/cesta-azul-1200pxl-etiqueta-mmp-1180x1180.png 1180w, https:\/\/meumundopersonalizado.com.br\/blog\/wp-content\/uploads\/2021\/06\/cesta-azul-1200pxl-etiqueta-mmp.png 1200w\" sizes=\"(max-width: 398px) 100vw, 398px\" \/><\/p>\n<h3><span style=\"font-weight: 400;\">13. Prendedores de Chupeta <\/span><span style=\"font-weight: 400;\">para rec\u00e9m-nascidos!<\/span><\/h3>\n<p><span style=\"font-weight: 400;\">Quem ser\u00e1 que perde mais a chupeta? Meninos ou meninas?<\/span><\/p>\n<p><span style=\"font-weight: 400;\">D\u00e1 uma olhada <a href=\"https:\/\/www.gravidicasstore.com.br\/prendedor-de-chupeta-em-silicone-azul-girotondo\">nesse modelo<\/a> muito fofinho para os pequenos n\u00e3o ficarem sem elas!<\/span><\/p>\n<p><span style=\"font-weight: 400;\"><br \/>\n<img loading=\"lazy\" decoding=\"async\" class=\" wp-image-1093 alignleft\" src=\"https:\/\/meumundopersonalizado.com.br\/blog\/wp-content\/uploads\/2021\/06\/prendedor.jpg\" alt=\"\" width=\"398\" height=\"396\" srcset=\"https:\/\/meumundopersonalizado.com.br\/blog\/wp-content\/uploads\/2021\/06\/prendedor.jpg 524w, https:\/\/meumundopersonalizado.com.br\/blog\/wp-content\/uploads\/2021\/06\/prendedor-150x150.jpg 150w\" sizes=\"(max-width: 398px) 100vw, 398px\" \/><\/span><\/p>\n<p>&nbsp;<\/p>\n<h3><\/h3>\n<h3><\/h3>\n<h3><\/h3>\n<h3><\/h3>\n<h3><\/h3>\n<h3><\/h3>\n<h3><\/h3>\n<h3><\/h3>\n<h3><span style=\"font-weight: 400;\">14. Babadores<\/span><\/h3>\n<p><span style=\"font-weight: 400;\">Outra op\u00e7\u00e3o de presente para rec\u00e9m-nascido: babadores que podem ser personalizados!\u00a0<\/span><\/p>\n<p><span style=\"font-weight: 400;\">D\u00e1 uma olhada nesse kit com 3 babadores<a href=\"https:\/\/meumundopersonalizado.com.br\/produto\/kit-3-babadores-colecao-lhamas-meninos\/\"> no link!<\/a><\/span><\/p>\n<p><img loading=\"lazy\" decoding=\"async\" class=\"\" src=\"https:\/\/i3.wp.com\/meumundopersonalizado.com.br\/wp-content\/uploads\/2019\/08\/Kit-3-babadores-banadana-lhama-foto-2-1024x1024.jpg\" alt=\"Kit 3 babadores banadana \u2013 lhama foto 2\" width=\"400\" height=\"400\" \/><\/p>\n<h3><span style=\"font-weight: 400;\">15. Macac\u00f5es com mangas Curtas<\/span><\/h3>\n<p><span style=\"font-weight: 400;\">O <a href=\"https:\/\/redir.lomadee.com\/v2\/161ce05a2f0\">macac\u00e3o com manga curta<\/a>, para ser usado nos dias com clima mais quente, \u00e9 ideal para os meninos n\u00e3o ficarem muito suados!<\/span><\/p>\n<p><img loading=\"lazy\" decoding=\"async\" class=\"\" src=\"https:\/\/images-americanas.b2w.io\/produtos\/01\/00\/img\/3199039\/0\/3199039067_1GG.jpg\" width=\"402\" height=\"402\" \/><\/p>\n<h3><span style=\"font-weight: 400;\">16. Toalhas para o beb\u00ea!<\/span><\/h3>\n<p><span style=\"font-weight: 400;\">Olha esse modelo para deixar o beb\u00ea bem sequinho e ainda pode ser personalizada com o nome do rec\u00e9m-nascido! Confere<a href=\"https:\/\/meumundopersonalizado.com.br\/produto\/toalha-aveludada-com-capuz-menino\/\"> aqui!<\/a><\/span><\/p>\n<p><img loading=\"lazy\" decoding=\"async\" class=\"\" src=\"https:\/\/i3.wp.com\/meumundopersonalizado.com.br\/wp-content\/uploads\/2015\/07\/Toalha-capuz-azul-1000x1000px-personalizado.jpg\" alt=\"Toalha capuz \u2013 azul \u2013 1000x1000px \u2013 personalizado\" width=\"400\" height=\"400\" \/><\/p>\n<p>&nbsp;<\/p>\n<h2><b>Presentes Corporativos para rec\u00e9m-nascidos<\/b><\/h2>\n<p>&nbsp;<\/p>\n<h3><span style=\"font-weight: 400;\">17. Urso de pel\u00facia com logomarca\u00a0<\/span><\/h3>\n<p><span style=\"font-weight: 400;\">Pel\u00facia fofa demais e que pode ser personalizada com a logomarca ou seu desenho preferido na camiseta! Veja no<a href=\"https:\/\/meumundopersonalizado.com.br\/produto\/presente-corporativo-urso-de-pelucia-personalizado-com-logo\/\"> link!<\/a><\/span><\/p>\n<p><img loading=\"lazy\" decoding=\"async\" class=\"\" src=\"https:\/\/i3.wp.com\/meumundopersonalizado.com.br\/wp-content\/uploads\/2021\/03\/Urso-pel%C3%BAcia-Camiseta-BRANCA-TOY-25cm-sua-logo-aqui-rosa-1.jpg\" alt=\"Urso pel\u00facia Camiseta BRANCA TOY 25cm \u2013 sua logo aqui rosa\" width=\"400\" height=\"400\" \/><\/p>\n<h3><span style=\"font-weight: 400;\">18. Kit para Beb\u00ea com a sua logo<\/span><\/h3>\n<p><span style=\"font-weight: 400;\">Um<a href=\"https:\/\/meumundopersonalizado.com.br\/produto\/kit-bebe-empresas-naninha-body-e-babador-com-a-sua-logo-arte\/\"> presente\u00a0 \u00fatil<\/a> e que certamente sua empresa pode investir para presentear um colaborador<\/span><span style=\"font-weight: 400;\">. Composto por 4 itens de enxoval, alguns deles personalizados com a sua logo!<\/span><\/p>\n<p><img loading=\"lazy\" decoding=\"async\" class=\"alignnone wp-image-1086\" src=\"https:\/\/meumundopersonalizado.com.br\/blog\/wp-content\/uploads\/2021\/06\/KIT-BEB\u00ca-BODY-BABADOR-E-NANINHA-Corporativo-com-Caixa-2-300x300.jpg\" alt=\"\" width=\"398\" height=\"398\" srcset=\"https:\/\/meumundopersonalizado.com.br\/blog\/wp-content\/uploads\/2021\/06\/KIT-BEB\u00ca-BODY-BABADOR-E-NANINHA-Corporativo-com-Caixa-2-300x300.jpg 300w, https:\/\/meumundopersonalizado.com.br\/blog\/wp-content\/uploads\/2021\/06\/KIT-BEB\u00ca-BODY-BABADOR-E-NANINHA-Corporativo-com-Caixa-2-150x150.jpg 150w, https:\/\/meumundopersonalizado.com.br\/blog\/wp-content\/uploads\/2021\/06\/KIT-BEB\u00ca-BODY-BABADOR-E-NANINHA-Corporativo-com-Caixa-2.jpg 662w\" sizes=\"(max-width: 398px) 100vw, 398px\" \/><\/p>\n<h3><span style=\"font-weight: 400;\">19. Body Personalizado com Logo\/Arte <\/span><span style=\"font-weight: 400;\">para rec\u00e9m-nascidos!<\/span><\/h3>\n<p><span style=\"font-weight: 400;\">Um<a href=\"https:\/\/meumundopersonalizado.com.br\/produto\/body-bebe-personalizado-com-logo\/\"> item muito legal<\/a> e que \u00e9 poss\u00edvel personalizar tamb\u00e9m com a marca da sua empresa!<\/span><\/p>\n<p><img loading=\"lazy\" decoding=\"async\" class=\"\" src=\"https:\/\/i2.wp.com\/meumundopersonalizado.com.br\/wp-content\/uploads\/2020\/04\/Body-beb%C3%AA-com-logo-ou-arte-corporativo-BEBE-MOCKUP-1000x1000.jpg\" alt=\"Body beb\u00ea com logo ou arte \u2013 corporativo \u2013 BEBE \u2013 MOCKUP\" width=\"402\" height=\"402\" \/><\/p>\n<h3><span style=\"font-weight: 400;\">20. Cesta para Empresas<\/span><\/h3>\n<p><span style=\"font-weight: 400;\">Uma <a href=\"https:\/\/meumundopersonalizado.com.br\/produto\/cesta-bebe-empresas-com-ursinho\/\">Cesta Beb\u00ea personalizada<\/a> para empresas! Olha este modelo que conta com Ursinho, al\u00e9m de itens como fraldas, body beb\u00ea personalizado com logo\/arte, al\u00e9m de um babador bandana personalizado e muito mais!\u00a0<\/span><\/p>\n<p><img loading=\"lazy\" decoding=\"async\" class=\"\" src=\"https:\/\/i3.wp.com\/meumundopersonalizado.com.br\/wp-content\/uploads\/2020\/09\/MOVIDESK-1000X1000-1000x1000.jpg\" alt=\"KIT BEB\u00ca EMPRESAS\" width=\"402\" height=\"402\" \/><\/p>\n<h3><span style=\"font-weight: 400;\">21. Bichos de Pel\u00facia Safari com Logo<br \/>\n<\/span><\/h3>\n<p><span style=\"font-weight: 400;\">A coisa mais linda \u00e9 essa <a href=\"https:\/\/meumundopersonalizado.com.br\/produto\/presente-corporativo-onca-de-pelucia-de-bandana-c-logo\/\">oncinha de pel\u00facia<\/a>, que pode ter a bandana personalizada com a logo do seu neg\u00f3cio!<br \/>\n<\/span><\/p>\n<p><img loading=\"lazy\" decoding=\"async\" class=\"\" src=\"https:\/\/i0.wp.com\/meumundopersonalizado.com.br\/wp-content\/uploads\/2021\/03\/on%C3%A7a-1000x1000-1000x1000.png\" alt=\"on\u00e7a de pel\u00facia personalizada com logo\" width=\"400\" height=\"400\" \/><\/p>\n<p>&nbsp;<\/p>\n<p>&nbsp;<\/p>\n<h2><b>Presentes Criativos para Rec\u00e9m-Nascidos<\/b><\/h2>\n<p>&nbsp;<\/p>\n<h3><span style=\"font-weight: 400;\">22. Romper est\u00e1 super em alta!<\/span><\/h3>\n<p><span style=\"font-weight: 400;\">Essa roupinha \u00e9 o cl\u00e1ssico macac\u00e3o, mas agora est\u00e1 mais charmosa!<\/span><\/p>\n<p><span style=\"font-weight: 400;\">Confere esse modelo muito legal neste <a href=\"https:\/\/redir.lomadee.com\/v2\/161fb687ada\">link! <\/a><\/span><\/p>\n<p><img loading=\"lazy\" decoding=\"async\" class=\"\" src=\"https:\/\/images-americanas.b2w.io\/produtos\/01\/00\/img\/2401385\/4\/2401385482_1GG.jpg\" width=\"401\" height=\"401\" \/><\/p>\n<h3><span style=\"font-weight: 400;\">23. Buqu\u00eas de Flores com mini enxoval\u00a0<\/span><\/h3>\n<p><span style=\"font-weight: 400;\">Super criativo<a href=\"https:\/\/meumundopersonalizado.com.br\/?s=buq&amp;post_type=product\"> este presente<\/a> para rec\u00e9m-nascido! Buqu\u00ea de roupinhas de beb\u00ea composto por pe\u00e7as pr\u00e1ticas! Olha no link!<\/span><\/p>\n<p><img loading=\"lazy\" decoding=\"async\" class=\"\" src=\"https:\/\/i0.wp.com\/meumundopersonalizado.com.br\/wp-content\/uploads\/2015\/10\/Bouquet-roupinha-bebe-branco-body-meinha-babador-babeiro-composicao1-1024x1024.jpg\" alt=\"Bouquet roupinha bebe branco body meinha babador babeiro \u2013 composicao\" width=\"399\" height=\"399\" \/><\/p>\n<h3><span style=\"font-weight: 400;\">24. \u00c1lbum de fotos <\/span><span style=\"font-weight: 400;\">para rec\u00e9m-nascidos!<\/span><\/h3>\n<p><span style=\"font-weight: 400;\">Um presente bacana para guardar todos os momentos especiais. D\u00e1 uma olhada <a href=\"https:\/\/redir.lomadee.com\/v2\/1610c7b6764\">nessa op\u00e7\u00e3o!<\/a><\/span><\/p>\n<p><img loading=\"lazy\" decoding=\"async\" class=\"\" src=\"https:\/\/images-americanas.b2w.io\/produtos\/01\/00\/img\/29528\/8\/29528868_1GG.jpg\" width=\"401\" height=\"401\" \/><\/p>\n<h3><span style=\"font-weight: 400;\">25. Pel\u00facia com Camiseta Personalizada<\/span><\/h3>\n<p><span style=\"font-weight: 400;\">Diversos ursinhos de pel\u00facia com camiseta personalizada! Veja <a href=\"https:\/\/meumundopersonalizado.com.br\/?s=camiseta&amp;post_type=product\">aqui!<\/a><\/span><\/p>\n<p><img loading=\"lazy\" decoding=\"async\" class=\"\" src=\"https:\/\/i1.wp.com\/meumundopersonalizado.com.br\/wp-content\/uploads\/2018\/06\/Urso-Pelucia-Camiseta-AZUL-personalizada-BRU-NOVO-1000x1000.jpg\" alt=\"Urso Pelucia Camiseta AZUL personalizada \u2013 BRU NOVO\" width=\"402\" height=\"402\" \/><\/p>\n<h3><span style=\"font-weight: 400;\">26. Body personalizado \u201cMelhor Mam\u00e3e do Mundo\u201d<\/span><\/h3>\n<p><span style=\"font-weight: 400;\">Uma ideia criativa de um<a href=\"https:\/\/meumundopersonalizado.com.br\/produto\/body-bebe-personalizado-melhor-mamae-do-mundo\/\"> body em algod\u00e3o<\/a> e que pode ser personalizado, presente ideal para o Dia das M\u00e3es ou para presentear a mam\u00e3e no nascimento do beb\u00ea!<\/span><\/p>\n<p><img loading=\"lazy\" decoding=\"async\" class=\"\" src=\"https:\/\/i3.wp.com\/meumundopersonalizado.com.br\/wp-content\/uploads\/2019\/04\/Body-Melhor-M%C3%A3e-do-Mundo-BEB%C3%8A-MOCKUP-vers%C3%A3o-2-1000x1000.jpg\" alt=\"Body \u2013 Melhor M\u00e3e do Mundo \u2013 BEB\u00ca \u2013 MOCKUP \u2013 vers\u00e3o 2\" width=\"401\" height=\"401\" \/><\/p>\n<p>&nbsp;<\/p>\n<h2><b>Presentes \u00fateis para Rec\u00e9m-Nascidos<\/b><\/h2>\n<p>&nbsp;<\/p>\n<h3><span style=\"font-weight: 400;\">27. Bomba de extra\u00e7\u00e3o de leite\u00a0\u00a0<\/span><\/h3>\n<p><span style=\"font-weight: 400;\">A bomba de extra\u00e7\u00e3o \u00e9 o tipo de presente que pode ajudar e muito o dia a dia da mam\u00e3e, auxiliando principalmente no momento de retorno ao trabalho! Confere <a href=\"https:\/\/redir.lomadee.com\/v2\/1610aafbb54\">esse modelo!<\/a><\/span><\/p>\n<p><img loading=\"lazy\" decoding=\"async\" class=\"\" src=\"https:\/\/images-americanas.b2w.io\/produtos\/01\/00\/img\/3073055\/3\/3073055344_1GG.jpg\" width=\"400\" height=\"400\" \/><\/p>\n<h3><span style=\"font-weight: 400;\">28. Kit Banho para rec\u00e9m-nascidos!\u00a0<\/span><\/h3>\n<p><span style=\"font-weight: 400;\">Kits com diversos itens de higiene do beb\u00ea ou ainda a op\u00e7\u00e3o da cesta com produtos para banho, acompanhada por uma toalha branca personalizada!\u00a0 <a href=\"https:\/\/meumundopersonalizado.com.br\/?s=kit+banho&amp;post_type=product\">Espia s\u00f3!<\/a><\/span><\/p>\n<p><img loading=\"lazy\" decoding=\"async\" class=\"\" src=\"https:\/\/i1.wp.com\/meumundopersonalizado.com.br\/wp-content\/uploads\/2016\/10\/KI14891.jpg\" alt=\"Kit de presente para beb\u00ea menino\" width=\"401\" height=\"401\" \/><\/p>\n<h3><span style=\"font-weight: 400;\">29. Extrator de leite el\u00e9trico\u00a0<\/span><\/h3>\n<p><span style=\"font-weight: 400;\">Um irm\u00e3o mais novo da bomba de extra\u00e7\u00e3o, \u00e9 super pr\u00e1tico! Confere <a href=\"https:\/\/redir.lomadee.com\/v2\/161935670e0\">aqui!<\/a><\/span><\/p>\n<p><img loading=\"lazy\" decoding=\"async\" class=\"\" src=\"https:\/\/images-americanas.b2w.io\/produtos\/01\/00\/img1\/51567\/8\/51567810_1GG.jpg\" width=\"402\" height=\"402\" \/><\/p>\n<h3><span style=\"font-weight: 400;\">30. Bolsa Maternidade<\/span><\/h3>\n<p><span style=\"font-weight: 400;\">A bolsa maternidade \u00e9 um acess\u00f3rio que pode acomodar todos aqueles itens necess\u00e1rios para um passeio com o beb\u00ea! Espia esse <a href=\"https:\/\/redir.lomadee.com\/v2\/16115a0787c\">modelo super bacana!<\/a><\/span><\/p>\n<p><img loading=\"lazy\" decoding=\"async\" class=\"\" src=\"https:\/\/images-americanas.b2w.io\/produtos\/01\/00\/img\/1682029\/4\/1682029441_1GG.jpg\" width=\"401\" height=\"401\" \/><\/p>\n<p>&nbsp;<\/p>\n<h2><b>Presentes Cl\u00e1ssicos para Rec\u00e9m-Nascidos<\/b><\/h2>\n<p>&nbsp;<\/p>\n<h3><span style=\"font-weight: 400;\">31. Conjunto sa\u00edda de maternidade\u00a0<\/span><span style=\"font-weight: 400;\">para rec\u00e9m-nascidos!<\/span><\/h3>\n<p><span style=\"font-weight: 400;\">Ent\u00e3o agora, um item bem legal para o primeiro clique do beb\u00ea! Quem sabe a primeira foto pode ser com o seu presente? Olha que show <a href=\"https:\/\/www.trousseau.com.br\/petit\/roupas\/saida-maternidade?gclid=CjwKCAjwxuuCBhATEiwAIIIz0Tn4XHAtS6UV9xx7S5gIZgu8QU6Np0CpEzD8kwmr4PPr3i8CKxYKnhoCsf0QAvD_BwE#1\">esses modelitos!<\/a><\/span><\/p>\n<p><img loading=\"lazy\" decoding=\"async\" class=\"\" src=\"https:\/\/lojatrousseau.vteximg.com.br\/arquivos\/ids\/244331-918-918\/0565020969_400_1-CONJUNTO-TRICOT-SAM.jpg?v=637547886956870000\" width=\"403\" height=\"403\" \/><\/p>\n<p>&nbsp;<\/p>\n<h3><span style=\"font-weight: 400;\">32. Cueiros<\/span><\/h3>\n<p><span style=\"font-weight: 400;\">Item considerado super cl\u00e1ssico, \u00e9 aquele que que est\u00e1 entre uma fraldinha e uma manta! Veja<a href=\"https:\/\/redir.lomadee.com\/v2\/1618b7f30a3\"> aqui!<\/a><\/span><\/p>\n<p><img loading=\"lazy\" decoding=\"async\" class=\"\" src=\"https:\/\/images-americanas.b2w.io\/produtos\/01\/00\/img\/2903647\/8\/2903647833_1GG.jpg\" width=\"406\" height=\"406\" \/><\/p>\n<h3><span style=\"font-weight: 400;\">33. Di\u00e1rio do Beb\u00ea<\/span><\/h3>\n<p><span style=\"font-weight: 400;\">Para acompanhar o dia a dia do rec\u00e9m-nascido, registrando informa\u00e7\u00f5es e fotos! Olha no<a href=\"https:\/\/redir.lomadee.com\/v2\/16177024532\"> link!<\/a><\/span><\/p>\n<p><img loading=\"lazy\" decoding=\"async\" class=\"\" src=\"https:\/\/images-americanas.b2w.io\/produtos\/01\/00\/img\/1754748\/7\/1754748728_1GG.jpg\" width=\"399\" height=\"399\" \/><\/p>\n<p>&nbsp;<\/p>\n<h2><b>Presentes decorativos para Rec\u00e9m-Nascidos<\/b><\/h2>\n<p>&nbsp;<\/p>\n<h3><span style=\"font-weight: 400;\">34. Kit com Quadros para Quarto de Beb\u00ea\u00a0<\/span><\/h3>\n<p><span style=\"font-weight: 400;\">Oolha que bacana <\/span><span style=\"font-weight: 400;\">esse\u00a0 <a href=\"https:\/\/meumundopersonalizado.com.br\/produto\/kit-5-quadros-para-quarto-de-bebe-lhama-meninas\/\">kit com 5 quadros<\/a> para enfeitar o quarto da Beb\u00ea!<\/span><\/p>\n<p><img loading=\"lazy\" decoding=\"async\" class=\"\" src=\"https:\/\/i0.wp.com\/meumundopersonalizado.com.br\/wp-content\/uploads\/2021\/03\/mockup-5-quadros-rosa-V2-1000x1000.jpg\" alt=\"Kit 5 quadros Lhama decora\u00e7\u00e3o bebe rosa\" width=\"400\" height=\"400\" \/><\/p>\n<h3><span style=\"font-weight: 400;\">35. Pel\u00facias fofas<\/span><\/h3>\n<p><span style=\"font-weight: 400;\">As pel\u00facias s\u00e3o \u00f3timas op\u00e7\u00f5es para al\u00e9m de trazer um \u201camiguinho\u201d para o beb\u00ea, tamb\u00e9m decorar o quartinho deles! Confere os <a href=\"https:\/\/meumundopersonalizado.com.br\/?s=pelucias&amp;post_type=product,\">modelos aqui!<\/a><\/span><\/p>\n<p><img loading=\"lazy\" decoding=\"async\" class=\"\" src=\"https:\/\/i1.wp.com\/meumundopersonalizado.com.br\/wp-content\/uploads\/2018\/06\/Urso-Pelucia-Camiseta-azul-e-rosa-com-nome-BRU-1000x1000.png\" alt=\"Urso Pelucia Camiseta azul e rosa \u2013 com nome \u2013 BRU\" width=\"406\" height=\"406\" \/><\/p>\n<h3><span style=\"font-weight: 400;\">36. Um Trio de Pel\u00facia<\/span><\/h3>\n<p><span style=\"font-weight: 400;\">E esse trio vai alegrar e divertir o ambiente do rec\u00e9m-nascido! Olha que legal essas<a href=\"https:\/\/meumundopersonalizado.com.br\/produto\/bichinhos-pelucia-safari-leao-onca-e-zebra\/\"> 3 pel\u00facias da cole\u00e7\u00e3o Safari!<\/a><\/span><\/p>\n<p><img loading=\"lazy\" decoding=\"async\" class=\"\" src=\"https:\/\/i2.wp.com\/meumundopersonalizado.com.br\/wp-content\/uploads\/2021\/02\/Trio-Safari-le%C3%A3o-zebra-on%C3%A7a-BRU-1000x1000.jpg\" alt=\"Trio Safari \u2013 le\u00e3o-zebra-on\u00e7a BRU\" width=\"403\" height=\"403\" \/><\/p>\n<h3><span style=\"font-weight: 400;\">37. Quadros Nascimento<\/span><\/h3>\n<p><span style=\"font-weight: 400;\">Muito legal essa ideia de eternizar as informa\u00e7\u00f5es do nascimento do beb\u00ea com quadros com fotos e dados do nascimento!\u00a0 Espia <a href=\"https:\/\/meumundopersonalizado.com.br\/produto\/quadro-nascimento-com-4-fotos-45-x-32-cm-meninas\/\">aqui!<\/a><\/span><\/p>\n<p><img loading=\"lazy\" decoding=\"async\" class=\"\" src=\"https:\/\/i2.wp.com\/meumundopersonalizado.com.br\/wp-content\/uploads\/2019\/08\/00-menina-A3-1024x1024.jpg\" alt=\"Quadro de Nasciemento 4 fotos meninas\" width=\"400\" height=\"400\" \/><\/p>\n<h3><span style=\"font-weight: 400;\">38. M\u00f3biles <\/span><span style=\"font-weight: 400;\">para rec\u00e9m-nascidos!<\/span><\/h3>\n<p><span style=\"font-weight: 400;\">Os m\u00f3biles al\u00e9m de enfeitar, contribuem para o desenvolvimento dos rec\u00e9m-nascidos! D\u00e1 uma olhada <a href=\"https:\/\/redir.lomadee.com\/v2\/1614abedb1e\">nessa op\u00e7\u00e3o!<\/a><\/span><\/p>\n<p><img loading=\"lazy\" decoding=\"async\" class=\"\" src=\"https:\/\/images-americanas.b2w.io\/produtos\/01\/00\/img\/3130967\/6\/3130967623_1GG.jpg\" width=\"401\" height=\"401\" \/><\/p>\n<p>&nbsp;<\/p>\n<h3><span style=\"font-weight: 400;\">39. Urso Gigante<\/span><\/h3>\n<p><span style=\"font-weight: 400;\">Este n\u00e3o \u00e9 apenas um presente, \u00e9 um<a href=\"https:\/\/meumundopersonalizado.com.br\/produto\/urso-de-pelucia-gigante-120m-em-pe\/\"> suuuuuuper presente<\/a> de 1,20 para deixar o quarto mais fofo ainda!<\/span><\/p>\n<p><img loading=\"lazy\" decoding=\"async\" class=\"\" src=\"https:\/\/i2.wp.com\/meumundopersonalizado.com.br\/wp-content\/uploads\/2020\/05\/Urso-de-pel%C3%BAcia-Gigante-BRU-George-fundo-tablado-1000x1000.jpg\" alt=\"Urso de pel\u00facia Gigante \u2013 BRU George \u2013 fundo tablado\" width=\"398\" height=\"398\" \/><\/p>\n<h2><\/h2>\n<h2><b>Presentes para rec\u00e9m-nascidos<a href=\"https:\/\/meumundopersonalizado.com.br\/categoria-produto\/neutros\/\"> Neutros<\/a><\/b><b>\u00a0<\/b><\/h2>\n<h3><\/h3>\n<h3><span style=\"font-weight: 400;\">40. Naninha!<\/span><\/h3>\n<p><span style=\"font-weight: 400;\">Uma<a href=\"https:\/\/meumundopersonalizado.com.br\/produto\/naninha-atoalhada-do-ursinho-beige\/\"> naninha atoalhada<\/a> com um ursinho, \u00f3tima ideia de presente para rec\u00e9m-nascidos! Ainda vem com um prendedor de chupeta!<\/span><\/p>\n<p><img loading=\"lazy\" decoding=\"async\" class=\"\" src=\"https:\/\/i0.wp.com\/meumundopersonalizado.com.br\/wp-content\/uploads\/2016\/06\/Naninha-Atoalhada-para-Bebe-Beige-com-personalizacao-1024x1024.jpg\" alt=\"Naninha Atoalhada para Bebe Beige \u2013 com personalizacao\" width=\"403\" height=\"403\" \/><\/p>\n<h3><span style=\"font-weight: 400;\">41. Um Kit Beb\u00ea de Ursinho <\/span><span style=\"font-weight: 400;\">para rec\u00e9m-nascidos!<\/span><\/h3>\n<p><span style=\"font-weight: 400;\">Tamb\u00e9m tem esse <a href=\"https:\/\/meumundopersonalizado.com.br\/produto\/kit-bebe-dupla-face-ursinho-neutro\/\">Kit Beb\u00ea<\/a>, que vem com manta, naninha, pantufa e luvinhas! Ele \u00e9 perfeito para presentear rec\u00e9m-nascidos, pois \u00e9 composto por itens b\u00e1sicos e super \u00fateis do enxoval!<\/span><\/p>\n<p><img loading=\"lazy\" decoding=\"async\" class=\"\" src=\"https:\/\/i1.wp.com\/meumundopersonalizado.com.br\/wp-content\/uploads\/2021\/03\/Kit-bebe-recem-nascido-listrado-ursinho-com-pantufa-luva-manta-e-naninha-azul-Bege-1000x1000.jpg\" alt=\"Kit bebe recem-nascido listrado ursinho com pantufa, luva, manta e naninha azul Bege\" width=\"399\" height=\"399\" \/><\/p>\n<h3><span style=\"font-weight: 400;\">42. Len\u00e7o e babador bandana para os papais e beb\u00eas<\/span><\/h3>\n<p><span style=\"font-weight: 400;\">Al\u00e9m de um charme e em alta, as mam\u00e3es e os papais podem desfilar por a\u00ed usando seus<a href=\"https:\/\/redir.lomadee.com\/v2\/16157ea9080\"> len\u00e7os<\/a> iguais aos do rec\u00e9m-nascido e de diversas formas!\u00a0<\/span><\/p>\n<p><img loading=\"lazy\" decoding=\"async\" class=\"\" src=\"https:\/\/images-americanas.b2w.io\/produtos\/3010390399\/imagens\/lenco-de-veludo-com-toalha-triangular-para-bebe-babador-para-bebe\/3010390461_2_large.jpg\" width=\"401\" height=\"401\" \/><\/p>\n<h3><span style=\"font-weight: 400;\">43. Fraldinhas de Boca<\/span><\/h3>\n<p><span style=\"font-weight: 400;\">Bem \u00fateis, al\u00e9m de um acess\u00f3rio importante \u00e9 a <a href=\"https:\/\/redir.lomadee.com\/v2\/16183dda9f5\">fralda de boca<\/a>, auxiliando na higiene e limpeza da boca do beb\u00ea quando ele mama, come ou baba.<\/span><\/p>\n<p><img loading=\"lazy\" decoding=\"async\" class=\"\" src=\"https:\/\/images-americanas.b2w.io\/produtos\/01\/00\/img\/3085623\/5\/3085623521_1GG.jpg\" width=\"411\" height=\"411\" \/><\/p>\n<h3><span style=\"font-weight: 400;\">44. Le\u00e3o de Pel\u00facia com Bandana Personalizada<\/span><\/h3>\n<p><span style=\"font-weight: 400;\">Le\u00e3o lindo de pel\u00facia e com bandana personalizada com o nome desejado!\u00a0<\/span><\/p>\n<p><span style=\"font-weight: 400;\">Espia no<a href=\"https:\/\/meumundopersonalizado.com.br\/produto\/leao-de-pelucia-com-bandana-personalizada-unissex\/\"> link!<\/a><\/span><\/p>\n<p><img loading=\"lazy\" decoding=\"async\" class=\"\" src=\"https:\/\/i2.wp.com\/meumundopersonalizado.com.br\/wp-content\/uploads\/2021\/03\/le%C3%A3o-pel%C3%BAcia-BRU-com-bandana-personalizada-meninos-1000x1000.jpg\" alt=\"le\u00e3o pel\u00facia BRU com bandana personalizada \u2013 meninos\" width=\"401\" height=\"401\" \/><\/p>\n<h3><span style=\"font-weight: 400;\">45. Cesta Presente Beb\u00ea c\/ Toalha Felpuda <\/span><span style=\"font-weight: 400;\">para rec\u00e9m-nascidos!<\/span><\/h3>\n<p><span style=\"font-weight: 400;\">E a <a href=\"https:\/\/meumundopersonalizado.com.br\/produto\/cesta-presente-bebe-meninos-c-toalha-felpuda-unissex\/\">Cesta Presente Beb\u00ea<\/a> que vem acompanhada de uma toalha felpuda que pode ser personalizada com o nome do beb\u00ea? Esse certamente \u00e9 um presente completo e luxuoso.<\/span><\/p>\n<p><img loading=\"lazy\" decoding=\"async\" class=\"\" src=\"https:\/\/i3.wp.com\/meumundopersonalizado.com.br\/wp-content\/uploads\/2018\/08\/Cesta-Kit-beb%C3%AA-branca-logo-mmp-1000x1000.jpg\" alt=\"Cesta Kit beb\u00ea branca \u2013 logo mmp\" width=\"402\" height=\"402\" \/><\/p>\n<p>&nbsp;<\/p>\n<h2><b>5 DICAS B\u00d4NUS!<\/b><\/h2>\n<p>&nbsp;<\/p>\n<h3>46. Bola de Natal Personalizada<\/h3>\n<p>Sabendo que o Natal dos nossos beb\u00eas \u00e9 especial, confere <a href=\"https:\/\/meumundopersonalizado.com.br\/produto\/bola-personalizada-meu-primeiro-natal\/\">aqui<\/a> a bola personalizada com o nome do(a) beb\u00ea para voc\u00ea pendurar na sua \u00e1rvore de natal!<\/p>\n<p><img loading=\"lazy\" decoding=\"async\" class=\"\" src=\"https:\/\/i0.wp.com\/meumundopersonalizado.com.br\/wp-content\/uploads\/2015\/12\/Bola-Meu-Primeiro-Natal-personalizada-na-arvore-luzes-desfocadas-1024x1024.jpg\" alt=\"Bola Meu Primeiro Natal personalizada na arvore luzes desfocadas\" width=\"401\" height=\"401\" \/><\/p>\n<h3>47. <span style=\"font-weight: 400;\">Fraldas ecol\u00f3gicas<\/span><\/h3>\n<p><span style=\"font-weight: 400;\">A principal vantagem das fraldas ecol\u00f3gicas como op\u00e7\u00e3o de presente para beb\u00ea \u00e9 que elas n\u00e3o prejudicam tanto o meio-ambiente, pois economizam recursos e possuem menos qu\u00edmica que as descart\u00e1veis. Veja essa <a href=\"https:\/\/redir.lomadee.com\/v2\/1613c1630c8\">op\u00e7\u00e3o aqui!<\/a><\/span><\/p>\n<p><img loading=\"lazy\" decoding=\"async\" class=\"\" src=\"https:\/\/images-americanas.b2w.io\/produtos\/01\/00\/img\/2654025\/0\/2654025012_1GG.jpg\" width=\"402\" height=\"402\" \/><\/p>\n<h3>48. Mamadeiras<\/h3>\n<p>Mais um item essencial para todo beb\u00ea, al\u00e9m de um presente \u00fatil para auxiliar as mam\u00e3es e papais na hora da alimenta\u00e7\u00e3o! Voc\u00ea sabia que atualmente existem diversos estilos, que se adaptam inclusive \u00e0 idade do beb\u00ea? Confere <a href=\"https:\/\/redir.lomadee.com\/v2\/161eaff2cf9\">aqui!<\/a><\/p>\n<p><img loading=\"lazy\" decoding=\"async\" class=\"\" src=\"https:\/\/lojamarisol.vteximg.com.br\/arquivos\/ids\/314168-1000-1000\/image-73f270c1ed7b45bf9445ffe13949aa91.jpg?v=637425345202570000\" alt=\"null\" width=\"401\" height=\"401\" \/><\/p>\n<h3><span style=\"font-weight: 400;\">49. Trocador de fraldas para rec\u00e9m-nascidos!<\/span><\/h3>\n<p><span style=\"font-weight: 400;\">Super \u00fateis e higi\u00eanicos, \u00f3tima op\u00e7\u00e3o de presente para rec\u00e9m-nascidos! Olha esta <a href=\"https:\/\/redir.lomadee.com\/v2\/1615cf67b3c\">aqui!<\/a><\/span><\/p>\n<p><img loading=\"lazy\" decoding=\"async\" class=\"\" src=\"https:\/\/images-americanas.b2w.io\/produtos\/01\/00\/img\/1708196\/8\/1708196820_1GG.jpg\" width=\"402\" height=\"402\" \/><\/p>\n<h3>50. <span style=\"font-weight: 400;\">Porta-Retratos<\/span><\/h3>\n<p><span style=\"font-weight: 400;\">E gente!!! Mais um modelo muito fofo, com 4 fotos! Espia <a href=\"https:\/\/redir.lomadee.com\/v2\/161d17af051\">aqui!<\/a><\/span><\/p>\n<p><img loading=\"lazy\" decoding=\"async\" class=\"\" src=\"https:\/\/images-americanas.b2w.io\/produtos\/01\/00\/img\/3234494\/8\/3234494816_1GG.jpg\" width=\"400\" height=\"400\" \/><\/p>\n<h4><span style=\"font-weight: 400;\">Oferecemos tamb\u00e9m curadoria e desenvolvemos produtos personalizados para voc\u00ea e seu neg\u00f3cio, buscando fortalecer relacionamentos, seja entre amigos e familiares, ou ainda com os seus colaboradores e parceiros!\u00a0<\/span><span style=\"font-weight: 400;\">Entre em contato com a gente! <\/span><span style=\"font-weight: 400;\">&gt; e- mail: <\/span><a href=\"mailto:contato@meumundopersonalizado.com.br\"><span style=\"font-weight: 400;\">contato@meumundopersonalizado.com.br<\/span><\/a><\/h4>\n<p>&nbsp;<\/p>\n<ul>\n<li>\n<h6><span style=\"font-size: 8pt;\"><em><span style=\"font-weight: 400;\">Somos afiliados Lomadee e alguns links deste post s\u00e3o de outros afiliados, onde temos participa\u00e7\u00e3o nas vendas efetuadas de produtos por meio deste links.\u00a0 <\/span><span style=\"font-weight: 400;\">Afiliados:\u00a0 S\u00e3o todas as pessoas f\u00edsicas ou jur\u00eddicas, associadas a plataforma, que produzam conte\u00fado na internet ou que divulguem ofertas\/produtos de\u00a0<a class=\"e-link-text\" href=\"https:\/\/www.lomadee.com\/pt_br\/anunciantes\/\">anunciantes da Lomadee<\/a>\u00a0em troca de comiss\u00e3o.<\/span><\/em><\/span><\/h6>\n<\/li>\n<\/ul>\n<p>&nbsp;<\/p>\n","protected":false},"excerpt":{"rendered":"<p>Neste artigo, iremos passar a voc\u00ea 50 Presentes para Rec\u00e9m-Nascidos super legais, para marcar esse momento t\u00e3o especial, a hora de conhecer o beb\u00ea! Afinal, para presentear beb\u00eas rec\u00e9m-nascidos, os amigos mais chegados e tamb\u00e9m os familiares muitas vezes passam por um certo dilema para fazer a primeira visita, mas principalmente, para acertar no presente!\u00a0&#8230;<\/p>\n","protected":false},"author":8,"featured_media":1098,"comment_status":"open","ping_status":"open","sticky":false,"template":"","format":"standard","meta":{"footnotes":""},"categories":[1,35],"tags":[31,38,37,33,32],"class_list":["post-1077","post","type-post","status-publish","format-standard","has-post-thumbnail","hentry","category-novidades","category-produtos","tag-kit-bebe","tag-kit-presente","tag-presente-personalizado","tag-recursos-humanos","tag-rh","main-post"],"yoast_head":"<!-- This site is optimized with the Yoast SEO plugin v14.1 - https:\/\/yoast.com\/wordpress\/plugins\/seo\/ -->\n<title>50 Presentes para Rec\u00e9m-Nascidos! - Blog Meu Mundo Personalizado<\/title>\n<meta name=\"description\" content=\"Presentes para Rec\u00e9m-Nascidos. Neste artigo, iremos passar a voc\u00ea 50 presentes para rec\u00e9m-nascidos super legais, voc\u00ea vai adorar!\" \/>\n<meta name=\"robots\" content=\"index, follow\" \/>\n<meta name=\"googlebot\" content=\"index, follow, max-snippet:-1, max-image-preview:large, max-video-preview:-1\" \/>\n<meta name=\"bingbot\" content=\"index, follow, max-snippet:-1, max-image-preview:large, max-video-preview:-1\" \/>\n<link rel=\"canonical\" href=\"https:\/\/meumundopersonalizado.com.br\/blog\/50-presentes-para-recem-nascidos\/\" \/>\n<meta property=\"og:locale\" content=\"pt_BR\" \/>\n<meta property=\"og:type\" content=\"article\" \/>\n<meta property=\"og:title\" content=\"50 Presentes para Rec\u00e9m-Nascidos! - Blog Meu Mundo Personalizado\" \/>\n<meta property=\"og:description\" content=\"Presentes para Rec\u00e9m-Nascidos. Neste artigo, iremos passar a voc\u00ea 50 presentes para rec\u00e9m-nascidos super legais, voc\u00ea vai adorar!\" \/>\n<meta property=\"og:url\" content=\"https:\/\/meumundopersonalizado.com.br\/blog\/50-presentes-para-recem-nascidos\/\" \/>\n<meta property=\"og:site_name\" content=\"Blog Meu Mundo Personalizado\" \/>\n<meta property=\"article:published_time\" content=\"2021-06-10T15:18:27+00:00\" \/>\n<meta property=\"article:modified_time\" content=\"2021-07-16T20:40:24+00:00\" \/>\n<meta property=\"og:image\" content=\"https:\/\/meumundopersonalizado.com.br\/blog\/wp-content\/uploads\/2021\/06\/Cesta-Maternidade-Naninha-Elefantinho-rosa-1000x1000-1.png\" \/>\n\t<meta property=\"og:image:width\" content=\"1000\" \/>\n\t<meta property=\"og:image:height\" content=\"1000\" \/>\n<meta name=\"twitter:card\" content=\"summary\" \/>\n<script type=\"application\/ld+json\" class=\"yoast-schema-graph\">{\"@context\":\"https:\/\/schema.org\",\"@graph\":[{\"@type\":\"Organization\",\"@id\":\"https:\/\/meumundopersonalizado.com.br\/blog\/#organization\",\"name\":\"Meu Mundo Personalizado\",\"url\":\"https:\/\/meumundopersonalizado.com.br\/blog\/\",\"sameAs\":[],\"logo\":{\"@type\":\"ImageObject\",\"@id\":\"https:\/\/meumundopersonalizado.com.br\/blog\/#logo\",\"inLanguage\":\"pt-BR\",\"url\":\"https:\/\/meumundopersonalizado.com.br\/blog\/wp-content\/uploads\/2016\/06\/Logo-transparent-background.png\",\"width\":600,\"height\":600,\"caption\":\"Meu Mundo Personalizado\"},\"image\":{\"@id\":\"https:\/\/meumundopersonalizado.com.br\/blog\/#logo\"}},{\"@type\":\"WebSite\",\"@id\":\"https:\/\/meumundopersonalizado.com.br\/blog\/#website\",\"url\":\"https:\/\/meumundopersonalizado.com.br\/blog\/\",\"name\":\"Blog Meu Mundo Personalizado\",\"description\":\"Ideias e Novidades\",\"publisher\":{\"@id\":\"https:\/\/meumundopersonalizado.com.br\/blog\/#organization\"},\"potentialAction\":[{\"@type\":\"SearchAction\",\"target\":\"https:\/\/meumundopersonalizado.com.br\/blog\/?s={search_term_string}\",\"query-input\":\"required name=search_term_string\"}],\"inLanguage\":\"pt-BR\"},{\"@type\":\"ImageObject\",\"@id\":\"https:\/\/meumundopersonalizado.com.br\/blog\/50-presentes-para-recem-nascidos\/#primaryimage\",\"inLanguage\":\"pt-BR\",\"url\":\"https:\/\/meumundopersonalizado.com.br\/blog\/wp-content\/uploads\/2021\/06\/Cesta-Maternidade-Naninha-Elefantinho-rosa-1000x1000-1.png\",\"width\":1000,\"height\":1000},{\"@type\":\"WebPage\",\"@id\":\"https:\/\/meumundopersonalizado.com.br\/blog\/50-presentes-para-recem-nascidos\/#webpage\",\"url\":\"https:\/\/meumundopersonalizado.com.br\/blog\/50-presentes-para-recem-nascidos\/\",\"name\":\"50 Presentes para Rec\\u00e9m-Nascidos! - Blog Meu Mundo Personalizado\",\"isPartOf\":{\"@id\":\"https:\/\/meumundopersonalizado.com.br\/blog\/#website\"},\"primaryImageOfPage\":{\"@id\":\"https:\/\/meumundopersonalizado.com.br\/blog\/50-presentes-para-recem-nascidos\/#primaryimage\"},\"datePublished\":\"2021-06-10T15:18:27+00:00\",\"dateModified\":\"2021-07-16T20:40:24+00:00\",\"description\":\"Presentes para Rec\\u00e9m-Nascidos. Neste artigo, iremos passar a voc\\u00ea 50 presentes para rec\\u00e9m-nascidos super legais, voc\\u00ea vai adorar!\",\"inLanguage\":\"pt-BR\",\"potentialAction\":[{\"@type\":\"ReadAction\",\"target\":[\"https:\/\/meumundopersonalizado.com.br\/blog\/50-presentes-para-recem-nascidos\/\"]}]},{\"@type\":\"Article\",\"@id\":\"https:\/\/meumundopersonalizado.com.br\/blog\/50-presentes-para-recem-nascidos\/#article\",\"isPartOf\":{\"@id\":\"https:\/\/meumundopersonalizado.com.br\/blog\/50-presentes-para-recem-nascidos\/#webpage\"},\"author\":{\"@id\":\"https:\/\/meumundopersonalizado.com.br\/blog\/#\/schema\/person\/a4b9fb62ff169939ab37204f837678fb\"},\"headline\":\"50 Presentes para Rec\\u00e9m-Nascidos!\",\"datePublished\":\"2021-06-10T15:18:27+00:00\",\"dateModified\":\"2021-07-16T20:40:24+00:00\",\"commentCount\":0,\"mainEntityOfPage\":{\"@id\":\"https:\/\/meumundopersonalizado.com.br\/blog\/50-presentes-para-recem-nascidos\/#webpage\"},\"publisher\":{\"@id\":\"https:\/\/meumundopersonalizado.com.br\/blog\/#organization\"},\"image\":{\"@id\":\"https:\/\/meumundopersonalizado.com.br\/blog\/50-presentes-para-recem-nascidos\/#primaryimage\"},\"keywords\":\"kit beb\\u00ea,kit presente,presente personalizado,recursos humanos,rh\",\"articleSection\":\"Novidades,Produtos\",\"inLanguage\":\"pt-BR\",\"potentialAction\":[{\"@type\":\"CommentAction\",\"name\":\"Comment\",\"target\":[\"https:\/\/meumundopersonalizado.com.br\/blog\/50-presentes-para-recem-nascidos\/#respond\"]}]},{\"@type\":[\"Person\"],\"@id\":\"https:\/\/meumundopersonalizado.com.br\/blog\/#\/schema\/person\/a4b9fb62ff169939ab37204f837678fb\",\"name\":\"Meu Mundo Personalizado\",\"image\":{\"@type\":\"ImageObject\",\"@id\":\"https:\/\/meumundopersonalizado.com.br\/blog\/#personlogo\",\"inLanguage\":\"pt-BR\",\"url\":\"https:\/\/secure.gravatar.com\/avatar\/f8a7230fe1a7085ce436609e79559303?s=96&d=mm&r=g\",\"caption\":\"Meu Mundo Personalizado\"}}]}<\/script>\n<!-- \/ Yoast SEO plugin. -->","_links":{"self":[{"href":"https:\/\/meumundopersonalizado.com.br\/blog\/wp-json\/wp\/v2\/posts\/1077"}],"collection":[{"href":"https:\/\/meumundopersonalizado.com.br\/blog\/wp-json\/wp\/v2\/posts"}],"about":[{"href":"https:\/\/meumundopersonalizado.com.br\/blog\/wp-json\/wp\/v2\/types\/post"}],"author":[{"embeddable":true,"href":"https:\/\/meumundopersonalizado.com.br\/blog\/wp-json\/wp\/v2\/users\/8"}],"replies":[{"embeddable":true,"href":"https:\/\/meumundopersonalizado.com.br\/blog\/wp-json\/wp\/v2\/comments?post=1077"}],"version-history":[{"count":20,"href":"https:\/\/meumundopersonalizado.com.br\/blog\/wp-json\/wp\/v2\/posts\/1077\/revisions"}],"predecessor-version":[{"id":1149,"href":"https:\/\/meumundopersonalizado.com.br\/blog\/wp-json\/wp\/v2\/posts\/1077\/revisions\/1149"}],"wp:featuredmedia":[{"embeddable":true,"href":"https:\/\/meumundopersonalizado.com.br\/blog\/wp-json\/wp\/v2\/media\/1098"}],"wp:attachment":[{"href":"https:\/\/meumundopersonalizado.com.br\/blog\/wp-json\/wp\/v2\/media?parent=1077"}],"wp:term":[{"taxonomy":"category","embeddable":true,"href":"https:\/\/meumundopersonalizado.com.br\/blog\/wp-json\/wp\/v2\/categories?post=1077"},{"taxonomy":"post_tag","embeddable":true,"href":"https:\/\/meumundopersonalizado.com.br\/blog\/wp-json\/wp\/v2\/tags?post=1077"}],"curies":[{"name":"wp","href":"https:\/\/api.w.org\/{rel}","templated":true}]}}