{"id":119,"date":"2016-07-14T17:46:14","date_gmt":"2016-07-14T20:46:14","guid":{"rendered":"http:\/\/meumundopersonalizado.com.br\/blog\/?p=119"},"modified":"2017-03-03T10:53:41","modified_gmt":"2017-03-03T13:53:41","slug":"4-duvidas-respondidas-sobre-o-desenvolvimento-infantil","status":"publish","type":"post","link":"https:\/\/meumundopersonalizado.com.br\/blog\/4-duvidas-respondidas-sobre-o-desenvolvimento-infantil\/","title":{"rendered":"4 d\u00favidas respondidas sobre o desenvolvimento infantil"},"content":{"rendered":"<p>Um relevante documento publicado pela Unicef denominado<a href=\"http:\/\/www.unicef.org\/brazil\/pt\/SIB1.pdf\"><u> Situa\u00e7\u00e3o da Inf\u00e2ncia Brasileira<\/u><\/a> discute a import\u00e2ncia dos primeiros anos de vida da crian\u00e7a e ressalta que o desenvolvimento cognitivo e a aprendizagem come\u00e7am bem antes do ingresso na escola.<\/p>\n<p>Desde antes do nascimento e at\u00e9 os sete primeiros anos de vida, 90% das c\u00e9lulas cerebrais ser\u00e3o formadas, sendo que um n\u00famero infinito de sinapses \u2014 as conex\u00f5es entre neur\u00f4nios \u2014 j\u00e1 entram em a\u00e7\u00e3o logo ap\u00f3s o parto.<\/p>\n<p>Dados assim demonstram a import\u00e2ncia da atua\u00e7\u00e3o conjunta da fam\u00edlia e da sociedade desde os prim\u00f3rdios da vida, para que a crian\u00e7a se desenvolva f\u00edsica e emocionalmente saud\u00e1vel.<\/p>\n<p><!--more--><\/p>\n<h2>Como promover o desenvolvimento infantil?<\/h2>\n<p>Para que o desenvolvimento f\u00edsico, emocional, social e cognitivo da crian\u00e7a aconte\u00e7a dentro do esperado, \u00e9 importante proporcionar a ela um ambiente de harmonia e afeto, com est\u00edmulos na medida certa. Al\u00e9m disso, ela deve ser exposta a novas e desafiantes experi\u00eancias desde beb\u00ea.<\/p>\n<p>A participa\u00e7\u00e3o da fam\u00edlia e dos educadores \u00e9 fundamental, bem como as pol\u00edticas p\u00fablicas e os servi\u00e7os de apoio e garantia de direitos de m\u00e3es e filhos. Assim, garantir o bom desenvolvimento infantil \u00e9 tarefa de toda a sociedade, e n\u00e3o s\u00f3 da fam\u00edlia.<\/p>\n<h2>Como o pai pode atuar no desenvolvimento da crian\u00e7a?<\/h2>\n<p>O j\u00e1 mencionado <a href=\"http:\/\/www.unicef.org\/brazil\/pt\/SIB1.pdf\"><u>relat\u00f3rio da Unicef<\/u><\/a> salienta, na p\u00e1gina 10, que a presen\u00e7a do pai deve ser estimulada desde o pr\u00e9-natal. Mesmo que pai e m\u00e3e n\u00e3o vivam juntos ou que o pai n\u00e3o seja o biol\u00f3gico, a participa\u00e7\u00e3o masculina nos cuidados da crian\u00e7a \u00e9 ben\u00e9fica e bem-vinda. As \u00fanicas tarefas maternas exclusivas s\u00e3o a gesta\u00e7\u00e3o e a amamenta\u00e7\u00e3o: todas as outras podem e devem ser compartilhadas por m\u00e3e e pai.<\/p>\n<p>Outra atua\u00e7\u00e3o paterna importante \u00e9 se interpor entre m\u00e3e e filho, para que a crian\u00e7a perceba que a m\u00e3e n\u00e3o pertence s\u00f3 a ela, propiciando a resolu\u00e7\u00e3o do complexo de \u00c9dipo. A interposi\u00e7\u00e3o do pai ajuda a crian\u00e7a a romper a rela\u00e7\u00e3o simbi\u00f3tica com a m\u00e3e e caminhar para a socializa\u00e7\u00e3o e para a forma\u00e7\u00e3o de sua identidade pr\u00f3pria, segundo <a href=\"https:\/\/psicologado.com\/psicologia-geral\/desenvolvimento-humano\/o-contexto-familiar-e-o-desenvolvimento-infantil-consideracoes-sobre-o-complexo-de-edipo-a-aprendizagem-e-os-limites\"><u>a pedagoga C\u00edntia R. Bonalume.<\/u><\/a><\/p>\n<p>A figura masculina tamb\u00e9m atua diferentemente na hora das brincadeiras. Enquanto a mulher tende a ser protetora e a deixar que a crian\u00e7a lidere a brincadeira, o homem \u00e9 fisicamente mais ativo e liderante. Sendo mais direto, o pai estimula a independ\u00eancia e as brincadeiras mais ousadas. Assim, os est\u00edmulos vindos da m\u00e3e e do pai promovem o desenvolvimento cerebral diferenciado, ainda segundo o <a href=\"http:\/\/www.unicef.org\/brazil\/pt\/SIB1.pdf\"><u>relat\u00f3rio Unicef.<\/u><\/a>.<\/p>\n<h2>Qual \u00e9 o papel da escola no desenvolvimento infantil?<\/h2>\n<p>As crian\u00e7as, especialmente as mais novas, aprendem por meio de experi\u00eancias sensoriais. Portanto, a escola dos primeiros anos da inf\u00e2ncia precisa facilitar a explora\u00e7\u00e3o do ambiente e estimular novas descobertas. A atua\u00e7\u00e3o conjunta de pais, educadores, profissionais da creches, da pr\u00e9-escola e da sa\u00fade nessa tarefa prepara a crian\u00e7a para a transi\u00e7\u00e3o ao ensino fundamental.<\/p>\n<p>A escola, al\u00e9m da educa\u00e7\u00e3o formal, promove o crescimento intelectual e psicol\u00f3gico da crian\u00e7a. Al\u00e9m do aprendizado acad\u00eamico, propicia o desenvolvimento de habilidades para a vida, como trabalho em equipe, boas maneiras, compartilhamento, uni\u00e3o e responsabilidades. No ambiente da escola, a crian\u00e7a aprende a viver em comunidade e assimila as regras da boa conviv\u00eancia em sociedade.<\/p>\n<h2>Como os brinquedos e as brincadeiras influenciam no desenvolvimento das crian\u00e7as?<\/h2>\n<p>Por meio dos brinquedos e das brincadeiras, a crian\u00e7a desenvolve habilidades lingu\u00edsticas, coordena\u00e7\u00e3o motora, capacidade de aprendizado e racioc\u00ednio l\u00f3gico. Al\u00e9m disso, ao brincar com outras crian\u00e7as, ela aprende a socializar e a respeitar regras.<\/p>\n<p>Assim, o simples fato de comprar e oferecer um presente a uma crian\u00e7a implica em um ato de responsabilidade. Antes de escolher um brinquedo por simples modismo, analise seu eventual impacto no desenvolvimento da crian\u00e7a.<\/p>\n<p>Nem todo brinquedo \u00e9 inofensivo. Observar as recomenda\u00e7\u00f5es da embalagem sobre a seguran\u00e7a f\u00edsica da crian\u00e7a \u00e9 fundamental. Por\u00e9m, mais importante ainda \u00e9 analisar que tipo de comportamento aquele brinquedo (ou brincadeira) vai estimular na crian\u00e7a.<\/p>\n<p>Na inf\u00e2ncia, se adquirem h\u00e1bitos e comportamentos que perduram na vida adulta. Por isso, oferecer um brinquedo a uma crian\u00e7a est\u00e1 longe de ser um ato banal. Pense na consequ\u00eancias!<\/p>\n<p>Agora que voc\u00ea sabe mais sobre o desenvolvimento infantil, que tal deixar um coment\u00e1rio para fomentar a discuss\u00e3o sobre o assunto?<\/p>\n","protected":false},"excerpt":{"rendered":"<p>Um relevante documento publicado pela Unicef denominado Situa\u00e7\u00e3o da Inf\u00e2ncia Brasileira discute a import\u00e2ncia dos primeiros anos de vida da crian\u00e7a e ressalta que o desenvolvimento cognitivo e a aprendizagem come\u00e7am bem antes do ingresso na escola. Desde antes do nascimento e at\u00e9 os sete primeiros anos de vida, 90% das c\u00e9lulas cerebrais ser\u00e3o formadas,&#8230;<\/p>\n","protected":false},"author":2,"featured_media":121,"comment_status":"open","ping_status":"open","sticky":false,"template":"","format":"standard","meta":{"footnotes":""},"categories":[14],"tags":[],"class_list":["post-119","post","type-post","status-publish","format-standard","has-post-thumbnail","hentry","category-bem-estar-e-comportamento","main-post"],"yoast_head":"<!-- This site is optimized with the Yoast SEO plugin v14.1 - https:\/\/yoast.com\/wordpress\/plugins\/seo\/ -->\n<title>4 d\u00favidas respondidas sobre o desenvolvimento infantil<\/title>\n<meta name=\"description\" content=\"Confira no nosso post alguns fatos sobre o desenvolvimento infantil baseados em recentes pesquisas do UNICEF sobre os primeiros anos de vida da crian\u00e7a.\" \/>\n<meta name=\"robots\" content=\"index, follow\" \/>\n<meta name=\"googlebot\" content=\"index, follow, max-snippet:-1, max-image-preview:large, max-video-preview:-1\" \/>\n<meta name=\"bingbot\" content=\"index, follow, max-snippet:-1, max-image-preview:large, max-video-preview:-1\" \/>\n<link rel=\"canonical\" href=\"https:\/\/meumundopersonalizado.com.br\/blog\/4-duvidas-respondidas-sobre-o-desenvolvimento-infantil\/\" \/>\n<meta property=\"og:locale\" content=\"pt_BR\" \/>\n<meta property=\"og:type\" content=\"article\" \/>\n<meta property=\"og:title\" content=\"4 d\u00favidas respondidas sobre o desenvolvimento infantil\" \/>\n<meta property=\"og:description\" content=\"Confira no nosso post alguns fatos sobre o desenvolvimento infantil baseados em recentes pesquisas do UNICEF sobre os primeiros anos de vida da crian\u00e7a.\" \/>\n<meta property=\"og:url\" content=\"https:\/\/meumundopersonalizado.com.br\/blog\/4-duvidas-respondidas-sobre-o-desenvolvimento-infantil\/\" \/>\n<meta property=\"og:site_name\" content=\"Blog Meu Mundo Personalizado\" \/>\n<meta property=\"article:published_time\" content=\"2016-07-14T20:46:14+00:00\" \/>\n<meta property=\"article:modified_time\" content=\"2017-03-03T13:53:41+00:00\" \/>\n<meta property=\"og:image\" content=\"https:\/\/meumundopersonalizado.com.br\/blog\/wp-content\/uploads\/2016\/07\/X_d\u00favidas_respondidas_sobre_o_desenvolvimento_infantil_1.jpg.jpeg\" \/>\n\t<meta property=\"og:image:width\" content=\"2000\" \/>\n\t<meta property=\"og:image:height\" content=\"1333\" \/>\n<meta name=\"twitter:card\" content=\"summary\" \/>\n<script type=\"application\/ld+json\" class=\"yoast-schema-graph\">{\"@context\":\"https:\/\/schema.org\",\"@graph\":[{\"@type\":\"Organization\",\"@id\":\"https:\/\/meumundopersonalizado.com.br\/blog\/#organization\",\"name\":\"Meu Mundo Personalizado\",\"url\":\"https:\/\/meumundopersonalizado.com.br\/blog\/\",\"sameAs\":[],\"logo\":{\"@type\":\"ImageObject\",\"@id\":\"https:\/\/meumundopersonalizado.com.br\/blog\/#logo\",\"inLanguage\":\"pt-BR\",\"url\":\"https:\/\/meumundopersonalizado.com.br\/blog\/wp-content\/uploads\/2016\/06\/Logo-transparent-background.png\",\"width\":600,\"height\":600,\"caption\":\"Meu Mundo Personalizado\"},\"image\":{\"@id\":\"https:\/\/meumundopersonalizado.com.br\/blog\/#logo\"}},{\"@type\":\"WebSite\",\"@id\":\"https:\/\/meumundopersonalizado.com.br\/blog\/#website\",\"url\":\"https:\/\/meumundopersonalizado.com.br\/blog\/\",\"name\":\"Blog Meu Mundo Personalizado\",\"description\":\"Ideias e Novidades\",\"publisher\":{\"@id\":\"https:\/\/meumundopersonalizado.com.br\/blog\/#organization\"},\"potentialAction\":[{\"@type\":\"SearchAction\",\"target\":\"https:\/\/meumundopersonalizado.com.br\/blog\/?s={search_term_string}\",\"query-input\":\"required name=search_term_string\"}],\"inLanguage\":\"pt-BR\"},{\"@type\":\"ImageObject\",\"@id\":\"https:\/\/meumundopersonalizado.com.br\/blog\/4-duvidas-respondidas-sobre-o-desenvolvimento-infantil\/#primaryimage\",\"inLanguage\":\"pt-BR\",\"url\":\"https:\/\/meumundopersonalizado.com.br\/blog\/wp-content\/uploads\/2016\/07\/X_d\\u00favidas_respondidas_sobre_o_desenvolvimento_infantil_1.jpg.jpeg\",\"width\":2000,\"height\":1333,\"caption\":\"Post baseado em pesquisas do UNICEF sobre a import\\u00e2ncia dos primeiros anos de vida para o desenvolvimento da crian\\u00e7a\"},{\"@type\":\"WebPage\",\"@id\":\"https:\/\/meumundopersonalizado.com.br\/blog\/4-duvidas-respondidas-sobre-o-desenvolvimento-infantil\/#webpage\",\"url\":\"https:\/\/meumundopersonalizado.com.br\/blog\/4-duvidas-respondidas-sobre-o-desenvolvimento-infantil\/\",\"name\":\"4 d\\u00favidas respondidas sobre o desenvolvimento infantil\",\"isPartOf\":{\"@id\":\"https:\/\/meumundopersonalizado.com.br\/blog\/#website\"},\"primaryImageOfPage\":{\"@id\":\"https:\/\/meumundopersonalizado.com.br\/blog\/4-duvidas-respondidas-sobre-o-desenvolvimento-infantil\/#primaryimage\"},\"datePublished\":\"2016-07-14T20:46:14+00:00\",\"dateModified\":\"2017-03-03T13:53:41+00:00\",\"description\":\"Confira no nosso post alguns fatos sobre o desenvolvimento infantil baseados em recentes pesquisas do UNICEF sobre os primeiros anos de vida da crian\\u00e7a.\",\"inLanguage\":\"pt-BR\",\"potentialAction\":[{\"@type\":\"ReadAction\",\"target\":[\"https:\/\/meumundopersonalizado.com.br\/blog\/4-duvidas-respondidas-sobre-o-desenvolvimento-infantil\/\"]}]},{\"@type\":\"Article\",\"@id\":\"https:\/\/meumundopersonalizado.com.br\/blog\/4-duvidas-respondidas-sobre-o-desenvolvimento-infantil\/#article\",\"isPartOf\":{\"@id\":\"https:\/\/meumundopersonalizado.com.br\/blog\/4-duvidas-respondidas-sobre-o-desenvolvimento-infantil\/#webpage\"},\"author\":{\"@id\":\"https:\/\/meumundopersonalizado.com.br\/blog\/#\/schema\/person\/7152250683ecb9cb4b7c612c699d48a6\"},\"headline\":\"4 d\\u00favidas respondidas sobre o desenvolvimento infantil\",\"datePublished\":\"2016-07-14T20:46:14+00:00\",\"dateModified\":\"2017-03-03T13:53:41+00:00\",\"commentCount\":0,\"mainEntityOfPage\":{\"@id\":\"https:\/\/meumundopersonalizado.com.br\/blog\/4-duvidas-respondidas-sobre-o-desenvolvimento-infantil\/#webpage\"},\"publisher\":{\"@id\":\"https:\/\/meumundopersonalizado.com.br\/blog\/#organization\"},\"image\":{\"@id\":\"https:\/\/meumundopersonalizado.com.br\/blog\/4-duvidas-respondidas-sobre-o-desenvolvimento-infantil\/#primaryimage\"},\"articleSection\":\"Bem-estar e Comportamento\",\"inLanguage\":\"pt-BR\",\"potentialAction\":[{\"@type\":\"CommentAction\",\"name\":\"Comment\",\"target\":[\"https:\/\/meumundopersonalizado.com.br\/blog\/4-duvidas-respondidas-sobre-o-desenvolvimento-infantil\/#respond\"]}]},{\"@type\":[\"Person\"],\"@id\":\"https:\/\/meumundopersonalizado.com.br\/blog\/#\/schema\/person\/7152250683ecb9cb4b7c612c699d48a6\",\"name\":\"Meu Mundo Personalizado\",\"image\":{\"@type\":\"ImageObject\",\"@id\":\"https:\/\/meumundopersonalizado.com.br\/blog\/#personlogo\",\"inLanguage\":\"pt-BR\",\"url\":\"https:\/\/secure.gravatar.com\/avatar\/01147ea0fb838750523bfccf1bad0be1?s=96&d=mm&r=g\",\"caption\":\"Meu Mundo Personalizado\"}}]}<\/script>\n<!-- \/ Yoast SEO plugin. -->","_links":{"self":[{"href":"https:\/\/meumundopersonalizado.com.br\/blog\/wp-json\/wp\/v2\/posts\/119"}],"collection":[{"href":"https:\/\/meumundopersonalizado.com.br\/blog\/wp-json\/wp\/v2\/posts"}],"about":[{"href":"https:\/\/meumundopersonalizado.com.br\/blog\/wp-json\/wp\/v2\/types\/post"}],"author":[{"embeddable":true,"href":"https:\/\/meumundopersonalizado.com.br\/blog\/wp-json\/wp\/v2\/users\/2"}],"replies":[{"embeddable":true,"href":"https:\/\/meumundopersonalizado.com.br\/blog\/wp-json\/wp\/v2\/comments?post=119"}],"version-history":[{"count":3,"href":"https:\/\/meumundopersonalizado.com.br\/blog\/wp-json\/wp\/v2\/posts\/119\/revisions"}],"predecessor-version":[{"id":508,"href":"https:\/\/meumundopersonalizado.com.br\/blog\/wp-json\/wp\/v2\/posts\/119\/revisions\/508"}],"wp:featuredmedia":[{"embeddable":true,"href":"https:\/\/meumundopersonalizado.com.br\/blog\/wp-json\/wp\/v2\/media\/121"}],"wp:attachment":[{"href":"https:\/\/meumundopersonalizado.com.br\/blog\/wp-json\/wp\/v2\/media?parent=119"}],"wp:term":[{"taxonomy":"category","embeddable":true,"href":"https:\/\/meumundopersonalizado.com.br\/blog\/wp-json\/wp\/v2\/categories?post=119"},{"taxonomy":"post_tag","embeddable":true,"href":"https:\/\/meumundopersonalizado.com.br\/blog\/wp-json\/wp\/v2\/tags?post=119"}],"curies":[{"name":"wp","href":"https:\/\/api.w.org\/{rel}","templated":true}]}}