{"id":1231,"date":"2025-03-10T19:51:54","date_gmt":"2025-03-10T22:51:54","guid":{"rendered":"https:\/\/meumundopersonalizado.com.br\/blog\/?p=1231"},"modified":"2025-04-02T21:45:05","modified_gmt":"2025-04-03T00:45:05","slug":"8-dicas-para-conciliar-a-maternidade-e-o-trabalho","status":"publish","type":"post","link":"https:\/\/meumundopersonalizado.com.br\/blog\/8-dicas-para-conciliar-a-maternidade-e-o-trabalho\/","title":{"rendered":"8 Dicas para conciliar a maternidade e o trabalho"},"content":{"rendered":"<p><span style=\"font-weight: 400;\">Conciliar maternidade e trabalho pode ser desafiador, mas com planejamento, apoio e alguma flexibilidade, \u00e9 poss\u00edvel equilibrar todas as responsabilidades.\u00a0<\/span><\/p>\n<p><span style=\"font-weight: 400;\">Por falar em planejamento, desenhar uma rotina para a crian\u00e7a, envolve const\u00e2ncia e adapta\u00e7\u00e3o \u00e0s necessidades e \u00e0 idade dos pequenos, afinal uma agenda organizada, acaba por proporcionar seguran\u00e7a para toda a fam\u00edlia, al\u00e9m de promover o desenvolvimento saud\u00e1vel dos pequenos, ajudando inclusive, a evitar alguns conflitos di\u00e1rios.<\/span><\/p>\n<p><span style=\"font-weight: 400;\">Mas como, de fato, conciliar o tempo de trabalho com a maternidade? Acompanhe a seguir!<\/span><\/p>\n<h1><span style=\"font-weight: 400;\">1. Organize sua rotina<\/span><\/h1>\n<p><span style=\"font-weight: 400;\">Al\u00e9m da rotina dos pequenos, nossa sugest\u00e3o \u00e9 que voc\u00ea crie um cronograma di\u00e1rio que inclua o seu per\u00edodo de trabalho, tempo livre e tamb\u00e9m aqueles hor\u00e1rios bem definidos para as atividades que n\u00e3o s\u00e3o suas, ou seja, para as tarefas que s\u00e3o voltadas para os seus filhos.<\/span><\/p>\n<p><span style=\"font-weight: 400;\">Desta forma, um dia a dia organizado pode come\u00e7ar por uma agenda disciplinada, em que \u00e9 fundamental estabelecer hor\u00e1rios regulares para os pequenos, tais tempo de sono, refei\u00e7\u00f5es, brincadeiras ou estudos.<\/span><\/p>\n<p><span style=\"font-weight: 400;\">A dica aqui tamb\u00e9m passa por fazer algumas adapta\u00e7\u00f5es de acordo com a idade da crian\u00e7a, podendo ser uma solu\u00e7\u00e3o para os papais conseguirem organizar esta agenda. Veja alguns exemplos:<\/span><\/p>\n<ul>\n<li style=\"font-weight: 400;\" aria-level=\"1\"><span style=\"font-weight: 400;\">Beb\u00eas (0-2 anos): A rotina pode girar em torno de ciclos de alimenta\u00e7\u00e3o, sono e est\u00edmulos sensoriais.<\/span><\/li>\n<li style=\"font-weight: 400;\" aria-level=\"1\"><span style=\"font-weight: 400;\">Crian\u00e7as pequenas (3-5 anos): Para esta fase, priorize brincadeiras em geral, a educa\u00e7\u00e3o b\u00e1sica, al\u00e9m da intera\u00e7\u00e3o social.<\/span><\/li>\n<li style=\"font-weight: 400;\" aria-level=\"1\"><span style=\"font-weight: 400;\">Crian\u00e7as em idade escolar (6+ anos): Aqui j\u00e1 existir\u00e3o tamb\u00e9m os momentos para as li\u00e7\u00f5es de casa, esportes e hobbies.<\/span><\/li>\n<\/ul>\n<p><span style=\"font-weight: 400;\">Lembre-se tamb\u00e9m de incluir alguns momentos de relaxamento nesta agenda, para que voc\u00ea e seus filhos possam ter a organiza\u00e7\u00e3o necess\u00e1ria ao longo do dia, mas igualmente contemplar um tempo livre e de qualidade juntos!<\/span><\/p>\n<h1><span style=\"font-weight: 400;\">2. Pe\u00e7a ajuda!<\/span><\/h1>\n<p><span style=\"font-weight: 400;\">Como \u00e9 bom poder contar com o apoio de familiares, amigos ou uma rede de suporte quando nos tornamos papais e mam\u00e3es, n\u00e3o \u00e9 mesmo? Quando poss\u00edvel, divida as responsabilidades com o(a) parceiro(a) ou outras pessoas pr\u00f3ximas.\u00a0<\/span><\/p>\n<p><span style=\"font-weight: 400;\">Uma outra boa op\u00e7\u00e3o, s\u00e3o os grupos de apoio, onde \u00e9 poss\u00edvel compartilhar experi\u00eancias e receber conselhos para muitas \u00e1reas! Aqui est\u00e3o alguns exemplos:<\/span><\/p>\n<h3><b>Grupos de Apoio \u00e0 Amamenta\u00e7\u00e3o<\/b><\/h3>\n<ul>\n<li style=\"font-weight: 400;\" aria-level=\"1\"><span style=\"font-weight: 400;\">Exemplo: La Leche League, Banco de Leite Humano<\/span><\/li>\n<li style=\"font-weight: 400;\" aria-level=\"1\"><span style=\"font-weight: 400;\">Objetivo: Oferecer suporte para amamenta\u00e7\u00e3o, esclarecer d\u00favidas e incentivar o aleitamento materno.<\/span><\/li>\n<\/ul>\n<h3><b>Grupos de Apoio P\u00f3s-Parto<\/b><\/h3>\n<ul>\n<li style=\"font-weight: 400;\" aria-level=\"1\"><span style=\"font-weight: 400;\">Exemplo: Roda de m\u00e3es, encontros de pu\u00e9rperas<\/span><\/li>\n<li style=\"font-weight: 400;\" aria-level=\"1\"><span style=\"font-weight: 400;\">Objetivo: Ajudar as m\u00e3es na adapta\u00e7\u00e3o ao p\u00f3s-parto, lidar com a exaust\u00e3o, depress\u00e3o p\u00f3s-parto e desafios da maternidade.<\/span><\/li>\n<\/ul>\n<h3><b>Grupos para M\u00e3es de Beb\u00eas Prematuros<\/b><\/h3>\n<ul>\n<li style=\"font-weight: 400;\" aria-level=\"1\"><span style=\"font-weight: 400;\">Exemplo: Pequenos Guerreiros, Prematuros Brasil<\/span><\/li>\n<li style=\"font-weight: 400;\" aria-level=\"1\"><span style=\"font-weight: 400;\">Objetivo: Apoiar m\u00e3es de beb\u00eas prematuros, oferecendo informa\u00e7\u00f5es sobre UTI neonatal e desenvolvimento infantil.<\/span><\/li>\n<\/ul>\n<h3><b>Grupos para M\u00e3es Solo<\/b><\/h3>\n<ul>\n<li style=\"font-weight: 400;\" aria-level=\"1\"><span style=\"font-weight: 400;\">Exemplo: M\u00e3es Solo Unidas, M\u00e3es Independentes<\/span><\/li>\n<li style=\"font-weight: 400;\" aria-level=\"1\"><span style=\"font-weight: 400;\">Objetivo: Criar uma rede de apoio emocional e pr\u00e1tico para m\u00e3es que criam seus filhos sozinhas.<\/span><\/li>\n<\/ul>\n<h3><b>Grupos para M\u00e3es de Crian\u00e7as com Necessidades Especiais<\/b><\/h3>\n<ul>\n<li style=\"font-weight: 400;\" aria-level=\"1\"><span style=\"font-weight: 400;\">Exemplo: Pais e Amigos de Autistas (AMA), Movimentos de inclus\u00e3o<\/span><\/li>\n<li style=\"font-weight: 400;\" aria-level=\"1\"><span style=\"font-weight: 400;\">Objetivo: Troca de experi\u00eancias sobre cria\u00e7\u00e3o, educa\u00e7\u00e3o e terapias para crian\u00e7as com defici\u00eancia ou transtornos do neurodesenvolvimento.<\/span><\/li>\n<\/ul>\n<h3><b>Grupos de Parentalidade Positiva<\/b><\/h3>\n<ul>\n<li style=\"font-weight: 400;\" aria-level=\"1\"><span style=\"font-weight: 400;\">Exemplo: Disciplina Positiva Brasil, Criando com Apego<\/span><\/li>\n<li style=\"font-weight: 400;\" aria-level=\"1\"><span style=\"font-weight: 400;\">Objetivo: Ensinar m\u00e9todos de educa\u00e7\u00e3o respeitosa, comunica\u00e7\u00e3o n\u00e3o-violenta e fortalecimento do v\u00ednculo m\u00e3e-filho.<\/span><\/li>\n<\/ul>\n<h3><b>Grupos Virtuais e Comunidades Online<\/b><\/h3>\n<ul>\n<li style=\"font-weight: 400;\" aria-level=\"1\"><span style=\"font-weight: 400;\">Exemplo: Grupos de Facebook, WhatsApp, f\u00f3runs de maternidade<\/span><\/li>\n<li style=\"font-weight: 400;\" aria-level=\"1\"><span style=\"font-weight: 400;\">Objetivo: Compartilhar experi\u00eancias, trocar dicas e oferecer apoio m\u00fatuo \u00e0 dist\u00e2ncia.<\/span><\/li>\n<\/ul>\n<h1><span style=\"font-weight: 400;\">3. Considere op\u00e7\u00f5es de trabalho flex\u00edveis<\/span><\/h1>\n<p><span style=\"font-weight: 400;\">Trabalhar remotamente pode permitir que voc\u00ea equilibre melhor as demandas da maternidade, desta forma, nossa dica \u00e9 que voc\u00ea busque por empregos ou atividades que ofere\u00e7am hor\u00e1rios flex\u00edveis, como freelancer ou empreendedorismo.\u00a0<\/span><\/p>\n<p><span style=\"font-weight: 400;\">A seguir, algumas \u00e1reas e profiss\u00f5es com alta demanda para trabalho remoto:\u00a0<\/span><\/p>\n<ul>\n<li style=\"font-weight: 400;\" aria-level=\"1\">\n<h2><span style=\"font-weight: 400;\">Tecnologia<\/span><\/h2>\n<\/li>\n<\/ul>\n<p><span style=\"font-weight: 400;\">Desenvolvimento de software (frontend, backend, full stack)<\/span><\/p>\n<p><span style=\"font-weight: 400;\">Suporte t\u00e9cnico<\/span><\/p>\n<p><span style=\"font-weight: 400;\">Testes de software (QA)<\/span><\/p>\n<p><span style=\"font-weight: 400;\">An\u00e1lise de dados<\/span><\/p>\n<p><span style=\"font-weight: 400;\">UX\/UI design<\/span><\/p>\n<ul>\n<li style=\"font-weight: 400;\" aria-level=\"1\">\n<h2><span style=\"font-weight: 400;\">Marketing Digital<\/span><\/h2>\n<\/li>\n<\/ul>\n<p><span style=\"font-weight: 400;\">Gest\u00e3o de redes sociais<\/span><\/p>\n<p><span style=\"font-weight: 400;\">Produ\u00e7\u00e3o de conte\u00fado<\/span><\/p>\n<p><span style=\"font-weight: 400;\">SEO e marketing de busca<\/span><\/p>\n<p><span style=\"font-weight: 400;\">Gest\u00e3o de an\u00fancios (Google Ads, Facebook Ads)<\/span><\/p>\n<p><span style=\"font-weight: 400;\">Email marketing<\/span><\/p>\n<ul>\n<li style=\"font-weight: 400;\" aria-level=\"1\">\n<h2><span style=\"font-weight: 400;\">Educa\u00e7\u00e3o e Consultoria<\/span><\/h2>\n<\/li>\n<\/ul>\n<p><span style=\"font-weight: 400;\">Tutoria online em diversas \u00e1reas (idiomas, refor\u00e7o escolar, prepara\u00e7\u00e3o para provas)<\/span><\/p>\n<p><span style=\"font-weight: 400;\">Produ\u00e7\u00e3o de cursos online<\/span><\/p>\n<p><span style=\"font-weight: 400;\">Consultoria (financeira, empresarial, de carreira, etc.)<\/span><\/p>\n<ul>\n<li style=\"font-weight: 400;\" aria-level=\"1\">\n<h2><span style=\"font-weight: 400;\">Administra\u00e7\u00e3o e Suporte<\/span><\/h2>\n<\/li>\n<\/ul>\n<p><span style=\"font-weight: 400;\">Assistente virtual<\/span><\/p>\n<p><span style=\"font-weight: 400;\">Gest\u00e3o de projetos<\/span><\/p>\n<p><span style=\"font-weight: 400;\">Recursos humanos e recrutamento remoto<\/span><\/p>\n<p><span style=\"font-weight: 400;\">Atendimento ao cliente<\/span><\/p>\n<ul>\n<li style=\"font-weight: 400;\" aria-level=\"1\">\n<h2><span style=\"font-weight: 400;\">Cria\u00e7\u00e3o e Produ\u00e7\u00e3o de Conte\u00fado<\/span><\/h2>\n<\/li>\n<\/ul>\n<p><span style=\"font-weight: 400;\">Reda\u00e7\u00e3o e edi\u00e7\u00e3o de textos<\/span><\/p>\n<p><span style=\"font-weight: 400;\">Revis\u00e3o de conte\u00fados<\/span><\/p>\n<p><span style=\"font-weight: 400;\">Tradu\u00e7\u00e3o e interpreta\u00e7\u00e3o<\/span><\/p>\n<p><span style=\"font-weight: 400;\">Design gr\u00e1fico<\/span><\/p>\n<ul>\n<li style=\"font-weight: 400;\" aria-level=\"1\">\n<h2><span style=\"font-weight: 400;\">Vendas e Empreendedorismo Digital<\/span><\/h2>\n<\/li>\n<\/ul>\n<p><span style=\"font-weight: 400;\">E-commerce (venda de produtos f\u00edsicos ou digitais)<\/span><\/p>\n<p><span style=\"font-weight: 400;\">Afiliados em programas de marketing<\/span><\/p>\n<p><span style=\"font-weight: 400;\">Representa\u00e7\u00e3o comercial<\/span><\/p>\n<ul>\n<li style=\"font-weight: 400;\" aria-level=\"1\">\n<h2><span style=\"font-weight: 400;\">Sa\u00fade e Bem-Estar<\/span><\/h2>\n<\/li>\n<\/ul>\n<p><span style=\"font-weight: 400;\">Atendimento psicol\u00f3gico online<\/span><\/p>\n<p><span style=\"font-weight: 400;\">Consultoria nutricional<\/span><\/p>\n<p><span style=\"font-weight: 400;\">Aulas de yoga, pilates ou personal trainer via v\u00eddeo<\/span><\/p>\n<h1><span style=\"font-weight: 400;\">4. Invista em creches ou escolinhas confi\u00e1veis<\/span><\/h1>\n<p><span style=\"font-weight: 400;\">Se o or\u00e7amento permitir, uma creche ou escola pode oferecer um ambiente seguro para seu filho enquanto voc\u00ea trabalha.\u00a0<\/span><\/p>\n<p><span style=\"font-weight: 400;\">Aqui est\u00e3o algumas dicas para ajud\u00e1-lo a avaliar a confiabilidade de uma creche:\u00a0<\/span><\/p>\n<ul>\n<li style=\"font-weight: 400;\" aria-level=\"1\"><span style=\"font-weight: 400;\">Licen\u00e7a de funcionamento: Certifique-se de que a creche possui autoriza\u00e7\u00e3o para operar emitida por \u00f3rg\u00e3os reguladores da sua cidade ou estado.<\/span><\/li>\n<li style=\"font-weight: 400;\" aria-level=\"1\"><span style=\"font-weight: 400;\">Cumprimento de normas: Verifique se a creche segue normas de seguran\u00e7a, higiene e cuidado infantil estabelecidas pelas autoridades locais.<\/span><\/li>\n<\/ul>\n<ul>\n<li style=\"font-weight: 400;\" aria-level=\"1\"><span style=\"font-weight: 400;\">Recomenda\u00e7\u00f5es: Converse com outros pais que j\u00e1 utilizam ou utilizaram a creche para obter feedback sobre a experi\u00eancia deles.<\/span><\/li>\n<\/ul>\n<ul>\n<li style=\"font-weight: 400;\" aria-level=\"1\"><span style=\"font-weight: 400;\">Ambiente seguro e limpo: Inspecione as instala\u00e7\u00f5es para avaliar a higiene, a organiza\u00e7\u00e3o e a seguran\u00e7a dos espa\u00e7os (ex.: aus\u00eancia de objetos perigosos, brinquedos adequados para a idade, \u00e1reas protegidas).<\/span><\/li>\n<li style=\"font-weight: 400;\" aria-level=\"1\"><span style=\"font-weight: 400;\">Alimenta\u00e7\u00e3o: Se a creche oferece refei\u00e7\u00f5es, pergunte sobre o card\u00e1pio e como \u00e9 preparado, garantindo que segue padr\u00f5es nutricionais e de higiene.<\/span><\/li>\n<\/ul>\n<ul>\n<li style=\"font-weight: 400;\" aria-level=\"1\"><span style=\"font-weight: 400;\">Qualifica\u00e7\u00e3o dos profissionais: Pergunte sobre a forma\u00e7\u00e3o e experi\u00eancia dos cuidadores e professores.<\/span><\/li>\n<li style=\"font-weight: 400;\" aria-level=\"1\"><span style=\"font-weight: 400;\">N\u00famero de funcion\u00e1rios: Verifique se h\u00e1 uma propor\u00e7\u00e3o adequada de cuidadores para o n\u00famero de crian\u00e7as.<\/span><\/li>\n<li style=\"font-weight: 400;\" aria-level=\"1\"><span style=\"font-weight: 400;\">Treinamento em primeiros socorros: Confira se a equipe est\u00e1 capacitada para lidar com emerg\u00eancias.<\/span><\/li>\n<\/ul>\n<ul>\n<li style=\"font-weight: 400;\" aria-level=\"1\"><span style=\"font-weight: 400;\">Pol\u00edtica de seguran\u00e7a: Pergunte sobre os procedimentos adotados para entrada e sa\u00edda das crian\u00e7as, bem como situa\u00e7\u00f5es de emerg\u00eancia.<\/span><\/li>\n<\/ul>\n<h1><span style=\"font-weight: 400;\">5. Trabalhe com efici\u00eancia<\/span><\/h1>\n<p><span style=\"font-weight: 400;\">Trabalhar enquanto o filho dorme pode ser uma estrat\u00e9gia eficaz para os pais que precisam conciliar o trabalho e o cuidado infantil.<\/span><\/p>\n<p><span style=\"font-weight: 400;\">A dica \u00e9, antes do filho dormir, definir uma lista clara de tarefas que precisam ser realizadas e planejar aquelas mais importantes, justamente para estes momentos que necessitam de maior concentra\u00e7\u00e3o e sil\u00eancio, aproveitando ao m\u00e1ximo este tempo dispon\u00edvel para produzir.<\/span><\/p>\n<p><span style=\"font-weight: 400;\">Um outro conselho valioso \u00e9 deixar preparado o seu espa\u00e7o de trabalho com anteced\u00eancia e garantir que tudo o que voc\u00ea precisa esteja ao seu alcance.<\/span><\/p>\n<h1><span style=\"font-weight: 400;\">6. Use ferramentas visuais<\/span><\/h1>\n<p><span style=\"font-weight: 400;\">Fa\u00e7a um quadro ou calend\u00e1rio com imagens e cores que representam cada atividade. Isso ajuda as crian\u00e7as menores tamb\u00e9m a entenderem a sequ\u00eancia do dia.<\/span><\/p>\n<p><span style=\"font-weight: 400;\">Outra dica nesse sentido, \u00e9 variar tamb\u00e9m os tipos de atividades com as crian\u00e7as:<\/span><\/p>\n<p>&nbsp;<\/p>\n<ul>\n<li style=\"font-weight: 400;\" aria-level=\"1\"><span style=\"font-weight: 400;\">Atividades f\u00edsicas: Caminhadas, jogos ao ar livre ou esportes em geral ajudam no desenvolvimento motor.<\/span><\/li>\n<\/ul>\n<ul>\n<li style=\"font-weight: 400;\" aria-level=\"1\"><span style=\"font-weight: 400;\">Atividades criativas: Artes, m\u00fasica e leitura s\u00e3o atividades que estimulam a criatividade e a imagina\u00e7\u00e3o.<\/span><\/li>\n<li style=\"font-weight: 400;\" aria-level=\"1\"><span style=\"font-weight: 400;\">Brincadeiras livres: O tempo \u201cn\u00e3o estruturado\u201d \u00e9 importante igualmente para que a crian\u00e7a explore, imagine e crie por conta pr\u00f3pria.<\/span><\/li>\n<\/ul>\n<h1><span style=\"font-weight: 400;\">7. Seja flex\u00edvel<\/span><\/h1>\n<p><span style=\"font-weight: 400;\">Imprevistos acontecem e alguns ajustes podem ser necess\u00e1rios, desta forma, embora a const\u00e2ncia seja importante, \u00e9 essencial adaptar a rotina quando necess\u00e1rio, especialmente em per\u00edodos de transi\u00e7\u00e3o, como f\u00e9rias ou mudan\u00e7as na escola.<\/span><\/p>\n<p><span style=\"font-weight: 400;\">Lembre-se de que cada m\u00e3e e fam\u00edlia possuem uma din\u00e2mica \u00fanica e que encontrar este equil\u00edbrio \u00e9 um processo cont\u00ednuo de tentativas, aprendizado e ajustes!<\/span><\/p>\n<h1><span style=\"font-weight: 400;\">8. Valorize os momentos de intera\u00e7\u00e3o<\/span><\/h1>\n<p><span style=\"font-weight: 400;\">Incluir momentos de intera\u00e7\u00e3o com seus filhos, como refei\u00e7\u00f5es em fam\u00edlia, leitura de hist\u00f3rias antes de dormir, assim como aquelas conversas di\u00e1rias &#8211; questionando como a crian\u00e7a est\u00e1 ou como foi a escola, pode criar e fortalecer ainda mais o v\u00ednculo entre pais e filhos, al\u00e9m de promover um ambiente seguro e acolhedor. E se o tempo for limitado, aproveite ao m\u00e1ximo estes momentos juntos para criar boas mem\u00f3rias!<\/span><\/p>\n<p><span style=\"font-weight: 400;\">Por fim, seja no trabalho ou em casa, aprenda a entender e a expressar o que voc\u00ea precisa para encontrar o seu equil\u00edbrio, seja junto a sua fam\u00edlia, bem como interagindo com a sua rede de apoio. Conecte-se com outras mulheres que passam pelos mesmos desafios, pois certamente isto pode vir a ser super \u00fatil e inspirador nesta fase da vida!<\/span><\/p>\n<p>&nbsp;<\/p>\n","protected":false},"excerpt":{"rendered":"<p>Conciliar maternidade e trabalho pode ser desafiador, mas com planejamento, apoio e alguma flexibilidade, \u00e9 poss\u00edvel equilibrar todas as responsabilidades.\u00a0 Por falar em planejamento, desenhar uma rotina para a crian\u00e7a, envolve const\u00e2ncia e adapta\u00e7\u00e3o \u00e0s necessidades e \u00e0 idade dos pequenos, afinal uma agenda organizada, acaba por proporcionar seguran\u00e7a para toda a fam\u00edlia, al\u00e9m de&#8230;<\/p>\n","protected":false},"author":8,"featured_media":1232,"comment_status":"open","ping_status":"open","sticky":false,"template":"","format":"standard","meta":{"footnotes":""},"categories":[10],"tags":[30,17,29],"class_list":["post-1231","post","type-post","status-publish","format-standard","has-post-thumbnail","hentry","category-mulher-empreendedora","tag-empreendedorismo","tag-gestacao","tag-mulher","main-post"],"yoast_head":"<!-- This site is optimized with the Yoast SEO plugin v14.1 - https:\/\/yoast.com\/wordpress\/plugins\/seo\/ -->\n<title>8 Dicas para conciliar a maternidade e o trabalho - Blog Meu Mundo Personalizado<\/title>\n<meta name=\"robots\" content=\"index, follow\" \/>\n<meta name=\"googlebot\" content=\"index, follow, max-snippet:-1, max-image-preview:large, max-video-preview:-1\" \/>\n<meta name=\"bingbot\" content=\"index, follow, max-snippet:-1, max-image-preview:large, max-video-preview:-1\" \/>\n<link rel=\"canonical\" href=\"https:\/\/meumundopersonalizado.com.br\/blog\/8-dicas-para-conciliar-a-maternidade-e-o-trabalho\/\" \/>\n<meta property=\"og:locale\" content=\"pt_BR\" \/>\n<meta property=\"og:type\" content=\"article\" \/>\n<meta property=\"og:title\" content=\"8 Dicas para conciliar a maternidade e o trabalho - Blog Meu Mundo Personalizado\" \/>\n<meta property=\"og:description\" content=\"Conciliar maternidade e trabalho pode ser desafiador, mas com planejamento, apoio e alguma flexibilidade, \u00e9 poss\u00edvel equilibrar todas as responsabilidades.\u00a0 Por falar em planejamento, desenhar uma rotina para a crian\u00e7a, envolve const\u00e2ncia e adapta\u00e7\u00e3o \u00e0s necessidades e \u00e0 idade dos pequenos, afinal uma agenda organizada, acaba por proporcionar seguran\u00e7a para toda a fam\u00edlia, al\u00e9m de...\" \/>\n<meta property=\"og:url\" content=\"https:\/\/meumundopersonalizado.com.br\/blog\/8-dicas-para-conciliar-a-maternidade-e-o-trabalho\/\" \/>\n<meta property=\"og:site_name\" content=\"Blog Meu Mundo Personalizado\" \/>\n<meta property=\"article:published_time\" content=\"2025-03-10T22:51:54+00:00\" \/>\n<meta property=\"article:modified_time\" content=\"2025-04-03T00:45:05+00:00\" \/>\n<meta property=\"og:image\" content=\"https:\/\/meumundopersonalizado.com.br\/blog\/wp-content\/uploads\/2025\/03\/mid-adult-working-mother-taking-notes-conference-call-home.jpg\" \/>\n\t<meta property=\"og:image:width\" content=\"1500\" \/>\n\t<meta property=\"og:image:height\" content=\"1000\" \/>\n<meta name=\"twitter:card\" content=\"summary\" \/>\n<script type=\"application\/ld+json\" class=\"yoast-schema-graph\">{\"@context\":\"https:\/\/schema.org\",\"@graph\":[{\"@type\":\"Organization\",\"@id\":\"https:\/\/meumundopersonalizado.com.br\/blog\/#organization\",\"name\":\"Meu Mundo Personalizado\",\"url\":\"https:\/\/meumundopersonalizado.com.br\/blog\/\",\"sameAs\":[],\"logo\":{\"@type\":\"ImageObject\",\"@id\":\"https:\/\/meumundopersonalizado.com.br\/blog\/#logo\",\"inLanguage\":\"pt-BR\",\"url\":\"https:\/\/meumundopersonalizado.com.br\/blog\/wp-content\/uploads\/2016\/06\/Logo-transparent-background.png\",\"width\":600,\"height\":600,\"caption\":\"Meu Mundo Personalizado\"},\"image\":{\"@id\":\"https:\/\/meumundopersonalizado.com.br\/blog\/#logo\"}},{\"@type\":\"WebSite\",\"@id\":\"https:\/\/meumundopersonalizado.com.br\/blog\/#website\",\"url\":\"https:\/\/meumundopersonalizado.com.br\/blog\/\",\"name\":\"Blog Meu Mundo Personalizado\",\"description\":\"Ideias e Novidades\",\"publisher\":{\"@id\":\"https:\/\/meumundopersonalizado.com.br\/blog\/#organization\"},\"potentialAction\":[{\"@type\":\"SearchAction\",\"target\":\"https:\/\/meumundopersonalizado.com.br\/blog\/?s={search_term_string}\",\"query-input\":\"required name=search_term_string\"}],\"inLanguage\":\"pt-BR\"},{\"@type\":\"ImageObject\",\"@id\":\"https:\/\/meumundopersonalizado.com.br\/blog\/8-dicas-para-conciliar-a-maternidade-e-o-trabalho\/#primaryimage\",\"inLanguage\":\"pt-BR\",\"url\":\"https:\/\/meumundopersonalizado.com.br\/blog\/wp-content\/uploads\/2025\/03\/mid-adult-working-mother-taking-notes-conference-call-home.jpg\",\"width\":1500,\"height\":1000},{\"@type\":\"WebPage\",\"@id\":\"https:\/\/meumundopersonalizado.com.br\/blog\/8-dicas-para-conciliar-a-maternidade-e-o-trabalho\/#webpage\",\"url\":\"https:\/\/meumundopersonalizado.com.br\/blog\/8-dicas-para-conciliar-a-maternidade-e-o-trabalho\/\",\"name\":\"8 Dicas para conciliar a maternidade e o trabalho - Blog Meu Mundo Personalizado\",\"isPartOf\":{\"@id\":\"https:\/\/meumundopersonalizado.com.br\/blog\/#website\"},\"primaryImageOfPage\":{\"@id\":\"https:\/\/meumundopersonalizado.com.br\/blog\/8-dicas-para-conciliar-a-maternidade-e-o-trabalho\/#primaryimage\"},\"datePublished\":\"2025-03-10T22:51:54+00:00\",\"dateModified\":\"2025-04-03T00:45:05+00:00\",\"inLanguage\":\"pt-BR\",\"potentialAction\":[{\"@type\":\"ReadAction\",\"target\":[\"https:\/\/meumundopersonalizado.com.br\/blog\/8-dicas-para-conciliar-a-maternidade-e-o-trabalho\/\"]}]},{\"@type\":\"Article\",\"@id\":\"https:\/\/meumundopersonalizado.com.br\/blog\/8-dicas-para-conciliar-a-maternidade-e-o-trabalho\/#article\",\"isPartOf\":{\"@id\":\"https:\/\/meumundopersonalizado.com.br\/blog\/8-dicas-para-conciliar-a-maternidade-e-o-trabalho\/#webpage\"},\"author\":{\"@id\":\"https:\/\/meumundopersonalizado.com.br\/blog\/#\/schema\/person\/a4b9fb62ff169939ab37204f837678fb\"},\"headline\":\"8 Dicas para conciliar a maternidade e o trabalho\",\"datePublished\":\"2025-03-10T22:51:54+00:00\",\"dateModified\":\"2025-04-03T00:45:05+00:00\",\"commentCount\":0,\"mainEntityOfPage\":{\"@id\":\"https:\/\/meumundopersonalizado.com.br\/blog\/8-dicas-para-conciliar-a-maternidade-e-o-trabalho\/#webpage\"},\"publisher\":{\"@id\":\"https:\/\/meumundopersonalizado.com.br\/blog\/#organization\"},\"image\":{\"@id\":\"https:\/\/meumundopersonalizado.com.br\/blog\/8-dicas-para-conciliar-a-maternidade-e-o-trabalho\/#primaryimage\"},\"keywords\":\"empreendedorismo,gesta\\u00e7\\u00e3o,mulher\",\"articleSection\":\"Mulher empreendedora\",\"inLanguage\":\"pt-BR\",\"potentialAction\":[{\"@type\":\"CommentAction\",\"name\":\"Comment\",\"target\":[\"https:\/\/meumundopersonalizado.com.br\/blog\/8-dicas-para-conciliar-a-maternidade-e-o-trabalho\/#respond\"]}]},{\"@type\":[\"Person\"],\"@id\":\"https:\/\/meumundopersonalizado.com.br\/blog\/#\/schema\/person\/a4b9fb62ff169939ab37204f837678fb\",\"name\":\"Meu Mundo Personalizado\",\"image\":{\"@type\":\"ImageObject\",\"@id\":\"https:\/\/meumundopersonalizado.com.br\/blog\/#personlogo\",\"inLanguage\":\"pt-BR\",\"url\":\"https:\/\/secure.gravatar.com\/avatar\/f8a7230fe1a7085ce436609e79559303?s=96&d=mm&r=g\",\"caption\":\"Meu Mundo Personalizado\"}}]}<\/script>\n<!-- \/ Yoast SEO plugin. -->","_links":{"self":[{"href":"https:\/\/meumundopersonalizado.com.br\/blog\/wp-json\/wp\/v2\/posts\/1231"}],"collection":[{"href":"https:\/\/meumundopersonalizado.com.br\/blog\/wp-json\/wp\/v2\/posts"}],"about":[{"href":"https:\/\/meumundopersonalizado.com.br\/blog\/wp-json\/wp\/v2\/types\/post"}],"author":[{"embeddable":true,"href":"https:\/\/meumundopersonalizado.com.br\/blog\/wp-json\/wp\/v2\/users\/8"}],"replies":[{"embeddable":true,"href":"https:\/\/meumundopersonalizado.com.br\/blog\/wp-json\/wp\/v2\/comments?post=1231"}],"version-history":[{"count":1,"href":"https:\/\/meumundopersonalizado.com.br\/blog\/wp-json\/wp\/v2\/posts\/1231\/revisions"}],"predecessor-version":[{"id":1233,"href":"https:\/\/meumundopersonalizado.com.br\/blog\/wp-json\/wp\/v2\/posts\/1231\/revisions\/1233"}],"wp:featuredmedia":[{"embeddable":true,"href":"https:\/\/meumundopersonalizado.com.br\/blog\/wp-json\/wp\/v2\/media\/1232"}],"wp:attachment":[{"href":"https:\/\/meumundopersonalizado.com.br\/blog\/wp-json\/wp\/v2\/media?parent=1231"}],"wp:term":[{"taxonomy":"category","embeddable":true,"href":"https:\/\/meumundopersonalizado.com.br\/blog\/wp-json\/wp\/v2\/categories?post=1231"},{"taxonomy":"post_tag","embeddable":true,"href":"https:\/\/meumundopersonalizado.com.br\/blog\/wp-json\/wp\/v2\/tags?post=1231"}],"curies":[{"name":"wp","href":"https:\/\/api.w.org\/{rel}","templated":true}]}}