{"id":1237,"date":"2025-05-23T17:35:52","date_gmt":"2025-05-23T20:35:52","guid":{"rendered":"https:\/\/meumundopersonalizado.com.br\/blog\/?p=1237"},"modified":"2025-05-26T16:51:02","modified_gmt":"2025-05-26T19:51:02","slug":"10-ideias-de-cestas-e-kits-bebes-para-presentear-seus-colaboradores","status":"publish","type":"post","link":"https:\/\/meumundopersonalizado.com.br\/blog\/10-ideias-de-cestas-e-kits-bebes-para-presentear-seus-colaboradores\/","title":{"rendered":"10 Ideias de Cestas e Kits Beb\u00ea para presentear colaboradores que ser\u00e3o papais e mam\u00e3es!"},"content":{"rendered":"<p style=\"text-align: justify;\"><span style=\"font-weight: 400;\">Voc\u00ea j\u00e1 parou para refletir sobre os momentos especiais vivenciados por seus colaboradores dentro e fora da empresa?<\/span><span style=\"font-weight: 400;\"><br \/>\n<\/span><span style=\"font-weight: 400;\">O per\u00edodo de licen\u00e7a parental (maternidade ou paternidade), por exemplo, \u00e9 uma \u00f3tima oportunidade para demonstrar carinho a quem contribui diariamente para o crescimento do seu neg\u00f3cio.<\/span><\/p>\n<p style=\"text-align: justify;\"><span style=\"font-weight: 400;\">Kits e presentes pensados especialmente para os beb\u00eas, s\u00e3o op\u00e7\u00f5es que encantam n\u00e3o apenas pela delicadeza, mas tamb\u00e9m pela utilidade, afinal, esse tipo de mimo pode vir recheado de itens essenciais para esta nova fase que se inicia na vida da fam\u00edlia!<\/span><\/p>\n<p style=\"text-align: justify;\"><span style=\"font-weight: 400;\">Pensando nisso, neste post trouxemos 10 ideias de cestas e kits beb\u00ea para presentear os colaboradores que ser\u00e3o papais e mam\u00e3es!<br \/>\nVamos ajudar voc\u00ea a escolher o presente ideal para tornar esse momento ainda mais especial para os seus colaboradores!<\/span><\/p>\n<h3><a href=\"https:\/\/meumundopersonalizado.com.br\/produto\/cesta-bebe-empresas-com-ursinho\/\"><span style=\"font-weight: 400;\">1) Cesta Beb\u00ea Empresas com Ursinho<\/span><\/a><\/h3>\n<p style=\"text-align: justify;\"><span style=\"font-weight: 400;\">A principal regra para a escolha desse presente \u00e9 simples: a utilidade! Esta \u00e9 u<\/span><span style=\"font-weight: 400;\">ma cesta com produtos de higiene de qualidade, itens \u201ccheirosinhos\u201d para facilitar os cuidados com o rec\u00e9m-nascido, a qual segue acompanhada de um ursinho de pel\u00facia, body e um par de meinhas, o que torna este kit um mimo pr\u00e1tico e encantador, ideal para marcar o momento em que os colaboradores est\u00e3o entrando em licen\u00e7a parental! Acesse ela <a href=\"https:\/\/meumundopersonalizado.com.br\/produto\/cesta-bebe-empresas-com-ursinho\/\">aqui!<\/a><\/span><\/p>\n<p><a href=\"https:\/\/meumundopersonalizado.com.br\/produto\/cesta-bebe-empresas-com-ursinho\/\"><img loading=\"lazy\" decoding=\"async\" class=\"size-full wp-image-1238 aligncenter\" src=\"https:\/\/meumundopersonalizado.com.br\/blog\/wp-content\/uploads\/2025\/05\/1.CESTA-BEBE-URSINHO.png\" alt=\"\" width=\"461\" height=\"460\" srcset=\"https:\/\/meumundopersonalizado.com.br\/blog\/wp-content\/uploads\/2025\/05\/1.CESTA-BEBE-URSINHO.png 461w, https:\/\/meumundopersonalizado.com.br\/blog\/wp-content\/uploads\/2025\/05\/1.CESTA-BEBE-URSINHO-300x300.png 300w, https:\/\/meumundopersonalizado.com.br\/blog\/wp-content\/uploads\/2025\/05\/1.CESTA-BEBE-URSINHO-150x150.png 150w\" sizes=\"(max-width: 461px) 100vw, 461px\" \/><\/a><\/p>\n<p style=\"text-align: center;\"><em><span style=\"font-weight: 400; font-size: 8pt;\">Cesta Beb\u00ea Empresas com Ursinho \u2013 Unissex, a partir de R$ 325,15<\/span><\/em><\/p>\n<p>&nbsp;<\/p>\n<h3><a href=\"https:\/\/meumundopersonalizado.com.br\/produto\/kit-bebe-empresas-naninha-body-e-babador-c-kit-higiene\/\"><span style=\"font-weight: 400;\">2) Kit Beb\u00ea Empresas com Naninha, Body e Babador (com Kit Higiene)<\/span><\/a><\/h3>\n<p style=\"text-align: justify;\"><span style=\"font-weight: 400;\">O banho do beb\u00ea \u00e9 um momento de cuidado e carinho, e este kit, al\u00e9m de encantador, traz praticidade para essa rotina!<\/span><\/p>\n<p style=\"text-align: justify;\"><span style=\"font-weight: 400;\">Itens como a naninha, body e o babador\/bandana, podem ser personalizados, conferindo exclusividade ao presente oferecido pela empresa! Al\u00e9m destes, este kit vai com shampoo, condicionador e sabonete, sendo uma op\u00e7\u00e3o acess\u00edvel e customizada. Espia no <a href=\"https:\/\/meumundopersonalizado.com.br\/produto\/kit-bebe-empresas-naninha-body-e-babador-c-kit-higiene\/\">link!<\/a><\/span><\/p>\n<p><a href=\"https:\/\/meumundopersonalizado.com.br\/produto\/kit-bebe-empresas-naninha-body-e-babador-c-kit-higiene\/\"><img loading=\"lazy\" decoding=\"async\" class=\"aligncenter size-full wp-image-1239\" src=\"https:\/\/meumundopersonalizado.com.br\/blog\/wp-content\/uploads\/2025\/05\/2.Kit-Bebe-Empresas-Naninha-Body-e-Babador-com-Kit-Higiene.png\" alt=\"\" width=\"466\" height=\"465\" srcset=\"https:\/\/meumundopersonalizado.com.br\/blog\/wp-content\/uploads\/2025\/05\/2.Kit-Bebe-Empresas-Naninha-Body-e-Babador-com-Kit-Higiene.png 466w, https:\/\/meumundopersonalizado.com.br\/blog\/wp-content\/uploads\/2025\/05\/2.Kit-Bebe-Empresas-Naninha-Body-e-Babador-com-Kit-Higiene-300x300.png 300w, https:\/\/meumundopersonalizado.com.br\/blog\/wp-content\/uploads\/2025\/05\/2.Kit-Bebe-Empresas-Naninha-Body-e-Babador-com-Kit-Higiene-150x150.png 150w\" sizes=\"(max-width: 466px) 100vw, 466px\" \/><\/a><\/p>\n<p style=\"text-align: center;\"><em><span style=\"font-weight: 400; font-size: 8pt;\">Kit Beb\u00ea Empresas Naninha, Body e Babador (com Kit Higiene) a partir de R$ 172,30<\/span><\/em><\/p>\n<p>&nbsp;<\/p>\n<h3><a href=\"https:\/\/meumundopersonalizado.com.br\/produto\/kit-bebe-empresas-5-pecas-com-naninha-c-a-sua-logo-arte\/\"><span style=\"font-weight: 400;\">3) Kit Beb\u00ea Empresas com 5 pe\u00e7as com Naninha (com o seu logotipo)<\/span><\/a><\/h3>\n<p style=\"text-align: justify;\"><span style=\"font-weight: 400;\">Que tal um kit com itens personalizados e que podem fazer uma super diferen\u00e7a nos primeiros meses do beb\u00ea?\u00a0<\/span><\/p>\n<p style=\"text-align: justify;\"><span style=\"font-weight: 400;\">Esse conjunto \u00e9 perfeito para presentear os novos papais e mam\u00e3es da sua empresa, al\u00e9m de colaborar para refor\u00e7ar a sua marca, sendo composto por body, babador\/bandana, touca, um par de meias e mais uma naninha!\u00a0\u00a0<\/span><\/p>\n<p style=\"text-align: justify;\"><span style=\"font-weight: 400;\">Com essas pe\u00e7as, o presente tem tudo para ser \u00fatil, sem falar na possibilidade de personaliza\u00e7\u00e3o &#8211; tanto do babador, como do body e da naninha, que deixar\u00e3o esta lembran\u00e7a inesquec\u00edvel! Confira <a href=\"https:\/\/meumundopersonalizado.com.br\/produto\/kit-bebe-empresas-5-pecas-com-naninha-c-a-sua-logo-arte\/\">aqui!<\/a><\/span><\/p>\n<p><a href=\"https:\/\/meumundopersonalizado.com.br\/produto\/kit-bebe-empresas-5-pecas-com-naninha-c-a-sua-logo-arte\/\"><img loading=\"lazy\" decoding=\"async\" class=\"aligncenter size-full wp-image-1240\" src=\"https:\/\/meumundopersonalizado.com.br\/blog\/wp-content\/uploads\/2025\/05\/3.Kit-Bebe-Empresas-5-pecas-com-Naninha.png\" alt=\"\" width=\"461\" height=\"457\" srcset=\"https:\/\/meumundopersonalizado.com.br\/blog\/wp-content\/uploads\/2025\/05\/3.Kit-Bebe-Empresas-5-pecas-com-Naninha.png 461w, https:\/\/meumundopersonalizado.com.br\/blog\/wp-content\/uploads\/2025\/05\/3.Kit-Bebe-Empresas-5-pecas-com-Naninha-300x297.png 300w, https:\/\/meumundopersonalizado.com.br\/blog\/wp-content\/uploads\/2025\/05\/3.Kit-Bebe-Empresas-5-pecas-com-Naninha-150x150.png 150w\" sizes=\"(max-width: 461px) 100vw, 461px\" \/><\/a><\/p>\n<p style=\"text-align: center;\"><span style=\"font-size: 8pt;\"><em><span style=\"font-weight: 400;\">Kit Beb\u00ea Empresas com 5 pe\u00e7as com Naninha (com o seu logotipo)<\/span><span style=\"font-weight: 400;\">, a partir de R$149,80<\/span><\/em><\/span><\/p>\n<p>&nbsp;<\/p>\n<h3><a href=\"https:\/\/meumundopersonalizado.com.br\/produto\/kit-mamae-bebe-c-bolsa-maternidade-corporativo-mod-1\/\"><span style=\"font-weight: 400;\">4) Kit Mam\u00e3e Beb\u00ea c\/ Bolsa Maternidade Corporativo\u00a0<\/span><\/a><\/h3>\n<p style=\"text-align: justify;\"><span style=\"font-weight: 400;\">Kit al\u00e9m de lindo, perfeito para presentear rec\u00e9m-nascidos!<\/span><span style=\"font-weight: 400;\"><br \/>\n<\/span><span style=\"font-weight: 400;\">Composto por uma bolsa maternidade, trocador imperme\u00e1vel, manta em matelass\u00ea, al\u00e9m de body, babador\/bandana e naninha, este modelo vem tamb\u00e9m com itens de higiene do beb\u00ea e certamente ser\u00e1 muito usado nos primeiros meses de vida dos pequenos!<\/span><\/p>\n<p style=\"text-align: justify;\"><span style=\"font-weight: 400;\">Vale ressaltar que este \u00e9 um presente que pode casar bem em muitas ocasi\u00f5es, como ch\u00e1s de beb\u00ea, sa\u00edda para a licen\u00e7a maternidade ou ainda para presentear os novos papais na primeira visita de boas-vindas aos beb\u00eas. Espia no <a href=\"https:\/\/meumundopersonalizado.com.br\/produto\/kit-mamae-bebe-c-bolsa-maternidade-corporativo-mod-1\/\">link!<\/a>\u00a0<\/span><\/p>\n<p><a href=\"https:\/\/meumundopersonalizado.com.br\/produto\/kit-mamae-bebe-c-bolsa-maternidade-corporativo-mod-1\/\"><img loading=\"lazy\" decoding=\"async\" class=\"aligncenter size-full wp-image-1241\" src=\"https:\/\/meumundopersonalizado.com.br\/blog\/wp-content\/uploads\/2025\/05\/4.Kit-Mamae-Bebe-com-Bolsa-Maternidade-Corporativo-\u2013-Mod-1.png\" alt=\"\" width=\"463\" height=\"458\" srcset=\"https:\/\/meumundopersonalizado.com.br\/blog\/wp-content\/uploads\/2025\/05\/4.Kit-Mamae-Bebe-com-Bolsa-Maternidade-Corporativo-\u2013-Mod-1.png 463w, https:\/\/meumundopersonalizado.com.br\/blog\/wp-content\/uploads\/2025\/05\/4.Kit-Mamae-Bebe-com-Bolsa-Maternidade-Corporativo-\u2013-Mod-1-300x297.png 300w\" sizes=\"(max-width: 463px) 100vw, 463px\" \/><\/a><\/p>\n<p style=\"text-align: center;\"><span style=\"font-size: 8pt;\"><em><span style=\"font-weight: 400;\">Kit Mam\u00e3e Beb\u00ea c\/ Bolsa Maternidade Corporativo \u2013 Mod 1, a partir de R$394,50<\/span><\/em><\/span><\/p>\n<p style=\"text-align: justify;\"><span style=\"font-weight: 400;\">Lembrando que nessa op\u00e7\u00e3o, \u00e9 poss\u00edvel refor\u00e7ar a sua marca personalizando tamb\u00e9m as pe\u00e7as de enxoval com a sua logo ou arte escolhida, sem custo adicional e sem limite de cores!<\/span><\/p>\n<p>&nbsp;<\/p>\n<h3><a href=\"https:\/\/meumundopersonalizado.com.br\/produto\/kit-bebe-corporativo-toalha-de-banho-c-capuz-e-body-personalizados-com-logo-arte\/\"><span style=\"font-weight: 400;\">5) Kit Beb\u00ea Corporativo com toalha de banho com capuz e body \u2013 personalizados com Logo\/Arte<\/span><\/a><\/h3>\n<p style=\"text-align: justify;\"><span style=\"font-weight: 400;\">Um kit beb\u00ea corporativo composto por uma toalha de banho personalizada, \u00e9 sempre um gesto de carinho, ainda mais quando \u00e9 pensado e desenvolvido de forma exclusiva! Ele tamb\u00e9m vai acompanhado de um body branco de manga curta, o qual tamb\u00e9m pode ser personalizado com logo ou arte.<\/span><\/p>\n<p style=\"text-align: justify;\"><span style=\"font-weight: 400;\">Voc\u00ea sabia que para este kit \u00e9 poss\u00edvel adicionar itens de higiene e enxoval extras, tornando esta uma op\u00e7\u00e3o, al\u00e9m de linda, tamb\u00e9m funcional para os novos papais e mam\u00e3es? Acesse este kit <a href=\"https:\/\/meumundopersonalizado.com.br\/produto\/kit-bebe-corporativo-toalha-de-banho-c-capuz-e-body-personalizados-com-logo-arte\/\">aqui!<\/a><\/span><\/p>\n<p><a href=\"https:\/\/meumundopersonalizado.com.br\/produto\/kit-bebe-corporativo-toalha-de-banho-c-capuz-e-body-personalizados-com-logo-arte\/\"><img loading=\"lazy\" decoding=\"async\" class=\"aligncenter size-full wp-image-1242\" src=\"https:\/\/meumundopersonalizado.com.br\/blog\/wp-content\/uploads\/2025\/05\/5.Kit-Bebe-Corporativo-Toalha-de-Banho-com-Capuz-e-Body.png\" alt=\"\" width=\"463\" height=\"461\" srcset=\"https:\/\/meumundopersonalizado.com.br\/blog\/wp-content\/uploads\/2025\/05\/5.Kit-Bebe-Corporativo-Toalha-de-Banho-com-Capuz-e-Body.png 463w, https:\/\/meumundopersonalizado.com.br\/blog\/wp-content\/uploads\/2025\/05\/5.Kit-Bebe-Corporativo-Toalha-de-Banho-com-Capuz-e-Body-300x300.png 300w, https:\/\/meumundopersonalizado.com.br\/blog\/wp-content\/uploads\/2025\/05\/5.Kit-Bebe-Corporativo-Toalha-de-Banho-com-Capuz-e-Body-150x150.png 150w\" sizes=\"(max-width: 463px) 100vw, 463px\" \/><\/a><\/p>\n<p style=\"text-align: center;\"><span style=\"font-size: 8pt;\"><em><span style=\"font-weight: 400;\">Kit Beb\u00ea Corporativo Toalha de Banho c\/ Capuz e Body \u2013 Personalizados com Logo\/Arte, a partir de R$147,65<\/span><\/em><\/span><\/p>\n<p style=\"text-align: justify;\"><span style=\"font-weight: 400;\">A gente sempre gosta de lembrar que este kit chega embalado em um caixa branca com visor de acetato e acabamento com la\u00e7o e fita de cetim na cor desejada (cores tradicionais do mercado dispon\u00edveis)!<\/span><\/p>\n<p>&nbsp;<\/p>\n<h3><a href=\"https:\/\/meumundopersonalizado.com.br\/produto\/cesta-bebe-luxo-com-ovelha-de-pelucia-e-kit-banho-rosa\/\"><span style=\"font-weight: 400;\">6) Cesta Beb\u00ea Luxo com Ovelha de Pel\u00facia e Kit Banho \u2013 Rosa<\/span><\/a><\/h3>\n<p style=\"text-align: justify;\"><span style=\"font-weight: 400;\">Se voc\u00ea est\u00e1 procurando um presente completo para um colega ou funcion\u00e1rio de sua empresa, as op\u00e7\u00f5es de cesta maternidade s\u00e3o perfeitas!\u00a0<\/span><\/p>\n<p><a href=\"https:\/\/meumundopersonalizado.com.br\/produto\/cesta-bebe-luxo-com-ovelha-de-pelucia-e-kit-banho-rosa\/\"><img loading=\"lazy\" decoding=\"async\" class=\"aligncenter size-full wp-image-1243\" src=\"https:\/\/meumundopersonalizado.com.br\/blog\/wp-content\/uploads\/2025\/05\/6.Cesta-Bebe-Luxo-com-Ovelha-de-Pelucia-e-Kit-Banho-\u2013-Rosa.png\" alt=\"\" width=\"464\" height=\"461\" srcset=\"https:\/\/meumundopersonalizado.com.br\/blog\/wp-content\/uploads\/2025\/05\/6.Cesta-Bebe-Luxo-com-Ovelha-de-Pelucia-e-Kit-Banho-\u2013-Rosa.png 464w, https:\/\/meumundopersonalizado.com.br\/blog\/wp-content\/uploads\/2025\/05\/6.Cesta-Bebe-Luxo-com-Ovelha-de-Pelucia-e-Kit-Banho-\u2013-Rosa-300x298.png 300w, https:\/\/meumundopersonalizado.com.br\/blog\/wp-content\/uploads\/2025\/05\/6.Cesta-Bebe-Luxo-com-Ovelha-de-Pelucia-e-Kit-Banho-\u2013-Rosa-150x150.png 150w\" sizes=\"(max-width: 464px) 100vw, 464px\" \/><\/a><\/p>\n<p style=\"text-align: center;\"><em><span style=\"font-weight: 400; font-size: 8pt;\">Cesta Beb\u00ea Luxo com Ovelha de Pel\u00facia e Kit Banho \u2013 Rosa, a partir de R$474,50<\/span><\/em><\/p>\n<p style=\"text-align: justify;\"><span style=\"font-weight: 400;\">Esta cesta maravilhosa \u00e9 composta por uma manta matelass\u00ea, toalha com capuz, body em algod\u00e3o, babador e paninho de boca, al\u00e9m de uma ovelhinha de pel\u00facia &#8211; super macia e antial\u00e9rgica, sabonete l\u00edquido, len\u00e7os umedecidos e esponja de banho, o que torna este um presente surpreendente e requintado!<\/span><\/p>\n<p>Vale a pena investir em <a href=\"https:\/\/meumundopersonalizado.com.br\/produto\/cesta-bebe-luxo-com-ovelha-de-pelucia-e-kit-banho-rosa\/\">modelo super luxo <\/a>e celebrar este momento t\u00e3o especial que \u00e9 a chegada de um novo beb\u00ea!<\/p>\n<p>&nbsp;<\/p>\n<h3><a href=\"https:\/\/meumundopersonalizado.com.br\/produto\/ovelha-de-pelucia-com-camiseta-personalizada-com-a-sua-logo-arte\/\"><span style=\"font-weight: 400;\">7) Pel\u00facias!<\/span><\/a><\/h3>\n<p style=\"text-align: justify;\"><span style=\"font-weight: 400;\">Podendo decorar tanto um ch\u00e1 de revela\u00e7\u00e3o, quanto um ch\u00e1 de beb\u00ea, as pel\u00facias s\u00e3o uma op\u00e7\u00e3o que agradam n\u00e3o somente pela delicadeza, mas tamb\u00e9m por eternizarem um gesto de carinho!\u00a0\u00a0<\/span><\/p>\n<p style=\"text-align: justify;\"><span style=\"font-weight: 400;\">Sabe aquela primeira ida \u00e0 maternidade para conhecer o novo beb\u00ea? Elas tamb\u00e9m s\u00e3o perfeitas para esta visita, anivers\u00e1rio de crian\u00e7as e at\u00e9 para os adultos!<\/span><\/p>\n<p style=\"text-align: justify;\"><span style=\"font-weight: 400;\">Este tipo de presente pode, inclusive, acompanhar a crian\u00e7a durante anos, ainda mais na forma personalizada, ganhando um tom ainda mais especial! Veja todas elas<a href=\"https:\/\/meumundopersonalizado.com.br\/produto\/ovelha-de-pelucia-com-camiseta-personalizada-com-a-sua-logo-arte\/\"> aqui!<\/a><\/span><\/p>\n<p><a href=\"https:\/\/meumundopersonalizado.com.br\/produto\/ovelha-de-pelucia-com-camiseta-personalizada-com-a-sua-logo-arte\/\"><img loading=\"lazy\" decoding=\"async\" class=\"aligncenter size-full wp-image-1244\" src=\"https:\/\/meumundopersonalizado.com.br\/blog\/wp-content\/uploads\/2025\/05\/7.Ovelha-de-Pelucia-com-camiseta-personalizada-com-a-sua-logo.png\" alt=\"\" width=\"461\" height=\"458\" srcset=\"https:\/\/meumundopersonalizado.com.br\/blog\/wp-content\/uploads\/2025\/05\/7.Ovelha-de-Pelucia-com-camiseta-personalizada-com-a-sua-logo.png 461w, https:\/\/meumundopersonalizado.com.br\/blog\/wp-content\/uploads\/2025\/05\/7.Ovelha-de-Pelucia-com-camiseta-personalizada-com-a-sua-logo-300x298.png 300w, https:\/\/meumundopersonalizado.com.br\/blog\/wp-content\/uploads\/2025\/05\/7.Ovelha-de-Pelucia-com-camiseta-personalizada-com-a-sua-logo-150x150.png 150w\" sizes=\"(max-width: 461px) 100vw, 461px\" \/><\/a><\/p>\n<p style=\"text-align: center;\"><em><span style=\"font-weight: 400; font-size: 8pt;\">Ovelha de Pel\u00facia com camiseta personalizada, a partir de R$97,90<\/span><\/em><\/p>\n<p>&nbsp;<\/p>\n<h3><a href=\"https:\/\/meumundopersonalizado.com.br\/produto\/kit-mamae-bebe-c-bolsa-maternidade-e-naninha-do-elefantinho\/\"><span style=\"font-weight: 400;\">8) Kit Mam\u00e3e Beb\u00ea com Bolsa Maternidade Corporativo<\/span><span style=\"font-weight: 400;\"> \u2013 Modelo 4<\/span><\/a><\/h3>\n<p style=\"text-align: justify;\"><span style=\"font-weight: 400;\">E se o ambiente empresarial costuma ser um tanto quanto impessoal, mimar seu colaborador no momento do nascimento do beb\u00ea, \u00e9 um ato que vai muito al\u00e9m de presentear: a partir dele, a rela\u00e7\u00e3o entre empresa e funcion\u00e1rio pode atingir outro patamar!<\/span><\/p>\n<p style=\"text-align: justify;\"><span style=\"font-weight: 400;\">Confira um dos kits mais bacanas e completos, o kit mam\u00e3e beb\u00ea com bolsa maternidade <a href=\"https:\/\/meumundopersonalizado.com.br\/produto\/kit-mamae-bebe-c-bolsa-maternidade-e-naninha-do-elefantinho\/\">(modelo 4)<\/a>, um presente muito fofo, perfeito para presentear os colaboradores e clientes da sua empresa que se tornaram mam\u00e3es e papais!<\/span><\/p>\n<p><a href=\"https:\/\/meumundopersonalizado.com.br\/produto\/kit-mamae-bebe-c-bolsa-maternidade-e-naninha-do-elefantinho\/\"><img loading=\"lazy\" decoding=\"async\" class=\"aligncenter size-full wp-image-1245\" src=\"https:\/\/meumundopersonalizado.com.br\/blog\/wp-content\/uploads\/2025\/05\/8.Kit-Mamae-Bebe-com-Bolsa-Maternidade-Corporativo.png\" alt=\"\" width=\"464\" height=\"464\" srcset=\"https:\/\/meumundopersonalizado.com.br\/blog\/wp-content\/uploads\/2025\/05\/8.Kit-Mamae-Bebe-com-Bolsa-Maternidade-Corporativo.png 464w, https:\/\/meumundopersonalizado.com.br\/blog\/wp-content\/uploads\/2025\/05\/8.Kit-Mamae-Bebe-com-Bolsa-Maternidade-Corporativo-300x300.png 300w, https:\/\/meumundopersonalizado.com.br\/blog\/wp-content\/uploads\/2025\/05\/8.Kit-Mamae-Bebe-com-Bolsa-Maternidade-Corporativo-150x150.png 150w\" sizes=\"(max-width: 464px) 100vw, 464px\" \/><\/a><\/p>\n<p style=\"text-align: center;\"><em><span style=\"font-weight: 400; font-size: 8pt;\">Kit Mam\u00e3e Beb\u00ea c\/ Bolsa Maternidade Corporativo \u2013 Mod 4, a partir de R$419,50<\/span><\/em><\/p>\n<p style=\"text-align: justify;\"><span style=\"font-weight: 400;\">Veja quanta coisa bacana este kit matenidade cont\u00e9m!<\/span><\/p>\n<ul style=\"text-align: justify;\">\n<li style=\"font-weight: 400;\" aria-level=\"1\"><span style=\"font-weight: 400;\">1 Bolsa Maternidade 40X26X19cm com z\u00edper frontal \u2013 sem personaliza\u00e7\u00e3o<\/span><\/li>\n<\/ul>\n<ul style=\"text-align: justify;\">\n<li style=\"font-weight: 400;\" aria-level=\"1\"><span style=\"font-weight: 400;\">1 Trocador imperme\u00e1vel branco<\/span><\/li>\n<\/ul>\n<ul style=\"text-align: justify;\">\n<li style=\"font-weight: 400;\" aria-level=\"1\"><span style=\"font-weight: 400;\">1 Manta em malha matelass\u00ea 100cm x 70cm \u2013 bordada com o nome do beb\u00ea<\/span><\/li>\n<\/ul>\n<ul style=\"text-align: justify;\">\n<li style=\"font-weight: 400;\" aria-level=\"1\"><span style=\"font-weight: 400;\">1 Body 96% poli\u00e9ster e 4% elastano branco, manga curta \u2013 personalizado com logo\/arte<\/span><\/li>\n<\/ul>\n<ul style=\"text-align: justify;\">\n<li style=\"font-weight: 400;\" aria-level=\"1\"><span style=\"font-weight: 400;\">1 Babador bandana 96% poli\u00e9ster e 4% elastano branco \u2013 personalizado com logo\/arte<\/span><\/li>\n<\/ul>\n<ul style=\"text-align: justify;\">\n<li style=\"font-weight: 400;\" aria-level=\"1\"><span style=\"font-weight: 400;\">1 Naninha do elefantinho \u2013 bordada com o nome do beb\u00ea<\/span><\/li>\n<\/ul>\n<ul style=\"text-align: justify;\">\n<li style=\"font-weight: 400;\" aria-level=\"1\"><span style=\"font-weight: 400;\">1 Pacote de fraldas Huggies Supreme Care c\/ 24 unidades<\/span><\/li>\n<\/ul>\n<ul style=\"text-align: justify;\">\n<li style=\"font-weight: 400;\" aria-level=\"1\"><span style=\"font-weight: 400;\">1 Shampoo Johnson\u2019s baby 200ml<\/span><\/li>\n<\/ul>\n<ul style=\"text-align: justify;\">\n<li style=\"font-weight: 400;\" aria-level=\"1\"><span style=\"font-weight: 400;\">1 pacote de len\u00e7os umedecidos Johnson\u2019s \u2013 48 unidades<\/span><\/li>\n<\/ul>\n<ul style=\"text-align: justify;\">\n<li style=\"font-weight: 400;\" aria-level=\"1\"><span style=\"font-weight: 400;\">1 sabonete em barras Johnson\u2019s 80gr<\/span><\/li>\n<\/ul>\n<p>Aproveite e veja ele completo<a href=\"https:\/\/meumundopersonalizado.com.br\/produto\/kit-mamae-bebe-c-bolsa-maternidade-e-naninha-do-elefantinho\/\"> aqui!<\/a><\/p>\n<p>&nbsp;<\/p>\n<h3><a href=\"https:\/\/meumundopersonalizado.com.br\/produto\/kit-mamae-bebe-c-bolsa-maternidade-corporativo-mod-2\/\"><span style=\"font-weight: 400;\">9) Kit Mam\u00e3e Beb\u00ea com Bolsa Maternidade Corporativo \u2013 Modelo 2<\/span><\/a><\/h3>\n<p style=\"text-align: justify;\"><span style=\"font-weight: 400;\">Para esta fase de transi\u00e7\u00e3o, tanto para futuras mam\u00e3es, quanto para os novos papais, foi constatado em pesquisas recentes que, principalmente para aqueles de primeira viagem, estar em um ambiente de trabalho com a\u00e7\u00f5es e programas desenvolvidos especialmente para esta fase, torna esta etapa muito mais \u201cf\u00e1cil\u201d do que o esperado!<\/span><\/p>\n<p style=\"text-align: justify;\"><span style=\"font-weight: 400;\">E para marcar presen\u00e7a no momento do nascimento, que tal a sua empresa investir em um kit mam\u00e3e beb\u00ea com bolsa maternidade e que vem tamb\u00e9m com um livro Di\u00e1rio do Beb\u00ea da Disney? <\/span><\/p>\n<p style=\"text-align: justify;\"><span style=\"font-weight: 400;\">Demais, n\u00e9? Veja <a href=\"https:\/\/meumundopersonalizado.com.br\/produto\/kit-mamae-bebe-c-bolsa-maternidade-corporativo-mod-2\/\">aqui!<\/a><\/span><\/p>\n<p><a href=\"https:\/\/meumundopersonalizado.com.br\/produto\/kit-mamae-bebe-c-bolsa-maternidade-corporativo-mod-2\/\"><em><span style=\"font-size: 8pt;\"><img loading=\"lazy\" decoding=\"async\" class=\"size-full wp-image-1246 aligncenter\" src=\"https:\/\/meumundopersonalizado.com.br\/blog\/wp-content\/uploads\/2025\/05\/Kit-Mamae-Bebe-com-Bolsa-Maternidade-Corporativo-Modelo-2.png\" alt=\"\" width=\"461\" height=\"464\" srcset=\"https:\/\/meumundopersonalizado.com.br\/blog\/wp-content\/uploads\/2025\/05\/Kit-Mamae-Bebe-com-Bolsa-Maternidade-Corporativo-Modelo-2.png 461w, https:\/\/meumundopersonalizado.com.br\/blog\/wp-content\/uploads\/2025\/05\/Kit-Mamae-Bebe-com-Bolsa-Maternidade-Corporativo-Modelo-2-298x300.png 298w, https:\/\/meumundopersonalizado.com.br\/blog\/wp-content\/uploads\/2025\/05\/Kit-Mamae-Bebe-com-Bolsa-Maternidade-Corporativo-Modelo-2-150x150.png 150w\" sizes=\"(max-width: 461px) 100vw, 461px\" \/><\/span><\/em><\/a><\/p>\n<p style=\"text-align: center;\"><em><span style=\"font-weight: 400; font-size: 8pt;\">Kit Mam\u00e3e Beb\u00ea c\/ Bolsa Maternidade Corporativo \u2013 Mod 2, a partir de R$367,20<\/span><\/em><\/p>\n<p style=\"text-align: justify;\"><span style=\"font-weight: 400;\">Vale lembrar que este presente \u00e9 finalizado com celofane + um la\u00e7o com uma fita de cetim e que cont\u00e9m itens de enxoval e de higiene essenciais para um beb\u00ea rec\u00e9m-nascido, embalados de forma delicada!<\/span><\/p>\n<h3><a href=\"https:\/\/meumundopersonalizado.com.br\/produto\/cesta-bebe-corporativa-com-naninha-e-ursinho-personalizados\/\"><span style=\"font-weight: 400;\">10) Cesta Beb\u00ea Corporativa com Naninha e Ursinho Personalizados<\/span><\/a><\/h3>\n<p style=\"text-align: justify;\"><span style=\"font-weight: 400;\">Linda cesta beb\u00ea corporativa que conta com itens de enxoval e higiene para o beb\u00ea, al\u00e9m de um ursinho e uma naninha muito fofos, todos personalizados com logo ou qualquer outra arte desejada! <\/span><\/p>\n<p style=\"text-align: justify;\"><span style=\"font-weight: 400;\">Sabia que todos estes itens v\u00e3o em uma cesta de vime linda, com a<\/span>cabamento com la\u00e7o de cetim combinando com as cores da empresa<span style=\"font-weight: 400;\">?<\/span><\/p>\n<p style=\"text-align: justify;\"><span style=\"font-weight: 400;\">D\u00e1 uma olhada, por exemplo, neste<a href=\"https:\/\/meumundopersonalizado.com.br\/produto\/cesta-bebe-corporativa-com-naninha-e-ursinho-personalizados\/\"> modelo abaixo!<\/a><\/span><\/p>\n<p><a href=\"https:\/\/meumundopersonalizado.com.br\/produto\/cesta-bebe-corporativa-com-naninha-e-ursinho-personalizados\/\"><img loading=\"lazy\" decoding=\"async\" class=\"aligncenter size-full wp-image-1247\" src=\"https:\/\/meumundopersonalizado.com.br\/blog\/wp-content\/uploads\/2025\/05\/10.Cesta-Bebe-Corporativa-com-Naninha-e-Ursinho-Personalizados.png\" alt=\"\" width=\"461\" height=\"461\" srcset=\"https:\/\/meumundopersonalizado.com.br\/blog\/wp-content\/uploads\/2025\/05\/10.Cesta-Bebe-Corporativa-com-Naninha-e-Ursinho-Personalizados.png 461w, https:\/\/meumundopersonalizado.com.br\/blog\/wp-content\/uploads\/2025\/05\/10.Cesta-Bebe-Corporativa-com-Naninha-e-Ursinho-Personalizados-300x300.png 300w, https:\/\/meumundopersonalizado.com.br\/blog\/wp-content\/uploads\/2025\/05\/10.Cesta-Bebe-Corporativa-com-Naninha-e-Ursinho-Personalizados-150x150.png 150w\" sizes=\"(max-width: 461px) 100vw, 461px\" \/><\/a><\/p>\n<p style=\"text-align: center;\"><em><span style=\"font-weight: 400; font-size: 8pt;\">Cesta Beb\u00ea Corporativa com Naninha e Ursinho Personalizados, a partir de R$349,90<\/span><\/em><\/p>\n<p>&nbsp;<\/p>\n<h3 style=\"text-align: justify;\"><a href=\"https:\/\/meumundopersonalizado.com.br\/produto\/quadro-presente-mae-com-8-fotos-e-significado\/\"><span style=\"font-weight: 400;\">Dica de presente extra! Quadro especial para as mam\u00e3es!\u00a0<\/span><\/a><\/h3>\n<p style=\"text-align: justify;\"><span style=\"font-weight: 400;\">J\u00e1 que o nascimento de uma crian\u00e7a \u00e9 um momento inesquec\u00edvel e que vai mudar completamente a vida de seus colaboradores, que tal demonstrar que todos os colegas e a empresa est\u00e3o torcendo e apoiando a mam\u00e3e e o papai nessa nova etapa?<\/span><\/p>\n<p style=\"text-align: justify;\"><span style=\"font-weight: 400;\">Veja <a href=\"https:\/\/meumundopersonalizado.com.br\/produto\/quadro-presente-mae-com-8-fotos-e-significado\/\">aqui<\/a> que legal essa ideia de quadro para surpreender as mam\u00e3es, sejam elas de qualquer idade e tamb\u00e9m independentemente de terem filhos beb\u00eas, crian\u00e7as ou j\u00e1 adultos!\u00a0<\/span><\/p>\n<p><a href=\"https:\/\/meumundopersonalizado.com.br\/produto\/quadro-presente-mae-com-8-fotos-e-significado\/\"><img loading=\"lazy\" decoding=\"async\" class=\"aligncenter size-full wp-image-1248\" src=\"https:\/\/meumundopersonalizado.com.br\/blog\/wp-content\/uploads\/2025\/05\/11.Quadro.png\" alt=\"\" width=\"465\" height=\"463\" srcset=\"https:\/\/meumundopersonalizado.com.br\/blog\/wp-content\/uploads\/2025\/05\/11.Quadro.png 465w, https:\/\/meumundopersonalizado.com.br\/blog\/wp-content\/uploads\/2025\/05\/11.Quadro-300x300.png 300w, https:\/\/meumundopersonalizado.com.br\/blog\/wp-content\/uploads\/2025\/05\/11.Quadro-150x150.png 150w\" sizes=\"(max-width: 465px) 100vw, 465px\" \/><\/a><\/p>\n<p style=\"text-align: center;\"><span style=\"font-size: 10pt;\"><em><span style=\"font-weight: 400;\">Quadro Significado da Palavra M\u00e3e, a partir de R$149<\/span><\/em><\/span><\/p>\n<p style=\"text-align: justify;\"><span style=\"font-weight: 400;\">Se a cria\u00e7\u00e3o de um bom v\u00ednculo entre colegas e times de trabalho pode afetar diretamente a produtividade e a motiva\u00e7\u00e3o dos funcion\u00e1rios, presentear os papais e mam\u00e3es da empresa \u00e9 uma forma excelente de mostrar empatia e carinho!<\/span><\/p>\n<p style=\"text-align: justify;\"><span style=\"font-weight: 400;\">Voc\u00ea j\u00e1 pensou que, inclusive, pode aproveitar a fase da licen\u00e7a parental tamb\u00e9m como um movimento estrat\u00e9gico para a sua empresa?\u00a0<\/span><\/p>\n<p style=\"text-align: justify;\"><span style=\"font-weight: 400;\">Alguns estudos apontam uma s\u00e9rie de benef\u00edcios para o seu neg\u00f3cio:<\/span><\/p>\n<ul style=\"text-align: justify;\">\n<li style=\"font-weight: 400;\" aria-level=\"1\"><span style=\"font-weight: 400;\">Diminui\u00e7\u00e3o da taxa de turnover<\/span><\/li>\n<\/ul>\n<ul style=\"text-align: justify;\">\n<li style=\"font-weight: 400;\" aria-level=\"1\"><span style=\"font-weight: 400;\">Aumento do engajamento interno<\/span><\/li>\n<\/ul>\n<ul style=\"text-align: justify;\">\n<li style=\"font-weight: 400;\" aria-level=\"1\"><span style=\"font-weight: 400;\">Melhora dos \u00edndices de atra\u00e7\u00e3o de talentos<\/span><\/li>\n<\/ul>\n<p style=\"text-align: justify;\"><span style=\"font-weight: 400;\">Desta forma, existem outras possibilidades a serem exploradas e que v\u00e3o fazer seu colaborador se sentir muito mais valorizado, al\u00e9m de presentes para as datas comemorativas de praxe, como anivers\u00e1rio, dia do trabalhador ou da profiss\u00e3o!<\/span><\/p>\n<p style=\"text-align: justify;\"><span style=\"font-weight: 400;\">Gostou das ideias? Aproveite para conhecer as op\u00e7\u00f5es de kits, cestas, quadros e outros presentes sensacionais dispon\u00edveis na <\/span><a href=\"https:\/\/meumundopersonalizado.com.br\/\"><span style=\"font-weight: 400;\">Meu Mundo Personalizado<\/span><\/a><span style=\"font-weight: 400;\">, sem d\u00favida, presentes que emocionam em tantas ocasi\u00f5es especiais!<\/span><\/p>\n<p style=\"text-align: justify;\"><span style=\"font-weight: 400;\">Acesse o site: <a href=\"https:\/\/meumundopersonalizado.com.br\/\">www.meumundopersonalizado.com.br<\/a><\/span><\/p>\n<p>&nbsp;<\/p>\n","protected":false},"excerpt":{"rendered":"<p>Voc\u00ea j\u00e1 parou para refletir sobre os momentos especiais vivenciados por seus colaboradores dentro e fora da empresa? O per\u00edodo de licen\u00e7a parental (maternidade ou paternidade), por exemplo, \u00e9 uma \u00f3tima oportunidade para demonstrar carinho a quem contribui diariamente para o crescimento do seu neg\u00f3cio. Kits e presentes pensados especialmente para os beb\u00eas, s\u00e3o op\u00e7\u00f5es&#8230;<\/p>\n","protected":false},"author":8,"featured_media":1261,"comment_status":"open","ping_status":"open","sticky":false,"template":"","format":"standard","meta":{"footnotes":""},"categories":[1,35],"tags":[31,38,37,36,33,32],"class_list":["post-1237","post","type-post","status-publish","format-standard","has-post-thumbnail","hentry","category-novidades","category-produtos","tag-kit-bebe","tag-kit-presente","tag-presente-personalizado","tag-presentes","tag-recursos-humanos","tag-rh","main-post"],"yoast_head":"<!-- This site is optimized with the Yoast SEO plugin v14.1 - https:\/\/yoast.com\/wordpress\/plugins\/seo\/ -->\n<title>10 Ideias de Cestas e Kits Beb\u00ea para presentear colaboradores que ser\u00e3o papais e mam\u00e3es! - Blog Meu Mundo Personalizado<\/title>\n<meta name=\"robots\" content=\"index, follow\" \/>\n<meta name=\"googlebot\" content=\"index, follow, max-snippet:-1, max-image-preview:large, max-video-preview:-1\" \/>\n<meta name=\"bingbot\" content=\"index, follow, max-snippet:-1, max-image-preview:large, max-video-preview:-1\" \/>\n<link rel=\"canonical\" href=\"https:\/\/meumundopersonalizado.com.br\/blog\/10-ideias-de-cestas-e-kits-bebes-para-presentear-seus-colaboradores\/\" \/>\n<meta property=\"og:locale\" content=\"pt_BR\" \/>\n<meta property=\"og:type\" content=\"article\" \/>\n<meta property=\"og:title\" content=\"10 Ideias de Cestas e Kits Beb\u00ea para presentear colaboradores que ser\u00e3o papais e mam\u00e3es! - Blog Meu Mundo Personalizado\" \/>\n<meta property=\"og:description\" content=\"Voc\u00ea j\u00e1 parou para refletir sobre os momentos especiais vivenciados por seus colaboradores dentro e fora da empresa? O per\u00edodo de licen\u00e7a parental (maternidade ou paternidade), por exemplo, \u00e9 uma \u00f3tima oportunidade para demonstrar carinho a quem contribui diariamente para o crescimento do seu neg\u00f3cio. Kits e presentes pensados especialmente para os beb\u00eas, s\u00e3o op\u00e7\u00f5es...\" \/>\n<meta property=\"og:url\" content=\"https:\/\/meumundopersonalizado.com.br\/blog\/10-ideias-de-cestas-e-kits-bebes-para-presentear-seus-colaboradores\/\" \/>\n<meta property=\"og:site_name\" content=\"Blog Meu Mundo Personalizado\" \/>\n<meta property=\"article:published_time\" content=\"2025-05-23T20:35:52+00:00\" \/>\n<meta property=\"article:modified_time\" content=\"2025-05-26T19:51:02+00:00\" \/>\n<meta property=\"og:image\" content=\"https:\/\/meumundopersonalizado.com.br\/blog\/wp-content\/uploads\/2025\/05\/HEADER-2.jpg\" \/>\n\t<meta property=\"og:image:width\" content=\"2000\" \/>\n\t<meta property=\"og:image:height\" content=\"1000\" \/>\n<meta name=\"twitter:card\" content=\"summary\" \/>\n<script type=\"application\/ld+json\" class=\"yoast-schema-graph\">{\"@context\":\"https:\/\/schema.org\",\"@graph\":[{\"@type\":\"Organization\",\"@id\":\"https:\/\/meumundopersonalizado.com.br\/blog\/#organization\",\"name\":\"Meu Mundo Personalizado\",\"url\":\"https:\/\/meumundopersonalizado.com.br\/blog\/\",\"sameAs\":[],\"logo\":{\"@type\":\"ImageObject\",\"@id\":\"https:\/\/meumundopersonalizado.com.br\/blog\/#logo\",\"inLanguage\":\"pt-BR\",\"url\":\"https:\/\/meumundopersonalizado.com.br\/blog\/wp-content\/uploads\/2016\/06\/Logo-transparent-background.png\",\"width\":600,\"height\":600,\"caption\":\"Meu Mundo Personalizado\"},\"image\":{\"@id\":\"https:\/\/meumundopersonalizado.com.br\/blog\/#logo\"}},{\"@type\":\"WebSite\",\"@id\":\"https:\/\/meumundopersonalizado.com.br\/blog\/#website\",\"url\":\"https:\/\/meumundopersonalizado.com.br\/blog\/\",\"name\":\"Blog Meu Mundo Personalizado\",\"description\":\"Ideias e Novidades\",\"publisher\":{\"@id\":\"https:\/\/meumundopersonalizado.com.br\/blog\/#organization\"},\"potentialAction\":[{\"@type\":\"SearchAction\",\"target\":\"https:\/\/meumundopersonalizado.com.br\/blog\/?s={search_term_string}\",\"query-input\":\"required name=search_term_string\"}],\"inLanguage\":\"pt-BR\"},{\"@type\":\"ImageObject\",\"@id\":\"https:\/\/meumundopersonalizado.com.br\/blog\/10-ideias-de-cestas-e-kits-bebes-para-presentear-seus-colaboradores\/#primaryimage\",\"inLanguage\":\"pt-BR\",\"url\":\"https:\/\/meumundopersonalizado.com.br\/blog\/wp-content\/uploads\/2025\/05\/HEADER-2.jpg\",\"width\":2000,\"height\":1000},{\"@type\":\"WebPage\",\"@id\":\"https:\/\/meumundopersonalizado.com.br\/blog\/10-ideias-de-cestas-e-kits-bebes-para-presentear-seus-colaboradores\/#webpage\",\"url\":\"https:\/\/meumundopersonalizado.com.br\/blog\/10-ideias-de-cestas-e-kits-bebes-para-presentear-seus-colaboradores\/\",\"name\":\"10 Ideias de Cestas e Kits Beb\\u00ea para presentear colaboradores que ser\\u00e3o papais e mam\\u00e3es! - Blog Meu Mundo Personalizado\",\"isPartOf\":{\"@id\":\"https:\/\/meumundopersonalizado.com.br\/blog\/#website\"},\"primaryImageOfPage\":{\"@id\":\"https:\/\/meumundopersonalizado.com.br\/blog\/10-ideias-de-cestas-e-kits-bebes-para-presentear-seus-colaboradores\/#primaryimage\"},\"datePublished\":\"2025-05-23T20:35:52+00:00\",\"dateModified\":\"2025-05-26T19:51:02+00:00\",\"inLanguage\":\"pt-BR\",\"potentialAction\":[{\"@type\":\"ReadAction\",\"target\":[\"https:\/\/meumundopersonalizado.com.br\/blog\/10-ideias-de-cestas-e-kits-bebes-para-presentear-seus-colaboradores\/\"]}]},{\"@type\":\"Article\",\"@id\":\"https:\/\/meumundopersonalizado.com.br\/blog\/10-ideias-de-cestas-e-kits-bebes-para-presentear-seus-colaboradores\/#article\",\"isPartOf\":{\"@id\":\"https:\/\/meumundopersonalizado.com.br\/blog\/10-ideias-de-cestas-e-kits-bebes-para-presentear-seus-colaboradores\/#webpage\"},\"author\":{\"@id\":\"https:\/\/meumundopersonalizado.com.br\/blog\/#\/schema\/person\/a4b9fb62ff169939ab37204f837678fb\"},\"headline\":\"10 Ideias de Cestas e Kits Beb\\u00ea para presentear colaboradores que ser\\u00e3o papais e mam\\u00e3es!\",\"datePublished\":\"2025-05-23T20:35:52+00:00\",\"dateModified\":\"2025-05-26T19:51:02+00:00\",\"commentCount\":0,\"mainEntityOfPage\":{\"@id\":\"https:\/\/meumundopersonalizado.com.br\/blog\/10-ideias-de-cestas-e-kits-bebes-para-presentear-seus-colaboradores\/#webpage\"},\"publisher\":{\"@id\":\"https:\/\/meumundopersonalizado.com.br\/blog\/#organization\"},\"image\":{\"@id\":\"https:\/\/meumundopersonalizado.com.br\/blog\/10-ideias-de-cestas-e-kits-bebes-para-presentear-seus-colaboradores\/#primaryimage\"},\"keywords\":\"kit beb\\u00ea,kit presente,presente personalizado,presentes,recursos humanos,rh\",\"articleSection\":\"Novidades,Produtos\",\"inLanguage\":\"pt-BR\",\"potentialAction\":[{\"@type\":\"CommentAction\",\"name\":\"Comment\",\"target\":[\"https:\/\/meumundopersonalizado.com.br\/blog\/10-ideias-de-cestas-e-kits-bebes-para-presentear-seus-colaboradores\/#respond\"]}]},{\"@type\":[\"Person\"],\"@id\":\"https:\/\/meumundopersonalizado.com.br\/blog\/#\/schema\/person\/a4b9fb62ff169939ab37204f837678fb\",\"name\":\"Meu Mundo Personalizado\",\"image\":{\"@type\":\"ImageObject\",\"@id\":\"https:\/\/meumundopersonalizado.com.br\/blog\/#personlogo\",\"inLanguage\":\"pt-BR\",\"url\":\"https:\/\/secure.gravatar.com\/avatar\/f8a7230fe1a7085ce436609e79559303?s=96&d=mm&r=g\",\"caption\":\"Meu Mundo Personalizado\"}}]}<\/script>\n<!-- \/ Yoast SEO plugin. -->","_links":{"self":[{"href":"https:\/\/meumundopersonalizado.com.br\/blog\/wp-json\/wp\/v2\/posts\/1237"}],"collection":[{"href":"https:\/\/meumundopersonalizado.com.br\/blog\/wp-json\/wp\/v2\/posts"}],"about":[{"href":"https:\/\/meumundopersonalizado.com.br\/blog\/wp-json\/wp\/v2\/types\/post"}],"author":[{"embeddable":true,"href":"https:\/\/meumundopersonalizado.com.br\/blog\/wp-json\/wp\/v2\/users\/8"}],"replies":[{"embeddable":true,"href":"https:\/\/meumundopersonalizado.com.br\/blog\/wp-json\/wp\/v2\/comments?post=1237"}],"version-history":[{"count":8,"href":"https:\/\/meumundopersonalizado.com.br\/blog\/wp-json\/wp\/v2\/posts\/1237\/revisions"}],"predecessor-version":[{"id":1262,"href":"https:\/\/meumundopersonalizado.com.br\/blog\/wp-json\/wp\/v2\/posts\/1237\/revisions\/1262"}],"wp:featuredmedia":[{"embeddable":true,"href":"https:\/\/meumundopersonalizado.com.br\/blog\/wp-json\/wp\/v2\/media\/1261"}],"wp:attachment":[{"href":"https:\/\/meumundopersonalizado.com.br\/blog\/wp-json\/wp\/v2\/media?parent=1237"}],"wp:term":[{"taxonomy":"category","embeddable":true,"href":"https:\/\/meumundopersonalizado.com.br\/blog\/wp-json\/wp\/v2\/categories?post=1237"},{"taxonomy":"post_tag","embeddable":true,"href":"https:\/\/meumundopersonalizado.com.br\/blog\/wp-json\/wp\/v2\/tags?post=1237"}],"curies":[{"name":"wp","href":"https:\/\/api.w.org\/{rel}","templated":true}]}}