{"id":1332,"date":"2026-08-27T19:11:43","date_gmt":"2026-08-27T22:11:43","guid":{"rendered":"https:\/\/meumundopersonalizado.com.br\/blog\/?p=1332"},"modified":"2026-08-27T19:26:51","modified_gmt":"2026-08-27T22:26:51","slug":"dia-das-criancas-nas-empresas-quando-comecar-o-planejamento-para-garantir-uma-campanha-de-sucesso","status":"publish","type":"post","link":"https:\/\/meumundopersonalizado.com.br\/blog\/dia-das-criancas-nas-empresas-quando-comecar-o-planejamento-para-garantir-uma-campanha-de-sucesso\/","title":{"rendered":"Dia das Crian\u00e7as nas empresas: quando come\u00e7ar o planejamento para ter uma campanha de sucesso?"},"content":{"rendered":"<div dir=\"ltr\">\n<div><span class=\"il\">O<\/span>\u00a0<span class=\"il\">Dia<\/span>\u00a0<span class=\"il\">das<\/span>\u00a0<span class=\"il\">Crian\u00e7as<\/span>\u00a0\u00e9 a terceira data mais importante do varejo brasileiro, atr\u00e1s apenas do Natal e do\u00a0<span class=\"il\">Dia<\/span>\u00a0<span class=\"il\">das<\/span>\u00a0M\u00e3es. Segundo a Confedera\u00e7\u00e3<span class=\"il\">o<\/span>\u00a0Nacional do Com\u00e9rcio (<a href=\"https:\/\/portaldocomercio.org.br\/\" target=\"_blank\" rel=\"noopener\" data-saferedirecturl=\"https:\/\/www.google.com\/url?q=https:\/\/portaldocomercio.org.br\/&amp;source=gmail&amp;ust=1787954583515000&amp;usg=AOvVaw1gsItC-M83B_d7kejW66bC\">CNC<\/a>), a data movimenta bilh\u00f5es de reais todos os anos e representa um dos momentos mais relevantes do calend\u00e1rio comercial brasileiro.\u00a0<span class=\"il\">Para<\/span>\u00a0<span class=\"il\">o<\/span>\u00a0RH, por\u00e9m, seu maior valor est\u00e1 na oportunidade de fortalecer\u00a0<span class=\"il\">o<\/span>\u00a0relacionamento entre empresa, colaboradores e suas fam\u00edlias.<\/div>\n<p>Setembro e outubro concentram\u00a0<span class=\"il\">uma<\/span>\u00a0<span class=\"il\">das<\/span>\u00a0a\u00e7\u00f5es internas mais aguardadas do ano por quem tem filhos, tornando essa\u00a0<span class=\"il\">campanha<\/span>\u00a0<span class=\"il\">uma<\/span>\u00a0oportunidade de fortalecer v\u00ednculos entre empresa, colaborador e fam\u00edlia.\u00a0Apesar disso, muitas organiza\u00e7\u00f5es ainda deixam\u00a0<span class=\"il\">o<\/span>\u00a0<span class=\"il\">planejamento<\/span>\u00a0<span class=\"il\">para<\/span>\u00a0a \u00faltima hora.\u00a0<span class=\"il\">O<\/span>\u00a0resultado costuma ser\u00a0<span class=\"il\">o<\/span>\u00a0mesmo: fornecedores sem disponibilidade, prazos apertados, menor possibilidade de personaliza\u00e7\u00e3<span class=\"il\">o<\/span>\u00a0e\u00a0<span class=\"il\">uma<\/span>\u00a0a\u00e7\u00e3<span class=\"il\">o<\/span>\u00a0que entrega menos valor do que poderia.<\/p>\n<h2>Por que\u00a0<span class=\"il\">o<\/span>\u00a0<span class=\"il\">Dia<\/span>\u00a0<span class=\"il\">das<\/span>\u00a0<span class=\"il\">Crian\u00e7as<\/span>\u00a0\u00e9 importante\u00a0<span class=\"il\">para<\/span>\u00a0<span class=\"il\">o<\/span>\u00a0RH?<\/h2>\n<p><span class=\"il\">Uma<\/span>\u00a0<span class=\"il\">campanha<\/span>\u00a0de\u00a0<span class=\"il\">Dia<\/span>\u00a0<span class=\"il\">das<\/span>\u00a0<span class=\"il\">Crian\u00e7as<\/span>\u00a0vai muito al\u00e9m da entrega de um presente.\u00a0<span class=\"il\">Quando<\/span>\u00a0bem planejada, ela demonstra cuidado com as fam\u00edlias dos colaboradores e refor\u00e7a a cultura organizacional.<\/p>\n<p>Segundo a\u00a0<a href=\"https:\/\/flashapp.com.br\/blog\/employer-branding\" target=\"_blank\" rel=\"noopener\" data-saferedirecturl=\"https:\/\/www.google.com\/url?q=https:\/\/flashapp.com.br\/blog\/employer-branding&amp;source=gmail&amp;ust=1787954583515000&amp;usg=AOvVaw1lCJa7PJ3pdqj56zdSwnVA\">Flash, iniciativas voltadas ao bem-estar dos colaboradores fortalecem\u00a0<span class=\"il\">o<\/span>\u00a0employer branding<\/a>\u00a0e contribuem\u00a0<span class=\"il\">para<\/span>\u00a0a reten\u00e7\u00e3<span class=\"il\">o<\/span>\u00a0de talentos. E\u00a0<span class=\"il\">o<\/span>\u00a0momento \u00e9 especialmente relevante:\u00a0<span class=\"il\">uma<\/span>\u00a0pesquisa recente do LinkedIn aponta que 50% dos brasileiros pretendem mudar de emprego em 2026.<\/p>\n<p>Outros estudos refor\u00e7am esse impacto. A HR Tech\u00a0<a href=\"https:\/\/dialog.ci\/\" target=\"_blank\" rel=\"noopener\" data-saferedirecturl=\"https:\/\/www.google.com\/url?q=https:\/\/dialog.ci\/&amp;source=gmail&amp;ust=1787954583515000&amp;usg=AOvVaw0XKVui-mSNihysAJa0HD-j\">Dialog<\/a>\u00a0mostra que um aumento de 10% no engajamento pode reduzir a rotatividade em at\u00e9\u00a0<span class=\"il\">5<\/span>,72%. J\u00e1 a<a href=\"https:\/\/www.gallup.com\/home.aspx\" target=\"_blank\" rel=\"noopener\" data-saferedirecturl=\"https:\/\/www.google.com\/url?q=https:\/\/www.gallup.com\/home.aspx&amp;source=gmail&amp;ust=1787954583515000&amp;usg=AOvVaw0OmBq0ZvHPkZ67yhk8rMhn\">\u00a0Gallup<\/a>\u00a0aponta que equipes mais engajadas registram redu\u00e7\u00e3<span class=\"il\">o<\/span>\u00a0de at\u00e9\u00a0<a href=\"https:\/\/www.gallup.com\/workplace\/236441\/employee-engagement-drives-growth.aspx\" target=\"_blank\" rel=\"noopener\" data-saferedirecturl=\"https:\/\/www.google.com\/url?q=https:\/\/www.gallup.com\/workplace\/236441\/employee-engagement-drives-growth.aspx&amp;source=gmail&amp;ust=1787954583515000&amp;usg=AOvVaw2yLVwz5PP4KL1vKC4xbaCn\">41% no absente\u00edsmo<\/a>,\u00a0<span class=\"il\">o<\/span>u seja, investir em\u00a0<span class=\"il\">uma<\/span>\u00a0<span class=\"il\">campanha<\/span>\u00a0de\u00a0<span class=\"il\">Dia<\/span>\u00a0<span class=\"il\">das<\/span>\u00a0<span class=\"il\">Crian\u00e7as<\/span>\u00a0n\u00e3<span class=\"il\">o<\/span>\u00a0deve ser visto apenas como um benef\u00edcio, mas como\u00a0<span class=\"il\">uma<\/span>\u00a0a\u00e7\u00e3<span class=\"il\">o<\/span>\u00a0estrat\u00e9gica de valoriza\u00e7\u00e3<span class=\"il\">o<\/span>\u00a0<span class=\"il\">das<\/span>\u00a0pessoas.<\/p>\n<h2><span class=\"il\">O<\/span>\u00a0segredo est\u00e1 no\u00a0<span class=\"il\">planejamento<\/span><\/h2>\n<p><span class=\"il\">O<\/span>\u00a0principal erro\u00a0<span class=\"il\">das<\/span>\u00a0<span class=\"il\">empresas<\/span>\u00a0n\u00e3<span class=\"il\">o<\/span>\u00a0\u00e9 escolher\u00a0<span class=\"il\">o<\/span>\u00a0presente errado, mas\u00a0<span class=\"il\">come\u00e7ar<\/span>\u00a0tarde demais.\u00a0Embora a organiza\u00e7\u00e3<span class=\"il\">o<\/span>\u00a0interna possa ser feita entre 30 e 45 dias antes da data, esse prazo normalmente n\u00e3<span class=\"il\">o<\/span>\u00a0considera um fator importante:\u00a0<span class=\"il\">o<\/span>\u00a0tempo de produ\u00e7\u00e3<span class=\"il\">o<\/span>\u00a0dos fornecedores.<\/p>\n<p>A mesma l\u00f3gica vale\u00a0<span class=\"il\">para<\/span>\u00a0os brindes de fim de ano: quem deixa\u00a0<span class=\"il\">para<\/span>\u00a0comprar perto da data encontra menor disponibilidade e menos op\u00e7\u00f5es de personaliza\u00e7\u00e3<span class=\"il\">o<\/span>!<\/p>\n<h2><span class=\"il\">Quando<\/span>\u00a0<span class=\"il\">come\u00e7ar<\/span>?<\/h2>\n<p><span class=\"il\">Para<\/span>\u00a0<span class=\"il\">uma<\/span>\u00a0entrega tranquila no\u00a0<span class=\"il\">Dia<\/span>\u00a0<span class=\"il\">das<\/span>\u00a0<span class=\"il\">Crian\u00e7as<\/span>,\u00a0<span class=\"il\">o<\/span>\u00a0ideal \u00e9 iniciar\u00a0<span class=\"il\">o<\/span>\u00a0<span class=\"il\">planejamento<\/span>\u00a0ainda em agosto!<\/p>\n<p>Esse per\u00edodo permite definir or\u00e7amento, escolher fornecedores, aprovar personaliza\u00e7\u00f5es e organizar a log\u00edstica sem press\u00e3<span class=\"il\">o<\/span>, reduzindo riscos e garantindo\u00a0<span class=\"il\">uma<\/span>\u00a0experi\u00eancia mais positiva\u00a0<span class=\"il\">para<\/span>\u00a0os colaboradores.<\/p>\n<h3>Cronograma sugerido<\/h3>\n<p><strong>Meados de agosto<\/strong><\/p>\n<ul>\n<li>Definir or\u00e7amento;<\/li>\n<li>Escolher\u00a0<span class=\"il\">o<\/span>\u00a0formato da\u00a0<span class=\"il\">campanha<\/span>\u00a0(pel\u00facia personalizada, um kit personalizado tem\u00e1tico ou evento interno);<\/li>\n<li>Definir\u00a0<span class=\"il\">o<\/span>\u00a0p\u00fablico eleg\u00edvel.<\/li>\n<\/ul>\n<ul>\n<li>Solicitar or\u00e7amentos;<\/li>\n<li>Escolher fornecedores;<\/li>\n<li>Avaliar amostras e op\u00e7\u00f5es de personaliza\u00e7\u00e3<span class=\"il\">o<\/span>.<\/li>\n<\/ul>\n<ul>\n<li>Aprovar artes, nomes, cores e identidade visual;<\/li>\n<li>Confirmar\u00a0<span class=\"il\">o<\/span>\u00a0pedido de produ\u00e7\u00e3<span class=\"il\">o<\/span>.<\/li>\n<\/ul>\n<p><strong>Setembro<\/strong><\/p>\n<ul>\n<li>Produ\u00e7\u00e3<span class=\"il\">o<\/span>\u00a0dos brindes;<\/li>\n<li>Comunica\u00e7\u00e3<span class=\"il\">o<\/span>\u00a0interna da\u00a0<span class=\"il\">campanha<\/span>;<\/li>\n<li>Coleta de informa\u00e7\u00f5es dos colaboradores (nome e idade dos filhos, endere\u00e7<span class=\"il\">o<\/span>\u00a0de entrega,\u00a0<span class=\"il\">quando<\/span>\u00a0necess\u00e1rio).<\/li>\n<\/ul>\n<p><strong>Primeira semana de outubro<\/strong><\/p>\n<ul>\n<li>Confer\u00eancia dos produtos;<\/li>\n<li>Organiza\u00e7\u00e3<span class=\"il\">o<\/span>\u00a0da log\u00edstica;<\/li>\n<li>Separa\u00e7\u00e3<span class=\"il\">o<\/span>\u00a0dos kits.<\/li>\n<\/ul>\n<p><strong>At\u00e9 12 de outubro<\/strong><\/p>\n<ul>\n<li>Entrega dos presentes ou realiza\u00e7\u00e3<span class=\"il\">o<\/span>\u00a0da a\u00e7\u00e3<span class=\"il\">o<\/span>\u00a0interna.<\/li>\n<\/ul>\n<h2>Comunica\u00e7\u00e3<span class=\"il\">o<\/span>\u00a0tamb\u00e9m faz parte da experi\u00eancia<\/h2>\n<p><span class=\"il\">Uma<\/span>\u00a0<span class=\"il\">campanha<\/span>\u00a0bem executada come\u00e7a antes da entrega do presente!<\/p>\n<p><span class=\"il\">Quando<\/span>\u00a0os colaboradores sabem que a\u00a0<a href=\"https:\/\/meumundopersonalizado.com.br\/blog\/employee-branding-por-que-empresas-que-acolhem-criam-conexoes-mais-fortes-com-seus-colaboradores\/\" target=\"_blank\" rel=\"noopener\" data-saferedirecturl=\"https:\/\/www.google.com\/url?q=https:\/\/meumundopersonalizado.com.br\/blog\/employee-branding-por-que-empresas-que-acolhem-criam-conexoes-mais-fortes-com-seus-colaboradores\/&amp;source=gmail&amp;ust=1787954583515000&amp;usg=AOvVaw1HHuPEBV5HNCJHiN8yu4w8\">empresa preparou\u00a0<span class=\"il\">uma<\/span>\u00a0a\u00e7\u00e3<span class=\"il\">o<\/span>\u00a0especial\u00a0<span class=\"il\">para<\/span>\u00a0seus filhos<\/a>, cria-se expectativa positiva, aumenta-se\u00a0<span class=\"il\">o<\/span>\u00a0engajamento e amplia-se\u00a0<span class=\"il\">o<\/span>\u00a0valor percebido da iniciativa.\u00a0Por isso, comunicar a\u00a0<span class=\"il\">campanha<\/span>\u00a0com anteced\u00eancia \u00e9 t\u00e3<span class=\"il\">o<\/span>\u00a0importante quanto escolher um bom presente.<\/p>\n<h2>Por que a pel\u00facia personalizada faz tanto\u00a0<span class=\"il\">sucesso<\/span>?<\/h2>\n<p>Entre os brindes corporativos\u00a0<span class=\"il\">para<\/span>\u00a0<span class=\"il\">o<\/span>\u00a0<a href=\"https:\/\/meumundopersonalizado.com.br\/categoria-produto\/presentes-por-ocasiao\/aniversario\/\"><span class=\"il\">Dia<\/span>\u00a0<span class=\"il\">das<\/span>\u00a0<span class=\"il\">Crian\u00e7as<\/span><\/a>, a pel\u00facia personalizada se destaca porque permanece com a crian\u00e7a durante muitos anos.<\/p>\n<p>Ao receber um presente personalizado, tanto\u00a0<span class=\"il\">o<\/span>\u00a0colaborador, como\u00a0<span class=\"il\">o<\/span>\u00a0seu filho, percebem aquele carinho como algo \u00fanico.\u00a0<span class=\"il\">Para<\/span>\u00a0os pais, esse gesto refor\u00e7a principalmente a sensa\u00e7\u00e3<span class=\"il\">o<\/span>\u00a0de reconhecimento e cuidado por parte da empresa e \u00e9\u00a0justamente essa conex\u00e3<span class=\"il\">o<\/span>\u00a0emocional, que transforma\u00a0<span class=\"il\">uma<\/span>\u00a0simples entrega em\u00a0<span class=\"il\">uma<\/span>\u00a0experi\u00eancia de marca.<\/p>\n<h2>Do\u00a0<span class=\"il\">Dia<\/span>\u00a0<span class=\"il\">das<\/span>\u00a0<span class=\"il\">Crian\u00e7as<\/span>\u00a0\u00e0 parentalidade corporativa<\/h2>\n<p><span class=\"il\">Empresas<\/span>\u00a0que investem em\u00a0<a href=\"https:\/\/meumundopersonalizado.com.br\/blog\/kits-maternidade-como-beneficio-corporativo-tendencia-ou-necessidade\/\" target=\"_blank\" rel=\"noopener\" data-saferedirecturl=\"https:\/\/www.google.com\/url?q=https:\/\/meumundopersonalizado.com.br\/blog\/kits-maternidade-como-beneficio-corporativo-tendencia-ou-necessidade\/&amp;source=gmail&amp;ust=1787954583515000&amp;usg=AOvVaw2U82IaZm90G0klZmDYTGIX\">parentalidade corporativa<\/a>\u00a0entendem que\u00a0<span class=\"il\">o<\/span>\u00a0relacionamento com\u00a0<span class=\"il\">o<\/span>\u00a0colaborador acontece ao longo de toda a sua jornada.<\/p>\n<p><span class=\"il\">O<\/span>\u00a0acolhimento da gestante, os kits\u00a0<span class=\"il\">para<\/span>\u00a0rec\u00e9m-nascidos,\u00a0<span class=\"il\">o<\/span>\u00a0retorno da licen\u00e7a-maternidade e paternidade e as a\u00e7\u00f5es de\u00a0<span class=\"il\">Dia<\/span>\u00a0<span class=\"il\">das<\/span>\u00a0<span class=\"il\">Crian\u00e7as<\/span>\u00a0fazem parte de\u00a0<span class=\"il\">uma<\/span>\u00a0estrat\u00e9gia cont\u00ednua de valoriza\u00e7\u00e3<span class=\"il\">o<\/span>\u00a0<span class=\"il\">das<\/span>\u00a0fam\u00edlias.<\/p>\n<p><span class=\"il\">Quando<\/span>\u00a0essas iniciativas s\u00e3<span class=\"il\">o<\/span>\u00a0planejadas de forma integrada, fortalecem a cultura organizacional e aumentam a percep\u00e7\u00e3<span class=\"il\">o<\/span>\u00a0de cuidado ao longo de todo\u00a0<span class=\"il\">o<\/span>\u00a0ano.<\/p>\n<h2>Como a Meu Mundo Personalizado pode ajudar<\/h2>\n<p>Desde 2014, a Meu Mundo Personalizado desenvolve presentes personalizados\u00a0<span class=\"il\">para<\/span>\u00a0beb\u00eas e\u00a0<span class=\"il\">crian\u00e7as<\/span>, oferecendo pel\u00facias, mantas, naninhas e\u00a0<a href=\"https:\/\/meumundopersonalizado.com.br\/blog\/planejamento-de-rh-10-dicas-para-estruturar-acoes-de-endomarketing-ao-longo-do-ano\/\" target=\"_blank\" rel=\"noopener\" data-saferedirecturl=\"https:\/\/www.google.com\/url?q=https:\/\/meumundopersonalizado.com.br\/blog\/planejamento-de-rh-10-dicas-para-estruturar-acoes-de-endomarketing-ao-longo-do-ano\/&amp;source=gmail&amp;ust=1787954583515000&amp;usg=AOvVaw2T7DFfcM9i9B2DjWOGTnO4\">kits completos\u00a0<span class=\"il\">para<\/span>\u00a0programas de parentalidade corporativa.<\/a><\/p>\n<p><span class=\"il\">Empresas<\/span>\u00a0como Gerdau, Pirelli, Bradesco, Unimed e Ambev j\u00e1 confiaram na marca\u00a0<span class=\"il\">para<\/span>\u00a0transformar a\u00e7\u00f5es de relacionamento em experi\u00eancias memor\u00e1veis.<\/p>\n<p><span class=\"il\">Para<\/span>\u00a0<span class=\"il\">o<\/span>\u00a0RH, isso significa contar com personaliza\u00e7\u00e3<span class=\"il\">o<\/span>\u00a0sob medida, produ\u00e7\u00e3<span class=\"il\">o<\/span>\u00a0\u00e1gil mesmo em per\u00edodos de alta demanda, atendimento consultivo e solu\u00e7\u00f5es\u00a0<span class=\"il\">para<\/span>\u00a0projetos de diferentes portes!<\/p>\n<h2>Planeje agora\u00a0<span class=\"il\">para<\/span>\u00a0entregar tranquilidade depois<\/h2>\n<p>Agosto \u00e9\u00a0<span class=\"il\">o<\/span>\u00a0momento ideal\u00a0<span class=\"il\">para<\/span>\u00a0iniciar\u00a0<span class=\"il\">o<\/span>\u00a0<span class=\"il\">planejamento<\/span>\u00a0do\u00a0<span class=\"il\">Dia<\/span>\u00a0<span class=\"il\">das<\/span>\u00a0<span class=\"il\">Crian\u00e7as<\/span>, pois al\u00e9m de\u00a0<span class=\"il\">garantir<\/span>\u00a0melhores prazos e maior disponibilidade de personaliza\u00e7\u00e3<span class=\"il\">o<\/span>, a antecipa\u00e7\u00e3<span class=\"il\">o<\/span>\u00a0permite que a empresa execute\u00a0<span class=\"il\">uma<\/span>\u00a0<span class=\"il\">campanha<\/span>\u00a0organizada, sem imprevistos e com muito mais impacto\u00a0<span class=\"il\">para<\/span>\u00a0os colaboradores e suas fam\u00edlias.<\/p>\n<p>Quanto antes\u00a0<span class=\"il\">o<\/span>\u00a0<span class=\"il\">planejamento<\/span>\u00a0<span class=\"il\">come\u00e7ar<\/span>, maiores s\u00e3<span class=\"il\">o<\/span>\u00a0as chances de transformar\u00a0<span class=\"il\">uma<\/span>\u00a0simples entrega de presentes em\u00a0<span class=\"il\">uma<\/span>\u00a0a\u00e7\u00e3<span class=\"il\">o<\/span>\u00a0memor\u00e1vel de valoriza\u00e7\u00e3<span class=\"il\">o<\/span>\u00a0<span class=\"il\">das<\/span>\u00a0pessoas.<\/p>\n<p>Conhe\u00e7a mais, acesse\u00a0<span class=\"il\">o<\/span>\u00a0nosso\u00a0<a href=\"https:\/\/meumundopersonalizado.com.br\/\" target=\"_blank\" rel=\"noopener\" data-saferedirecturl=\"https:\/\/www.google.com\/url?q=https:\/\/meumundopersonalizado.com.br\/&amp;source=gmail&amp;ust=1787954583515000&amp;usg=AOvVaw1z3iFtC68X-j5yDBJcK5GB\">site<\/a>!<\/p>\n<\/div>\n","protected":false},"excerpt":{"rendered":"<p>O\u00a0Dia\u00a0das\u00a0Crian\u00e7as\u00a0\u00e9 a terceira data mais importante do varejo brasileiro, atr\u00e1s apenas do Natal e do\u00a0Dia\u00a0das\u00a0M\u00e3es. Segundo a Confedera\u00e7\u00e3o\u00a0Nacional do Com\u00e9rcio (CNC), a data movimenta bilh\u00f5es de reais todos os anos e representa um dos momentos mais relevantes do calend\u00e1rio comercial brasileiro.\u00a0Para\u00a0o\u00a0RH, por\u00e9m, seu maior valor est\u00e1 na oportunidade de fortalecer\u00a0o\u00a0relacionamento entre empresa, colaboradores e suas&#8230;<\/p>\n","protected":false},"author":8,"featured_media":1335,"comment_status":"open","ping_status":"open","sticky":false,"template":"","format":"standard","meta":{"footnotes":""},"categories":[10],"tags":[21,41,40,38,37,33,32],"class_list":["post-1332","post","type-post","status-publish","format-standard","has-post-thumbnail","hentry","category-mulher-empreendedora","tag-criancas","tag-employee","tag-employee-experience","tag-kit-presente","tag-presente-personalizado","tag-recursos-humanos","tag-rh","main-post"],"yoast_head":"<!-- This site is optimized with the Yoast SEO plugin v14.1 - https:\/\/yoast.com\/wordpress\/plugins\/seo\/ -->\n<title>Dia das Crian\u00e7as nas empresas: quando come\u00e7ar o planejamento para ter uma campanha de sucesso? - Blog Meu Mundo Personalizado<\/title>\n<meta name=\"robots\" content=\"index, follow\" \/>\n<meta name=\"googlebot\" content=\"index, follow, max-snippet:-1, max-image-preview:large, max-video-preview:-1\" \/>\n<meta name=\"bingbot\" content=\"index, follow, max-snippet:-1, max-image-preview:large, max-video-preview:-1\" \/>\n<link rel=\"canonical\" href=\"https:\/\/meumundopersonalizado.com.br\/blog\/dia-das-criancas-nas-empresas-quando-comecar-o-planejamento-para-garantir-uma-campanha-de-sucesso\/\" \/>\n<meta property=\"og:locale\" content=\"pt_BR\" \/>\n<meta property=\"og:type\" content=\"article\" \/>\n<meta property=\"og:title\" content=\"Dia das Crian\u00e7as nas empresas: quando come\u00e7ar o planejamento para ter uma campanha de sucesso? - Blog Meu Mundo Personalizado\" \/>\n<meta property=\"og:description\" content=\"O\u00a0Dia\u00a0das\u00a0Crian\u00e7as\u00a0\u00e9 a terceira data mais importante do varejo brasileiro, atr\u00e1s apenas do Natal e do\u00a0Dia\u00a0das\u00a0M\u00e3es. Segundo a Confedera\u00e7\u00e3o\u00a0Nacional do Com\u00e9rcio (CNC), a data movimenta bilh\u00f5es de reais todos os anos e representa um dos momentos mais relevantes do calend\u00e1rio comercial brasileiro.\u00a0Para\u00a0o\u00a0RH, por\u00e9m, seu maior valor est\u00e1 na oportunidade de fortalecer\u00a0o\u00a0relacionamento entre empresa, colaboradores e suas...\" \/>\n<meta property=\"og:url\" content=\"https:\/\/meumundopersonalizado.com.br\/blog\/dia-das-criancas-nas-empresas-quando-comecar-o-planejamento-para-garantir-uma-campanha-de-sucesso\/\" \/>\n<meta property=\"og:site_name\" content=\"Blog Meu Mundo Personalizado\" \/>\n<meta property=\"article:published_time\" content=\"2026-08-27T22:11:43+00:00\" \/>\n<meta property=\"article:modified_time\" content=\"2026-08-27T22:26:51+00:00\" \/>\n<meta property=\"og:image\" content=\"https:\/\/meumundopersonalizado.com.br\/blog\/wp-content\/uploads\/2026\/08\/pexels-caleboquendo-34518848.jpg\" \/>\n\t<meta property=\"og:image:width\" content=\"1280\" \/>\n\t<meta property=\"og:image:height\" content=\"853\" \/>\n<meta name=\"twitter:card\" content=\"summary\" \/>\n<script type=\"application\/ld+json\" class=\"yoast-schema-graph\">{\"@context\":\"https:\/\/schema.org\",\"@graph\":[{\"@type\":\"Organization\",\"@id\":\"https:\/\/meumundopersonalizado.com.br\/blog\/#organization\",\"name\":\"Meu Mundo Personalizado\",\"url\":\"https:\/\/meumundopersonalizado.com.br\/blog\/\",\"sameAs\":[],\"logo\":{\"@type\":\"ImageObject\",\"@id\":\"https:\/\/meumundopersonalizado.com.br\/blog\/#logo\",\"inLanguage\":\"pt-BR\",\"url\":\"https:\/\/meumundopersonalizado.com.br\/blog\/wp-content\/uploads\/2016\/06\/Logo-transparent-background.png\",\"width\":600,\"height\":600,\"caption\":\"Meu Mundo Personalizado\"},\"image\":{\"@id\":\"https:\/\/meumundopersonalizado.com.br\/blog\/#logo\"}},{\"@type\":\"WebSite\",\"@id\":\"https:\/\/meumundopersonalizado.com.br\/blog\/#website\",\"url\":\"https:\/\/meumundopersonalizado.com.br\/blog\/\",\"name\":\"Blog Meu Mundo Personalizado\",\"description\":\"Ideias e Novidades\",\"publisher\":{\"@id\":\"https:\/\/meumundopersonalizado.com.br\/blog\/#organization\"},\"potentialAction\":[{\"@type\":\"SearchAction\",\"target\":\"https:\/\/meumundopersonalizado.com.br\/blog\/?s={search_term_string}\",\"query-input\":\"required name=search_term_string\"}],\"inLanguage\":\"pt-BR\"},{\"@type\":\"ImageObject\",\"@id\":\"https:\/\/meumundopersonalizado.com.br\/blog\/dia-das-criancas-nas-empresas-quando-comecar-o-planejamento-para-garantir-uma-campanha-de-sucesso\/#primaryimage\",\"inLanguage\":\"pt-BR\",\"url\":\"https:\/\/meumundopersonalizado.com.br\/blog\/wp-content\/uploads\/2026\/08\/pexels-caleboquendo-34518848.jpg\",\"width\":1280,\"height\":853},{\"@type\":\"WebPage\",\"@id\":\"https:\/\/meumundopersonalizado.com.br\/blog\/dia-das-criancas-nas-empresas-quando-comecar-o-planejamento-para-garantir-uma-campanha-de-sucesso\/#webpage\",\"url\":\"https:\/\/meumundopersonalizado.com.br\/blog\/dia-das-criancas-nas-empresas-quando-comecar-o-planejamento-para-garantir-uma-campanha-de-sucesso\/\",\"name\":\"Dia das Crian\\u00e7as nas empresas: quando come\\u00e7ar o planejamento para ter uma campanha de sucesso? - Blog Meu Mundo Personalizado\",\"isPartOf\":{\"@id\":\"https:\/\/meumundopersonalizado.com.br\/blog\/#website\"},\"primaryImageOfPage\":{\"@id\":\"https:\/\/meumundopersonalizado.com.br\/blog\/dia-das-criancas-nas-empresas-quando-comecar-o-planejamento-para-garantir-uma-campanha-de-sucesso\/#primaryimage\"},\"datePublished\":\"2026-08-27T22:11:43+00:00\",\"dateModified\":\"2026-08-27T22:26:51+00:00\",\"inLanguage\":\"pt-BR\",\"potentialAction\":[{\"@type\":\"ReadAction\",\"target\":[\"https:\/\/meumundopersonalizado.com.br\/blog\/dia-das-criancas-nas-empresas-quando-comecar-o-planejamento-para-garantir-uma-campanha-de-sucesso\/\"]}]},{\"@type\":\"Article\",\"@id\":\"https:\/\/meumundopersonalizado.com.br\/blog\/dia-das-criancas-nas-empresas-quando-comecar-o-planejamento-para-garantir-uma-campanha-de-sucesso\/#article\",\"isPartOf\":{\"@id\":\"https:\/\/meumundopersonalizado.com.br\/blog\/dia-das-criancas-nas-empresas-quando-comecar-o-planejamento-para-garantir-uma-campanha-de-sucesso\/#webpage\"},\"author\":{\"@id\":\"https:\/\/meumundopersonalizado.com.br\/blog\/#\/schema\/person\/a4b9fb62ff169939ab37204f837678fb\"},\"headline\":\"Dia das Crian\\u00e7as nas empresas: quando come\\u00e7ar o planejamento para ter uma campanha de sucesso?\",\"datePublished\":\"2026-08-27T22:11:43+00:00\",\"dateModified\":\"2026-08-27T22:26:51+00:00\",\"commentCount\":0,\"mainEntityOfPage\":{\"@id\":\"https:\/\/meumundopersonalizado.com.br\/blog\/dia-das-criancas-nas-empresas-quando-comecar-o-planejamento-para-garantir-uma-campanha-de-sucesso\/#webpage\"},\"publisher\":{\"@id\":\"https:\/\/meumundopersonalizado.com.br\/blog\/#organization\"},\"image\":{\"@id\":\"https:\/\/meumundopersonalizado.com.br\/blog\/dia-das-criancas-nas-empresas-quando-comecar-o-planejamento-para-garantir-uma-campanha-de-sucesso\/#primaryimage\"},\"keywords\":\"crian\\u00e7as,employee,employee experience,kit presente,presente personalizado,recursos humanos,rh\",\"articleSection\":\"Mulher empreendedora\",\"inLanguage\":\"pt-BR\",\"potentialAction\":[{\"@type\":\"CommentAction\",\"name\":\"Comment\",\"target\":[\"https:\/\/meumundopersonalizado.com.br\/blog\/dia-das-criancas-nas-empresas-quando-comecar-o-planejamento-para-garantir-uma-campanha-de-sucesso\/#respond\"]}]},{\"@type\":[\"Person\"],\"@id\":\"https:\/\/meumundopersonalizado.com.br\/blog\/#\/schema\/person\/a4b9fb62ff169939ab37204f837678fb\",\"name\":\"Meu Mundo Personalizado\",\"image\":{\"@type\":\"ImageObject\",\"@id\":\"https:\/\/meumundopersonalizado.com.br\/blog\/#personlogo\",\"inLanguage\":\"pt-BR\",\"url\":\"https:\/\/secure.gravatar.com\/avatar\/f8a7230fe1a7085ce436609e79559303?s=96&d=mm&r=g\",\"caption\":\"Meu Mundo Personalizado\"}}]}<\/script>\n<!-- \/ Yoast SEO plugin. -->","_links":{"self":[{"href":"https:\/\/meumundopersonalizado.com.br\/blog\/wp-json\/wp\/v2\/posts\/1332"}],"collection":[{"href":"https:\/\/meumundopersonalizado.com.br\/blog\/wp-json\/wp\/v2\/posts"}],"about":[{"href":"https:\/\/meumundopersonalizado.com.br\/blog\/wp-json\/wp\/v2\/types\/post"}],"author":[{"embeddable":true,"href":"https:\/\/meumundopersonalizado.com.br\/blog\/wp-json\/wp\/v2\/users\/8"}],"replies":[{"embeddable":true,"href":"https:\/\/meumundopersonalizado.com.br\/blog\/wp-json\/wp\/v2\/comments?post=1332"}],"version-history":[{"count":4,"href":"https:\/\/meumundopersonalizado.com.br\/blog\/wp-json\/wp\/v2\/posts\/1332\/revisions"}],"predecessor-version":[{"id":1338,"href":"https:\/\/meumundopersonalizado.com.br\/blog\/wp-json\/wp\/v2\/posts\/1332\/revisions\/1338"}],"wp:featuredmedia":[{"embeddable":true,"href":"https:\/\/meumundopersonalizado.com.br\/blog\/wp-json\/wp\/v2\/media\/1335"}],"wp:attachment":[{"href":"https:\/\/meumundopersonalizado.com.br\/blog\/wp-json\/wp\/v2\/media?parent=1332"}],"wp:term":[{"taxonomy":"category","embeddable":true,"href":"https:\/\/meumundopersonalizado.com.br\/blog\/wp-json\/wp\/v2\/categories?post=1332"},{"taxonomy":"post_tag","embeddable":true,"href":"https:\/\/meumundopersonalizado.com.br\/blog\/wp-json\/wp\/v2\/tags?post=1332"}],"curies":[{"name":"wp","href":"https:\/\/api.w.org\/{rel}","templated":true}]}}