{"id":159,"date":"2016-08-12T14:10:45","date_gmt":"2016-08-12T17:10:45","guid":{"rendered":"http:\/\/meumundopersonalizado.com.br\/blog\/?p=159"},"modified":"2017-03-03T10:52:00","modified_gmt":"2017-03-03T13:52:00","slug":"dicas-para-maes-o-que-nao-se-deve-falar-para-as-criancas","status":"publish","type":"post","link":"https:\/\/meumundopersonalizado.com.br\/blog\/dicas-para-maes-o-que-nao-se-deve-falar-para-as-criancas\/","title":{"rendered":"Dicas para m\u00e3es: o que n\u00e3o se deve falar para as crian\u00e7as?"},"content":{"rendered":"<p>Ser m\u00e3e \u00e9 ficar atenta 24 horas \u00e0 educa\u00e7\u00e3o dos seus filhos. Por\u00e9m, \u00e0s vezes, com a correria do dia a dia, o trabalho e as outras obriga\u00e7\u00f5es, podemos tomar algumas atitudes e ter certos comportamentos negativos que podem influenciar diretamente as crian\u00e7as.<\/p>\n<p>Por esse motivo, reunimos algumas dicas para m\u00e3es que te ajudar\u00e3o a saber exatamente o que falar na frente das crian\u00e7as e a n\u00e3o errar na hora de dar bronca.<\/p>\n<p>Essas dicas servir\u00e3o especialmente se os seus filhos forem pequenos \u2014 quando est\u00e3o em constante desenvolvimento e precisam de cuidados redobrados para que cres\u00e7am rodeados de amor e carinho. Vamos conferir?<\/p>\n<p><!--more--><\/p>\n<h2>N\u00e3o mande-os parar de chorar<\/h2>\n<p>Chorar \u00e9 um ato bastante comum na inf\u00e2ncia, pois \u00e9 uma das formas que as crian\u00e7as encontram para demonstrar tristeza, dor e fome, al\u00e9m de chamar a aten\u00e7\u00e3o dos pais. Por isso, n\u00e3o reprima seu filho ou fa\u00e7a pouco caso se ele chorar.<\/p>\n<p>Para educar e cuidar dos nossos filhos, \u00e9 preciso saber ouvir e entender o que os aflige. Ensine-os a manter a calma, expressar o que est\u00e3o sentindo e lidar com as frustra\u00e7\u00f5es.<\/p>\n<h2>N\u00e3o fa\u00e7a elogios falsos<\/h2>\n<p>Elogiar a crian\u00e7a quando ela merece \u00e9 muito bom. Voc\u00ea reconhece o m\u00e9rito dela, estimula a autoconfian\u00e7a e ainda a deixa feliz. Por\u00e9m, algumas m\u00e3es n\u00e3o conseguem se conter no intuito de agradar e acabam dizendo mais do que deviam, inclusive elogios falsos.<\/p>\n<p>Evitando esse comportamento, voc\u00ea n\u00e3o baseia a personalidade do seu filho em mentiras nem o estimula a agir apenas com o intuito de ser elogiado. As crian\u00e7as tamb\u00e9m precisam aprender a lidar com frustra\u00e7\u00f5es para entender melhor o mundo e a elas mesmas.<\/p>\n<h2>N\u00e3o minta para eles<\/h2>\n<p>Para algumas m\u00e3es, contar pequenas mentiras aos filhos n\u00e3o faz mal nenhum. Mas h\u00e1, sim, um grande problema a\u00ed. Lembre-se de que as crian\u00e7as se inspiram nos pais, e aprendem com eles no\u00e7\u00f5es de certo e errado.<\/p>\n<p>Elas agem como um espelho dos pais, reproduzindo muitos dos seus comportamentos. Logo, se voc\u00ea mente, \u00e9 muito prov\u00e1vel que os pequenos adotem o mesmo h\u00e1bito. Por esse motivo, evite mentir e ensine seu filho que a verdade \u00e9 sempre o melhor caminho.<\/p>\n<h2>Evite compara\u00e7\u00f5es<\/h2>\n<p>Muitas m\u00e3es, inevitavelmente, comparam seus filhos a outras crian\u00e7as com o objetivo de mostrar o outro como exemplo. \u00c0s vezes, \u00e9 o filho da vizinha, outras vezes, o primo ou at\u00e9 mesmo o irm\u00e3o mais velho. Um mal corriqueiro capaz de causar um impacto negativo nos pequenos.<\/p>\n<p>Esse tipo de compara\u00e7\u00e3o \u00e9 prejudicial \u00e0 educa\u00e7\u00e3o das crian\u00e7as, pois faz com que elas se sintam inferiores e at\u00e9 mesmo menosprezadas pela pr\u00f3pria m\u00e3e, causando, inclusive, rivalidade com amigos e parentes. Por isso, em vez de comparar, busque ressaltar as diferen\u00e7as e as qualidades que seu filho possui. Mostre a ele que voc\u00ea reconhece seus feitos e sente orgulho dele.<\/p>\n<h2>Outras dicas para m\u00e3es<\/h2>\n<p>Diga que ama seu filho, mas n\u00e3o banalize o amor. Parar seu filhote a cada cinco minutos para dizer que ele \u00e9 a pessoa mais importante do mundo e o quanto \u00e9 amado por tudo e todos, de forma exaustiva, pode deixar a crian\u00e7a com uma postura egoc\u00eantrica e sem limites, tornando o conv\u00edvio com outras pessoas complicado.<\/p>\n<p>Isso nos leva a outro ponto importante: n\u00e3o coloque seu filho acima dos outros. Quando voc\u00ea diz que ele est\u00e1 certo, mesmo quando erra, e n\u00e3o imp\u00f5e regras. Assim, voc\u00ea o ensina a n\u00e3o respeitar a autoridade de terceiros, como professores, e o faz acreditar que seus atos n\u00e3o possuem consequ\u00eancias. Muito cuidado!<\/p>\n<p>E ent\u00e3o, gostou das nossas dicas para m\u00e3es? Com elas, voc\u00ea compreender\u00e1 melhor sobre como falar com o seu filho sem comprometer a personalidade ou o desenvolvimento emocional dele, al\u00e9m do mais importante: educ\u00e1-lo com sensibilidade, carinho e amor de m\u00e3e. Ah, e se voc\u00ea tamb\u00e9m tem outras sugest\u00f5es para compartilhar com a gente, n\u00e3o esque\u00e7a de deixar nos coment\u00e1rios!<\/p>\n","protected":false},"excerpt":{"rendered":"<p>Ser m\u00e3e \u00e9 ficar atenta 24 horas \u00e0 educa\u00e7\u00e3o dos seus filhos. Por\u00e9m, \u00e0s vezes, com a correria do dia a dia, o trabalho e as outras obriga\u00e7\u00f5es, podemos tomar algumas atitudes e ter certos comportamentos negativos que podem influenciar diretamente as crian\u00e7as. Por esse motivo, reunimos algumas dicas para m\u00e3es que te ajudar\u00e3o a&#8230;<\/p>\n","protected":false},"author":2,"featured_media":161,"comment_status":"open","ping_status":"open","sticky":false,"template":"","format":"standard","meta":{"footnotes":""},"categories":[14],"tags":[],"class_list":["post-159","post","type-post","status-publish","format-standard","has-post-thumbnail","hentry","category-bem-estar-e-comportamento","main-post"],"yoast_head":"<!-- This site is optimized with the Yoast SEO plugin v14.1 - https:\/\/yoast.com\/wordpress\/plugins\/seo\/ -->\n<title>Dicas para m\u00e3es: o que n\u00e3o se deve falar para as crian\u00e7as? - Blog Meu Mundo Personalizado<\/title>\n<meta name=\"description\" content=\"Por esse motivo, reunimos algumas dicas para m\u00e3es que te ajudar\u00e3o a saber exatamente o que falar na frente das crian\u00e7as e a n\u00e3o errar na hora de dar bronca.\" \/>\n<meta name=\"robots\" content=\"index, follow\" \/>\n<meta name=\"googlebot\" content=\"index, follow, max-snippet:-1, max-image-preview:large, max-video-preview:-1\" \/>\n<meta name=\"bingbot\" content=\"index, follow, max-snippet:-1, max-image-preview:large, max-video-preview:-1\" \/>\n<link rel=\"canonical\" href=\"https:\/\/meumundopersonalizado.com.br\/blog\/dicas-para-maes-o-que-nao-se-deve-falar-para-as-criancas\/\" \/>\n<meta property=\"og:locale\" content=\"pt_BR\" \/>\n<meta property=\"og:type\" content=\"article\" \/>\n<meta property=\"og:title\" content=\"Dicas para m\u00e3es: o que n\u00e3o se deve falar para as crian\u00e7as? - Blog Meu Mundo Personalizado\" \/>\n<meta property=\"og:description\" content=\"Por esse motivo, reunimos algumas dicas para m\u00e3es que te ajudar\u00e3o a saber exatamente o que falar na frente das crian\u00e7as e a n\u00e3o errar na hora de dar bronca.\" \/>\n<meta property=\"og:url\" content=\"https:\/\/meumundopersonalizado.com.br\/blog\/dicas-para-maes-o-que-nao-se-deve-falar-para-as-criancas\/\" \/>\n<meta property=\"og:site_name\" content=\"Blog Meu Mundo Personalizado\" \/>\n<meta property=\"article:published_time\" content=\"2016-08-12T17:10:45+00:00\" \/>\n<meta property=\"article:modified_time\" content=\"2017-03-03T13:52:00+00:00\" \/>\n<meta property=\"og:image\" content=\"https:\/\/meumundopersonalizado.com.br\/blog\/wp-content\/uploads\/2016\/08\/dicas-para-maes-o-que-nao-se-deve-falar-para-as-criancas.jpeg\" \/>\n\t<meta property=\"og:image:width\" content=\"1000\" \/>\n\t<meta property=\"og:image:height\" content=\"703\" \/>\n<meta name=\"twitter:card\" content=\"summary\" \/>\n<script type=\"application\/ld+json\" class=\"yoast-schema-graph\">{\"@context\":\"https:\/\/schema.org\",\"@graph\":[{\"@type\":\"Organization\",\"@id\":\"https:\/\/meumundopersonalizado.com.br\/blog\/#organization\",\"name\":\"Meu Mundo Personalizado\",\"url\":\"https:\/\/meumundopersonalizado.com.br\/blog\/\",\"sameAs\":[],\"logo\":{\"@type\":\"ImageObject\",\"@id\":\"https:\/\/meumundopersonalizado.com.br\/blog\/#logo\",\"inLanguage\":\"pt-BR\",\"url\":\"https:\/\/meumundopersonalizado.com.br\/blog\/wp-content\/uploads\/2016\/06\/Logo-transparent-background.png\",\"width\":600,\"height\":600,\"caption\":\"Meu Mundo Personalizado\"},\"image\":{\"@id\":\"https:\/\/meumundopersonalizado.com.br\/blog\/#logo\"}},{\"@type\":\"WebSite\",\"@id\":\"https:\/\/meumundopersonalizado.com.br\/blog\/#website\",\"url\":\"https:\/\/meumundopersonalizado.com.br\/blog\/\",\"name\":\"Blog Meu Mundo Personalizado\",\"description\":\"Ideias e Novidades\",\"publisher\":{\"@id\":\"https:\/\/meumundopersonalizado.com.br\/blog\/#organization\"},\"potentialAction\":[{\"@type\":\"SearchAction\",\"target\":\"https:\/\/meumundopersonalizado.com.br\/blog\/?s={search_term_string}\",\"query-input\":\"required name=search_term_string\"}],\"inLanguage\":\"pt-BR\"},{\"@type\":\"ImageObject\",\"@id\":\"https:\/\/meumundopersonalizado.com.br\/blog\/dicas-para-maes-o-que-nao-se-deve-falar-para-as-criancas\/#primaryimage\",\"inLanguage\":\"pt-BR\",\"url\":\"https:\/\/meumundopersonalizado.com.br\/blog\/wp-content\/uploads\/2016\/08\/dicas-para-maes-o-que-nao-se-deve-falar-para-as-criancas.jpeg\",\"width\":1000,\"height\":703,\"caption\":\"Saiba como ter comportamento e atitudes positivas para influenciar seus filhos\"},{\"@type\":\"WebPage\",\"@id\":\"https:\/\/meumundopersonalizado.com.br\/blog\/dicas-para-maes-o-que-nao-se-deve-falar-para-as-criancas\/#webpage\",\"url\":\"https:\/\/meumundopersonalizado.com.br\/blog\/dicas-para-maes-o-que-nao-se-deve-falar-para-as-criancas\/\",\"name\":\"Dicas para m\\u00e3es: o que n\\u00e3o se deve falar para as crian\\u00e7as? - Blog Meu Mundo Personalizado\",\"isPartOf\":{\"@id\":\"https:\/\/meumundopersonalizado.com.br\/blog\/#website\"},\"primaryImageOfPage\":{\"@id\":\"https:\/\/meumundopersonalizado.com.br\/blog\/dicas-para-maes-o-que-nao-se-deve-falar-para-as-criancas\/#primaryimage\"},\"datePublished\":\"2016-08-12T17:10:45+00:00\",\"dateModified\":\"2017-03-03T13:52:00+00:00\",\"description\":\"Por esse motivo, reunimos algumas dicas para m\\u00e3es que te ajudar\\u00e3o a saber exatamente o que falar na frente das crian\\u00e7as e a n\\u00e3o errar na hora de dar bronca.\",\"inLanguage\":\"pt-BR\",\"potentialAction\":[{\"@type\":\"ReadAction\",\"target\":[\"https:\/\/meumundopersonalizado.com.br\/blog\/dicas-para-maes-o-que-nao-se-deve-falar-para-as-criancas\/\"]}]},{\"@type\":\"Article\",\"@id\":\"https:\/\/meumundopersonalizado.com.br\/blog\/dicas-para-maes-o-que-nao-se-deve-falar-para-as-criancas\/#article\",\"isPartOf\":{\"@id\":\"https:\/\/meumundopersonalizado.com.br\/blog\/dicas-para-maes-o-que-nao-se-deve-falar-para-as-criancas\/#webpage\"},\"author\":{\"@id\":\"https:\/\/meumundopersonalizado.com.br\/blog\/#\/schema\/person\/7152250683ecb9cb4b7c612c699d48a6\"},\"headline\":\"Dicas para m\\u00e3es: o que n\\u00e3o se deve falar para as crian\\u00e7as?\",\"datePublished\":\"2016-08-12T17:10:45+00:00\",\"dateModified\":\"2017-03-03T13:52:00+00:00\",\"commentCount\":0,\"mainEntityOfPage\":{\"@id\":\"https:\/\/meumundopersonalizado.com.br\/blog\/dicas-para-maes-o-que-nao-se-deve-falar-para-as-criancas\/#webpage\"},\"publisher\":{\"@id\":\"https:\/\/meumundopersonalizado.com.br\/blog\/#organization\"},\"image\":{\"@id\":\"https:\/\/meumundopersonalizado.com.br\/blog\/dicas-para-maes-o-que-nao-se-deve-falar-para-as-criancas\/#primaryimage\"},\"articleSection\":\"Bem-estar e Comportamento\",\"inLanguage\":\"pt-BR\",\"potentialAction\":[{\"@type\":\"CommentAction\",\"name\":\"Comment\",\"target\":[\"https:\/\/meumundopersonalizado.com.br\/blog\/dicas-para-maes-o-que-nao-se-deve-falar-para-as-criancas\/#respond\"]}]},{\"@type\":[\"Person\"],\"@id\":\"https:\/\/meumundopersonalizado.com.br\/blog\/#\/schema\/person\/7152250683ecb9cb4b7c612c699d48a6\",\"name\":\"Meu Mundo Personalizado\",\"image\":{\"@type\":\"ImageObject\",\"@id\":\"https:\/\/meumundopersonalizado.com.br\/blog\/#personlogo\",\"inLanguage\":\"pt-BR\",\"url\":\"https:\/\/secure.gravatar.com\/avatar\/01147ea0fb838750523bfccf1bad0be1?s=96&d=mm&r=g\",\"caption\":\"Meu Mundo Personalizado\"}}]}<\/script>\n<!-- \/ Yoast SEO plugin. -->","_links":{"self":[{"href":"https:\/\/meumundopersonalizado.com.br\/blog\/wp-json\/wp\/v2\/posts\/159"}],"collection":[{"href":"https:\/\/meumundopersonalizado.com.br\/blog\/wp-json\/wp\/v2\/posts"}],"about":[{"href":"https:\/\/meumundopersonalizado.com.br\/blog\/wp-json\/wp\/v2\/types\/post"}],"author":[{"embeddable":true,"href":"https:\/\/meumundopersonalizado.com.br\/blog\/wp-json\/wp\/v2\/users\/2"}],"replies":[{"embeddable":true,"href":"https:\/\/meumundopersonalizado.com.br\/blog\/wp-json\/wp\/v2\/comments?post=159"}],"version-history":[{"count":3,"href":"https:\/\/meumundopersonalizado.com.br\/blog\/wp-json\/wp\/v2\/posts\/159\/revisions"}],"predecessor-version":[{"id":500,"href":"https:\/\/meumundopersonalizado.com.br\/blog\/wp-json\/wp\/v2\/posts\/159\/revisions\/500"}],"wp:featuredmedia":[{"embeddable":true,"href":"https:\/\/meumundopersonalizado.com.br\/blog\/wp-json\/wp\/v2\/media\/161"}],"wp:attachment":[{"href":"https:\/\/meumundopersonalizado.com.br\/blog\/wp-json\/wp\/v2\/media?parent=159"}],"wp:term":[{"taxonomy":"category","embeddable":true,"href":"https:\/\/meumundopersonalizado.com.br\/blog\/wp-json\/wp\/v2\/categories?post=159"},{"taxonomy":"post_tag","embeddable":true,"href":"https:\/\/meumundopersonalizado.com.br\/blog\/wp-json\/wp\/v2\/tags?post=159"}],"curies":[{"name":"wp","href":"https:\/\/api.w.org\/{rel}","templated":true}]}}