{"id":169,"date":"2016-08-30T10:18:08","date_gmt":"2016-08-30T13:18:08","guid":{"rendered":"http:\/\/meumundopersonalizado.com.br\/blog\/?p=169"},"modified":"2017-07-04T19:51:15","modified_gmt":"2017-07-04T22:51:15","slug":"cuidados-com-pele-na-gestacao","status":"publish","type":"post","link":"https:\/\/meumundopersonalizado.com.br\/blog\/cuidados-com-pele-na-gestacao\/","title":{"rendered":"Cuidados com a pele na gesta\u00e7\u00e3o!"},"content":{"rendered":"<p>A pele, assim como a maior parte dos \u00f3rg\u00e3os, tamb\u00e9m sofre mudan\u00e7as durante a gesta\u00e7\u00e3o. Existe uma tend\u00eancia maior \u00e0 acne,\u00a0 \u00e0 pigmenta\u00e7\u00e3o da pele e ao surgimento de\u00a0 estrias. Tamb\u00e9m podem aparecer na gesta\u00e7\u00e3o pequenas les\u00f5es de pele, especialmente nas \u00e1reas de dobras do corpo, como pesco\u00e7o, axilas e na regi\u00e3o abaixo das mamas. Todas essas altera\u00e7\u00f5es s\u00e3o normais (fisiol\u00f3gicas) e algumas delas regridem ap\u00f3s a gesta\u00e7\u00e3o, j\u00e1 outras podem persistir, como as estrias por exemplo.<\/p>\n<p>\u00c9 recomend\u00e1vel uma consulta com um dermatologista ainda no in\u00edcio da gravidez para orienta\u00e7\u00f5es sobre as medidas preventivas e\/ou tratamentos que possam ser necess\u00e1rios durante este per\u00edodo. \u00c9 importante salientar que diversas medica\u00e7\u00f5es de uso t\u00f3pico, como alguns cremes \/ pomadas, e cosm\u00e9ticos como alguns tipos de hidratantes\u00a0 e cremes clareadores s\u00e3o contraindicados na gravidez e no per\u00edodo de aleitamento.<\/p>\n<p><!--more--><\/p>\n<p><strong>Manchas<\/strong><\/p>\n<p>Durante a gesta\u00e7\u00e3o h\u00e1 uma tend\u00eancia maior \u00e0 pigmenta\u00e7\u00e3o da pele. As axilas e virilhas podem ficar mais escuras e costuma aparecer uma linha escura bem no meio do abdome, chamada \u201clinha nigra\u201d.\u00a0 Essas altera\u00e7\u00f5es costumam regredir ap\u00f3s o parto e podem demorar at\u00e9 6 meses para desaparecer.<\/p>\n<p>O melasma (ou cloasma) \u00e9 um tipo comum de mancha que pode surgir no rosto da gestante, influenciada pelas altera\u00e7\u00f5es hormonais que ocorrem durante este per\u00edodo e tamb\u00e9m pela exposi\u00e7\u00e3o \u00e0 radia\u00e7\u00e3o ultravioleta (luz solar).\u00a0 O melasma pode regredir ap\u00f3s o parto, mas na maioria dos casos torna-se persistente, exigindo um tratamento espec\u00edfico. Para preven\u00e7\u00e3o, \u00e9 recomendado o uso de filtros solares FPS 30 ou maior e evitar a exposi\u00e7\u00e3o ao sol. O tratamento deve ser conduzido por um dermatologista.<\/p>\n<p><strong>Estrias<\/strong><\/p>\n<p>As estrias s\u00e3o altera\u00e7\u00f5es lineares desencadeadas pelo estiramento r\u00e1pido da pele. Geralmente surgem no \u00faltimo trimestre da gesta\u00e7\u00e3o, fase de maior estiramento da pele, devido ao aumento r\u00e1pido do abdome e das mamas. Sabe-se que quanto mais jovem a gestante e maior o ganho de peso durante a gesta\u00e7\u00e3o, maior a chance de que as estrias apare\u00e7am. A hidrata\u00e7\u00e3o abundante da pele est\u00e1 indicada, mas previne apenas parcialmente o problema.<\/p>\n<p>Existem diversos tipos de tratamento, alguns destes muito eficazes no tratamento das estrias j\u00e1 formadas. Nem todos os tratamentos dispon\u00edveis podem ser realizados ainda durante a gesta\u00e7\u00e3o e tamb\u00e9m na fase de aleitamento.<\/p>\n<p>O dermatologista \u00e9 o profissional mais indicado para orientar no tratamento desta condi\u00e7\u00e3o.<\/p>\n<p><strong>Doen\u00e7as de pele espec\u00edficas da gesta\u00e7\u00e3o<\/strong><\/p>\n<p>Algumas doen\u00e7as de pele ocorrem exclusivamente neste per\u00edodo de gesta\u00e7\u00e3o ou logo ap\u00f3s o parto e podem se apresentar de diversas maneiras. Ao surgirem manchas, coceira ou qualquer outro tipo de les\u00e3o de pele, deve-se procurar um dermatologista para realiza\u00e7\u00e3o do diagn\u00f3stico correto e tratamento adequado.<\/p>\n<p>Escrito por:<\/p>\n<div id=\"attachment_84\" style=\"width: 397px\" class=\"wp-caption alignnone\"><img loading=\"lazy\" decoding=\"async\" aria-describedby=\"caption-attachment-84\" class=\" wp-image-84\" src=\"https:\/\/meumundopersonalizado.com.br\/blog\/wp-content\/uploads\/2016\/06\/Dra-Helena-Zenedin-Marchioro-2-300x100.png\" alt=\"Dicas para mam\u00e3es sobre pele de bebes recem nascidos\" width=\"387\" height=\"129\" srcset=\"https:\/\/meumundopersonalizado.com.br\/blog\/wp-content\/uploads\/2016\/06\/Dra-Helena-Zenedin-Marchioro-2-300x100.png 300w, https:\/\/meumundopersonalizado.com.br\/blog\/wp-content\/uploads\/2016\/06\/Dra-Helena-Zenedin-Marchioro-2.png 600w\" sizes=\"(max-width: 387px) 100vw, 387px\" \/><p id=\"caption-attachment-84\" class=\"wp-caption-text\">Dermatolista falando sobre irrita\u00e7\u00e3o da \u00e1rea das fraldas em beb\u00eas<\/p><\/div>\n","protected":false},"excerpt":{"rendered":"<p>A pele, assim como a maior parte dos \u00f3rg\u00e3os, tamb\u00e9m sofre mudan\u00e7as durante a gesta\u00e7\u00e3o. Existe uma tend\u00eancia maior \u00e0 acne,\u00a0 \u00e0 pigmenta\u00e7\u00e3o da pele e ao surgimento de\u00a0 estrias. Tamb\u00e9m podem aparecer na gesta\u00e7\u00e3o pequenas les\u00f5es de pele, especialmente nas \u00e1reas de dobras do corpo, como pesco\u00e7o, axilas e na regi\u00e3o abaixo das mamas&#8230;.<\/p>\n","protected":false},"author":2,"featured_media":170,"comment_status":"open","ping_status":"open","sticky":false,"template":"","format":"standard","meta":{"footnotes":""},"categories":[14],"tags":[17,18,16,19],"class_list":["post-169","post","type-post","status-publish","format-standard","has-post-thumbnail","hentry","category-bem-estar-e-comportamento","tag-gestacao","tag-gestante","tag-gravidez","tag-saude","main-post"],"yoast_head":"<!-- This site is optimized with the Yoast SEO plugin v14.1 - https:\/\/yoast.com\/wordpress\/plugins\/seo\/ -->\n<title>Cuidados com a pele na gesta\u00e7\u00e3o! - Blog Meu Mundo Personalizado<\/title>\n<meta name=\"description\" content=\"Durante a gesta\u00e7\u00e3o, existe uma tend\u00eancia maior \u00e0 acne, pigmenta\u00e7\u00e3o da pele e surgimento de estrias. Leia o nosso post e confira com evitar estes problemas.\" \/>\n<meta name=\"robots\" content=\"index, follow\" \/>\n<meta name=\"googlebot\" content=\"index, follow, max-snippet:-1, max-image-preview:large, max-video-preview:-1\" \/>\n<meta name=\"bingbot\" content=\"index, follow, max-snippet:-1, max-image-preview:large, max-video-preview:-1\" \/>\n<link rel=\"canonical\" href=\"https:\/\/meumundopersonalizado.com.br\/blog\/cuidados-com-pele-na-gestacao\/\" \/>\n<meta property=\"og:locale\" content=\"pt_BR\" \/>\n<meta property=\"og:type\" content=\"article\" \/>\n<meta property=\"og:title\" content=\"Cuidados com a pele na gesta\u00e7\u00e3o! - Blog Meu Mundo Personalizado\" \/>\n<meta property=\"og:description\" content=\"Durante a gesta\u00e7\u00e3o, existe uma tend\u00eancia maior \u00e0 acne, pigmenta\u00e7\u00e3o da pele e surgimento de estrias. Leia o nosso post e confira com evitar estes problemas.\" \/>\n<meta property=\"og:url\" content=\"https:\/\/meumundopersonalizado.com.br\/blog\/cuidados-com-pele-na-gestacao\/\" \/>\n<meta property=\"og:site_name\" content=\"Blog Meu Mundo Personalizado\" \/>\n<meta property=\"article:published_time\" content=\"2016-08-30T13:18:08+00:00\" \/>\n<meta property=\"article:modified_time\" content=\"2017-07-04T22:51:15+00:00\" \/>\n<meta property=\"og:image\" content=\"https:\/\/meumundopersonalizado.com.br\/blog\/wp-content\/uploads\/2016\/08\/viet-nam-people-1578393_960_720.jpg\" \/>\n\t<meta property=\"og:image:width\" content=\"927\" \/>\n\t<meta property=\"og:image:height\" content=\"427\" \/>\n<meta name=\"twitter:card\" content=\"summary\" \/>\n<script type=\"application\/ld+json\" class=\"yoast-schema-graph\">{\"@context\":\"https:\/\/schema.org\",\"@graph\":[{\"@type\":\"Organization\",\"@id\":\"https:\/\/meumundopersonalizado.com.br\/blog\/#organization\",\"name\":\"Meu Mundo Personalizado\",\"url\":\"https:\/\/meumundopersonalizado.com.br\/blog\/\",\"sameAs\":[],\"logo\":{\"@type\":\"ImageObject\",\"@id\":\"https:\/\/meumundopersonalizado.com.br\/blog\/#logo\",\"inLanguage\":\"pt-BR\",\"url\":\"https:\/\/meumundopersonalizado.com.br\/blog\/wp-content\/uploads\/2016\/06\/Logo-transparent-background.png\",\"width\":600,\"height\":600,\"caption\":\"Meu Mundo Personalizado\"},\"image\":{\"@id\":\"https:\/\/meumundopersonalizado.com.br\/blog\/#logo\"}},{\"@type\":\"WebSite\",\"@id\":\"https:\/\/meumundopersonalizado.com.br\/blog\/#website\",\"url\":\"https:\/\/meumundopersonalizado.com.br\/blog\/\",\"name\":\"Blog Meu Mundo Personalizado\",\"description\":\"Ideias e Novidades\",\"publisher\":{\"@id\":\"https:\/\/meumundopersonalizado.com.br\/blog\/#organization\"},\"potentialAction\":[{\"@type\":\"SearchAction\",\"target\":\"https:\/\/meumundopersonalizado.com.br\/blog\/?s={search_term_string}\",\"query-input\":\"required name=search_term_string\"}],\"inLanguage\":\"pt-BR\"},{\"@type\":\"ImageObject\",\"@id\":\"https:\/\/meumundopersonalizado.com.br\/blog\/cuidados-com-pele-na-gestacao\/#primaryimage\",\"inLanguage\":\"pt-BR\",\"url\":\"https:\/\/meumundopersonalizado.com.br\/blog\/wp-content\/uploads\/2016\/08\/viet-nam-people-1578393_960_720.jpg\",\"width\":927,\"height\":427,\"caption\":\"Dermatologista d\\u00e1 discas sobre cuidados com a pele na gesta\\u00e7\\u00e3o\"},{\"@type\":\"WebPage\",\"@id\":\"https:\/\/meumundopersonalizado.com.br\/blog\/cuidados-com-pele-na-gestacao\/#webpage\",\"url\":\"https:\/\/meumundopersonalizado.com.br\/blog\/cuidados-com-pele-na-gestacao\/\",\"name\":\"Cuidados com a pele na gesta\\u00e7\\u00e3o! - Blog Meu Mundo Personalizado\",\"isPartOf\":{\"@id\":\"https:\/\/meumundopersonalizado.com.br\/blog\/#website\"},\"primaryImageOfPage\":{\"@id\":\"https:\/\/meumundopersonalizado.com.br\/blog\/cuidados-com-pele-na-gestacao\/#primaryimage\"},\"datePublished\":\"2016-08-30T13:18:08+00:00\",\"dateModified\":\"2017-07-04T22:51:15+00:00\",\"description\":\"Durante a gesta\\u00e7\\u00e3o, existe uma tend\\u00eancia maior \\u00e0 acne, pigmenta\\u00e7\\u00e3o da pele e surgimento de estrias. Leia o nosso post e confira com evitar estes problemas.\",\"inLanguage\":\"pt-BR\",\"potentialAction\":[{\"@type\":\"ReadAction\",\"target\":[\"https:\/\/meumundopersonalizado.com.br\/blog\/cuidados-com-pele-na-gestacao\/\"]}]},{\"@type\":\"Article\",\"@id\":\"https:\/\/meumundopersonalizado.com.br\/blog\/cuidados-com-pele-na-gestacao\/#article\",\"isPartOf\":{\"@id\":\"https:\/\/meumundopersonalizado.com.br\/blog\/cuidados-com-pele-na-gestacao\/#webpage\"},\"author\":{\"@id\":\"https:\/\/meumundopersonalizado.com.br\/blog\/#\/schema\/person\/7152250683ecb9cb4b7c612c699d48a6\"},\"headline\":\"Cuidados com a pele na gesta\\u00e7\\u00e3o!\",\"datePublished\":\"2016-08-30T13:18:08+00:00\",\"dateModified\":\"2017-07-04T22:51:15+00:00\",\"commentCount\":0,\"mainEntityOfPage\":{\"@id\":\"https:\/\/meumundopersonalizado.com.br\/blog\/cuidados-com-pele-na-gestacao\/#webpage\"},\"publisher\":{\"@id\":\"https:\/\/meumundopersonalizado.com.br\/blog\/#organization\"},\"image\":{\"@id\":\"https:\/\/meumundopersonalizado.com.br\/blog\/cuidados-com-pele-na-gestacao\/#primaryimage\"},\"keywords\":\"gesta\\u00e7\\u00e3o,gestante,gravidez,sa\\u00fade\",\"articleSection\":\"Bem-estar e Comportamento\",\"inLanguage\":\"pt-BR\",\"potentialAction\":[{\"@type\":\"CommentAction\",\"name\":\"Comment\",\"target\":[\"https:\/\/meumundopersonalizado.com.br\/blog\/cuidados-com-pele-na-gestacao\/#respond\"]}]},{\"@type\":[\"Person\"],\"@id\":\"https:\/\/meumundopersonalizado.com.br\/blog\/#\/schema\/person\/7152250683ecb9cb4b7c612c699d48a6\",\"name\":\"Meu Mundo Personalizado\",\"image\":{\"@type\":\"ImageObject\",\"@id\":\"https:\/\/meumundopersonalizado.com.br\/blog\/#personlogo\",\"inLanguage\":\"pt-BR\",\"url\":\"https:\/\/secure.gravatar.com\/avatar\/01147ea0fb838750523bfccf1bad0be1?s=96&d=mm&r=g\",\"caption\":\"Meu Mundo Personalizado\"}}]}<\/script>\n<!-- \/ Yoast SEO plugin. -->","_links":{"self":[{"href":"https:\/\/meumundopersonalizado.com.br\/blog\/wp-json\/wp\/v2\/posts\/169"}],"collection":[{"href":"https:\/\/meumundopersonalizado.com.br\/blog\/wp-json\/wp\/v2\/posts"}],"about":[{"href":"https:\/\/meumundopersonalizado.com.br\/blog\/wp-json\/wp\/v2\/types\/post"}],"author":[{"embeddable":true,"href":"https:\/\/meumundopersonalizado.com.br\/blog\/wp-json\/wp\/v2\/users\/2"}],"replies":[{"embeddable":true,"href":"https:\/\/meumundopersonalizado.com.br\/blog\/wp-json\/wp\/v2\/comments?post=169"}],"version-history":[{"count":8,"href":"https:\/\/meumundopersonalizado.com.br\/blog\/wp-json\/wp\/v2\/posts\/169\/revisions"}],"predecessor-version":[{"id":641,"href":"https:\/\/meumundopersonalizado.com.br\/blog\/wp-json\/wp\/v2\/posts\/169\/revisions\/641"}],"wp:featuredmedia":[{"embeddable":true,"href":"https:\/\/meumundopersonalizado.com.br\/blog\/wp-json\/wp\/v2\/media\/170"}],"wp:attachment":[{"href":"https:\/\/meumundopersonalizado.com.br\/blog\/wp-json\/wp\/v2\/media?parent=169"}],"wp:term":[{"taxonomy":"category","embeddable":true,"href":"https:\/\/meumundopersonalizado.com.br\/blog\/wp-json\/wp\/v2\/categories?post=169"},{"taxonomy":"post_tag","embeddable":true,"href":"https:\/\/meumundopersonalizado.com.br\/blog\/wp-json\/wp\/v2\/tags?post=169"}],"curies":[{"name":"wp","href":"https:\/\/api.w.org\/{rel}","templated":true}]}}