{"id":172,"date":"2016-08-29T17:51:18","date_gmt":"2016-08-29T20:51:18","guid":{"rendered":"http:\/\/meumundopersonalizado.com.br\/blog\/?p=172"},"modified":"2017-03-03T10:51:16","modified_gmt":"2017-03-03T13:51:16","slug":"acucar-antidoto-ou-veneno","status":"publish","type":"post","link":"https:\/\/meumundopersonalizado.com.br\/blog\/acucar-antidoto-ou-veneno\/","title":{"rendered":"A\u00e7\u00facar: ant\u00eddoto ou veneno?"},"content":{"rendered":"<p>A regra \u00e9 clara: at\u00e9 a crian\u00e7a completar 1 ano, nada de a\u00e7\u00facar (isso inclui a mamadeira).<\/p>\n<p>Ap\u00f3s essa idade ser\u00e1 inevit\u00e1vel, mas o paladar para o doce ser\u00e1 educado por aquilo que ser\u00e1 oferecido a ela.<\/p>\n<p>Por isso, n\u00e3o coloque a\u00e7\u00facar nos preparos, n\u00e3o ofere\u00e7a doces, refrigerantes, balas, etc, que pra piorar, ainda s\u00e3o artificiais!<\/p>\n<p><!--more--><\/p>\n<p>Deixe para quando o consumo for inevit\u00e1vel, como festas de anivers\u00e1rios e eventos.<\/p>\n<p>Proibir tamb\u00e9m n\u00e3o \u00e9 legal, isso desperta ainda mais o interesse por esses alimentos!<\/p>\n<p>Nada de trocas, incentivos, nada de fazer do doce algo com cara de pr\u00eamio super valorizado, nesse caso, quem n\u00e3o vai quer?<\/p>\n<p><strong>O a\u00e7\u00facar faz mal para os pequenos por que:<\/strong><\/p>\n<p>Causa sobrepeso, causa c\u00e1ries, favorece a hiperatividade, rouba a cena de alimentos saud\u00e1veis como frutas e legumes.<\/p>\n<p><strong>Dica legal<\/strong><\/p>\n<p>Bater suco com uma banana, ado\u00e7ando de forma saud\u00e1vel!<\/p>\n<p><strong>E n\u00e3o se engane&#8230;<\/strong><\/p>\n<p>A\u00e7\u00facar mascavo s\u00f3 tem um pouco mais de vitaminas e menos res\u00edduos.<\/p>\n<p><strong>Saud\u00e1vel? Nem tanto.<\/strong><\/p>\n<p>Qual a quantidade de a\u00e7\u00facar necess\u00e1ria?<\/p>\n<p>Nenhuma! Ou melhor, a quantidade encontrada naturalmente nos alimentos (como frutas, verduras, leite) j\u00e1 \u00e9 necess\u00e1rio, o que \u00e9 colocado \u00e9 somente para dar sabor!<\/p>\n<p>Por isso&#8230;freio no consumo! \u00c9 f\u00e1cil ser saud\u00e1vel!<\/p>\n<p>Dra. Ana Paula Marchioro Mattiello Brabona \u2013 CRN 5302<br \/>\nNutricionista na\u00a0Prefeitura Municipal de Prudent\u00f3polis<\/p>\n<p>&nbsp;<\/p>\n","protected":false},"excerpt":{"rendered":"<p>A regra \u00e9 clara: at\u00e9 a crian\u00e7a completar 1 ano, nada de a\u00e7\u00facar (isso inclui a mamadeira). Ap\u00f3s essa idade ser\u00e1 inevit\u00e1vel, mas o paladar para o doce ser\u00e1 educado por aquilo que ser\u00e1 oferecido a ela. Por isso, n\u00e3o coloque a\u00e7\u00facar nos preparos, n\u00e3o ofere\u00e7a doces, refrigerantes, balas, etc, que pra piorar, ainda s\u00e3o&#8230;<\/p>\n","protected":false},"author":8,"featured_media":175,"comment_status":"open","ping_status":"open","sticky":false,"template":"","format":"standard","meta":{"footnotes":""},"categories":[14],"tags":[21,20,22,17,19],"class_list":["post-172","post","type-post","status-publish","format-standard","has-post-thumbnail","hentry","category-bem-estar-e-comportamento","tag-criancas","tag-dieta","tag-filhos","tag-gestacao","tag-saude","main-post"],"yoast_head":"<!-- This site is optimized with the Yoast SEO plugin v14.1 - https:\/\/yoast.com\/wordpress\/plugins\/seo\/ -->\n<title>A\u00e7\u00facar: ant\u00eddoto ou veneno? - Blog Meu Mundo Personalizado<\/title>\n<meta name=\"description\" content=\"Nossa nutricionista de plant\u00e3o fala sobre os malef\u00edcios do a\u00e7\u00facar para crian\u00e7as e d\u00e1 dicas de como evita-lo, principalmente para beb\u00eas at\u00e9 1 ano. Confira!\" \/>\n<meta name=\"robots\" content=\"index, follow\" \/>\n<meta name=\"googlebot\" content=\"index, follow, max-snippet:-1, max-image-preview:large, max-video-preview:-1\" \/>\n<meta name=\"bingbot\" content=\"index, follow, max-snippet:-1, max-image-preview:large, max-video-preview:-1\" \/>\n<link rel=\"canonical\" href=\"https:\/\/meumundopersonalizado.com.br\/blog\/acucar-antidoto-ou-veneno\/\" \/>\n<meta property=\"og:locale\" content=\"pt_BR\" \/>\n<meta property=\"og:type\" content=\"article\" \/>\n<meta property=\"og:title\" content=\"A\u00e7\u00facar: ant\u00eddoto ou veneno? - Blog Meu Mundo Personalizado\" \/>\n<meta property=\"og:description\" content=\"Nossa nutricionista de plant\u00e3o fala sobre os malef\u00edcios do a\u00e7\u00facar para crian\u00e7as e d\u00e1 dicas de como evita-lo, principalmente para beb\u00eas at\u00e9 1 ano. Confira!\" \/>\n<meta property=\"og:url\" content=\"https:\/\/meumundopersonalizado.com.br\/blog\/acucar-antidoto-ou-veneno\/\" \/>\n<meta property=\"og:site_name\" content=\"Blog Meu Mundo Personalizado\" \/>\n<meta property=\"article:published_time\" content=\"2016-08-29T20:51:18+00:00\" \/>\n<meta property=\"article:modified_time\" content=\"2017-03-03T13:51:16+00:00\" \/>\n<meta property=\"og:image\" content=\"https:\/\/meumundopersonalizado.com.br\/blog\/wp-content\/uploads\/2016\/08\/ACUCAR-1.jpg\" \/>\n\t<meta property=\"og:image:width\" content=\"609\" \/>\n\t<meta property=\"og:image:height\" content=\"293\" \/>\n<meta name=\"twitter:card\" content=\"summary\" \/>\n<script type=\"application\/ld+json\" class=\"yoast-schema-graph\">{\"@context\":\"https:\/\/schema.org\",\"@graph\":[{\"@type\":\"Organization\",\"@id\":\"https:\/\/meumundopersonalizado.com.br\/blog\/#organization\",\"name\":\"Meu Mundo Personalizado\",\"url\":\"https:\/\/meumundopersonalizado.com.br\/blog\/\",\"sameAs\":[],\"logo\":{\"@type\":\"ImageObject\",\"@id\":\"https:\/\/meumundopersonalizado.com.br\/blog\/#logo\",\"inLanguage\":\"pt-BR\",\"url\":\"https:\/\/meumundopersonalizado.com.br\/blog\/wp-content\/uploads\/2016\/06\/Logo-transparent-background.png\",\"width\":600,\"height\":600,\"caption\":\"Meu Mundo Personalizado\"},\"image\":{\"@id\":\"https:\/\/meumundopersonalizado.com.br\/blog\/#logo\"}},{\"@type\":\"WebSite\",\"@id\":\"https:\/\/meumundopersonalizado.com.br\/blog\/#website\",\"url\":\"https:\/\/meumundopersonalizado.com.br\/blog\/\",\"name\":\"Blog Meu Mundo Personalizado\",\"description\":\"Ideias e Novidades\",\"publisher\":{\"@id\":\"https:\/\/meumundopersonalizado.com.br\/blog\/#organization\"},\"potentialAction\":[{\"@type\":\"SearchAction\",\"target\":\"https:\/\/meumundopersonalizado.com.br\/blog\/?s={search_term_string}\",\"query-input\":\"required name=search_term_string\"}],\"inLanguage\":\"pt-BR\"},{\"@type\":\"ImageObject\",\"@id\":\"https:\/\/meumundopersonalizado.com.br\/blog\/acucar-antidoto-ou-veneno\/#primaryimage\",\"inLanguage\":\"pt-BR\",\"url\":\"https:\/\/meumundopersonalizado.com.br\/blog\/wp-content\/uploads\/2016\/08\/ACUCAR-1.jpg\",\"width\":609,\"height\":293,\"caption\":\"Post do blog Meu Mundo Personalizado sobre como evitar o a\\u00e7\\u00facar na dieta das crian\\u00e7as e com dicas sobre substitui\\u00e7\\u00f5es saud\\u00e1veis\"},{\"@type\":\"WebPage\",\"@id\":\"https:\/\/meumundopersonalizado.com.br\/blog\/acucar-antidoto-ou-veneno\/#webpage\",\"url\":\"https:\/\/meumundopersonalizado.com.br\/blog\/acucar-antidoto-ou-veneno\/\",\"name\":\"A\\u00e7\\u00facar: ant\\u00eddoto ou veneno? - Blog Meu Mundo Personalizado\",\"isPartOf\":{\"@id\":\"https:\/\/meumundopersonalizado.com.br\/blog\/#website\"},\"primaryImageOfPage\":{\"@id\":\"https:\/\/meumundopersonalizado.com.br\/blog\/acucar-antidoto-ou-veneno\/#primaryimage\"},\"datePublished\":\"2016-08-29T20:51:18+00:00\",\"dateModified\":\"2017-03-03T13:51:16+00:00\",\"description\":\"Nossa nutricionista de plant\\u00e3o fala sobre os malef\\u00edcios do a\\u00e7\\u00facar para crian\\u00e7as e d\\u00e1 dicas de como evita-lo, principalmente para beb\\u00eas at\\u00e9 1 ano. Confira!\",\"inLanguage\":\"pt-BR\",\"potentialAction\":[{\"@type\":\"ReadAction\",\"target\":[\"https:\/\/meumundopersonalizado.com.br\/blog\/acucar-antidoto-ou-veneno\/\"]}]},{\"@type\":\"Article\",\"@id\":\"https:\/\/meumundopersonalizado.com.br\/blog\/acucar-antidoto-ou-veneno\/#article\",\"isPartOf\":{\"@id\":\"https:\/\/meumundopersonalizado.com.br\/blog\/acucar-antidoto-ou-veneno\/#webpage\"},\"author\":{\"@id\":\"https:\/\/meumundopersonalizado.com.br\/blog\/#\/schema\/person\/a4b9fb62ff169939ab37204f837678fb\"},\"headline\":\"A\\u00e7\\u00facar: ant\\u00eddoto ou veneno?\",\"datePublished\":\"2016-08-29T20:51:18+00:00\",\"dateModified\":\"2017-03-03T13:51:16+00:00\",\"commentCount\":0,\"mainEntityOfPage\":{\"@id\":\"https:\/\/meumundopersonalizado.com.br\/blog\/acucar-antidoto-ou-veneno\/#webpage\"},\"publisher\":{\"@id\":\"https:\/\/meumundopersonalizado.com.br\/blog\/#organization\"},\"image\":{\"@id\":\"https:\/\/meumundopersonalizado.com.br\/blog\/acucar-antidoto-ou-veneno\/#primaryimage\"},\"keywords\":\"crian\\u00e7as,dieta,filhos,gesta\\u00e7\\u00e3o,sa\\u00fade\",\"articleSection\":\"Bem-estar e Comportamento\",\"inLanguage\":\"pt-BR\",\"potentialAction\":[{\"@type\":\"CommentAction\",\"name\":\"Comment\",\"target\":[\"https:\/\/meumundopersonalizado.com.br\/blog\/acucar-antidoto-ou-veneno\/#respond\"]}]},{\"@type\":[\"Person\"],\"@id\":\"https:\/\/meumundopersonalizado.com.br\/blog\/#\/schema\/person\/a4b9fb62ff169939ab37204f837678fb\",\"name\":\"Meu Mundo Personalizado\",\"image\":{\"@type\":\"ImageObject\",\"@id\":\"https:\/\/meumundopersonalizado.com.br\/blog\/#personlogo\",\"inLanguage\":\"pt-BR\",\"url\":\"https:\/\/secure.gravatar.com\/avatar\/f8a7230fe1a7085ce436609e79559303?s=96&d=mm&r=g\",\"caption\":\"Meu Mundo Personalizado\"}}]}<\/script>\n<!-- \/ Yoast SEO plugin. -->","_links":{"self":[{"href":"https:\/\/meumundopersonalizado.com.br\/blog\/wp-json\/wp\/v2\/posts\/172"}],"collection":[{"href":"https:\/\/meumundopersonalizado.com.br\/blog\/wp-json\/wp\/v2\/posts"}],"about":[{"href":"https:\/\/meumundopersonalizado.com.br\/blog\/wp-json\/wp\/v2\/types\/post"}],"author":[{"embeddable":true,"href":"https:\/\/meumundopersonalizado.com.br\/blog\/wp-json\/wp\/v2\/users\/8"}],"replies":[{"embeddable":true,"href":"https:\/\/meumundopersonalizado.com.br\/blog\/wp-json\/wp\/v2\/comments?post=172"}],"version-history":[{"count":3,"href":"https:\/\/meumundopersonalizado.com.br\/blog\/wp-json\/wp\/v2\/posts\/172\/revisions"}],"predecessor-version":[{"id":498,"href":"https:\/\/meumundopersonalizado.com.br\/blog\/wp-json\/wp\/v2\/posts\/172\/revisions\/498"}],"wp:featuredmedia":[{"embeddable":true,"href":"https:\/\/meumundopersonalizado.com.br\/blog\/wp-json\/wp\/v2\/media\/175"}],"wp:attachment":[{"href":"https:\/\/meumundopersonalizado.com.br\/blog\/wp-json\/wp\/v2\/media?parent=172"}],"wp:term":[{"taxonomy":"category","embeddable":true,"href":"https:\/\/meumundopersonalizado.com.br\/blog\/wp-json\/wp\/v2\/categories?post=172"},{"taxonomy":"post_tag","embeddable":true,"href":"https:\/\/meumundopersonalizado.com.br\/blog\/wp-json\/wp\/v2\/tags?post=172"}],"curies":[{"name":"wp","href":"https:\/\/api.w.org\/{rel}","templated":true}]}}