{"id":210,"date":"2016-09-30T10:14:06","date_gmt":"2016-09-30T13:14:06","guid":{"rendered":"http:\/\/meumundopersonalizado.com.br\/blog\/?p=210"},"modified":"2017-03-03T10:48:23","modified_gmt":"2017-03-03T13:48:23","slug":"saude-infantil-7-doencas-mais-comuns-no-verao-e-como-evita-las","status":"publish","type":"post","link":"https:\/\/meumundopersonalizado.com.br\/blog\/saude-infantil-7-doencas-mais-comuns-no-verao-e-como-evita-las\/","title":{"rendered":"Sa\u00fade infantil: 7 doen\u00e7as mais comuns no ver\u00e3o e como evit\u00e1-las"},"content":{"rendered":"<p>Dia 21 de dezembro est\u00e1 logo ali: \u00e9 a partir dessa data que o ver\u00e3o come\u00e7a oficialmente. \u00c9poca mais quente do ano, o ver\u00e3o exige<a href=\"https:\/\/www.google.com.br\/url?sa=t&amp;rct=j&amp;q=&amp;esrc=s&amp;source=web&amp;cd=11&amp;cad=rja&amp;uact=8&amp;ved=0ahUKEwjw47yF7YDPAhUBhJAKHXLnAII4ChAWCBswAA&amp;url=http%3A%2F%2Fmeumundopersonalizado.com.br%2Fblog%2F6-dicas-importantes-sobre-a-saude-infantil-3%2F&amp;usg=AFQjCNEkOheoaGLFB9p_biZUKiL-uqktcg&amp;sig2=Psxcs1e0mRcSvLtInKu-eQ&amp;bvm=bv.131783435,d.Y2I\"><u> cuidados com a sua sa\u00fade e a das crian\u00e7as<\/u><\/a>, pois o calor possui as condi\u00e7\u00f5es ideias para a ocorr\u00eancia de certas doen\u00e7as que acometem a sa\u00fade infantil.<\/p>\n<p>Neste post, listamos as 7 doen\u00e7as mais comuns no ver\u00e3o. Continue a leitura para saber quais s\u00e3o elas e como evit\u00e1-las!<\/p>\n<p><!--more--><\/p>\n<h2>1. Desidrata\u00e7\u00e3o<\/h2>\n<p>A desidrata\u00e7\u00e3o acontece quando o corpo perde uma grande parte dos seus l\u00edquidos e sais minerais. Diariamente, essa perda \u00e9 de 2,5 litros por meio de suor, urina, saliva e fezes. A desidrata\u00e7\u00e3o \u00e9 caracterizada quando essa m\u00e9dia de perda de l\u00edquidos supera o normal, provocando sede excessiva, pouca urina, mucosas e olhos ressecados e aumento da irritabilidade.<\/p>\n<p>A desidrata\u00e7\u00e3o \u00e9 combatida com a ingest\u00e3o de l\u00edquidos (principalmente \u00e1gua), al\u00e9m do uso de roupas leves e a exposi\u00e7\u00e3o adequada ao sol.<\/p>\n<h2>2. Micose<\/h2>\n<p>A micose \u00e9 um tipo de infe\u00e7\u00e3o causada pela prolifera\u00e7\u00e3o excessiva de fungos em algumas regi\u00f5es do corpo, principalmente as que ficam mais quentes e \u00famidas \u2014 virilha, axilas, dobras do corpo e entre os dedos dos p\u00e9s.<\/p>\n<p>Essas regi\u00f5es devem ser higienizadas com o dobro de aten\u00e7\u00e3o no ver\u00e3o. Al\u00e9m disso, devem estar sempre secas. Durante o ver\u00e3o, fa\u00e7a com que as crian\u00e7as usem roupas leves e n\u00e3o compartilhem cal\u00e7ados e toalhas com outras pessoas. Recomenda-se tamb\u00e9m n\u00e3o andar descal\u00e7o em ambientes p\u00fablicos.<\/p>\n<h2>3. Bicho geogr\u00e1fico<\/h2>\n<p>O bicho geogr\u00e1fico, nome popular para a <em>larva migrans<\/em>, costuma se instalar na regi\u00e3o do p\u00e9. Ele entra por meio de cortes ou feridas, se deslocando por baixo da <a href=\"https:\/\/www.google.com.br\/url?sa=t&amp;rct=j&amp;q=&amp;esrc=s&amp;source=web&amp;cd=26&amp;cad=rja&amp;uact=8&amp;ved=0ahUKEwjigcOS7YDPAhUBGpAKHTa3BMQ4FBAWCDYwBQ&amp;url=http%3A%2F%2Fmeumundopersonalizado.com.br%2Fblog%2Fsaiba-o-que-fazer-se-pele-do-seu-bebe-esta-irritada-na-regiao-da-fralda-pela-demartolista-dra-helena-zenedin-marchioro%2F&amp;usg=AFQjCNHPowfr16NrOE8O-gwA5HQToVzWPQ&amp;sig2=RJIT-CEX96NVtOUEjMwEww&amp;bvm=bv.131783435,d.Y2I\"><u>pele<\/u><\/a> e provocando coceira intensa no local.<\/p>\n<p>Essa larva costuma estar presente em regi\u00f5es como gramados e terrenos arenosos, chegando at\u00e9 l\u00e1 por meio das fezes de animais. Para evitar que a crian\u00e7a seja contaminada pelo bicho geogr\u00e1fico, recomenda-se andar cal\u00e7ado em locais p\u00fablicos.<\/p>\n<h2>4. Intoxica\u00e7\u00e3o alimentar<\/h2>\n<p>No ver\u00e3o,\u00a0costumamos sair mais com nossos filhos, lev\u00e1-los aos parques e em viagens de f\u00e9rias. Esse tempo que passamos longe de casa nos obriga a comer na rua, o que pode provocar intoxica\u00e7\u00e3o alimentar.<\/p>\n<p>Esse tipo de intoxica\u00e7\u00e3o acontece por meio de alimentos contaminados \u2014 geralmente pela m\u00e1 conserva\u00e7\u00e3o por causa da temperatura. Ap\u00f3s a ingest\u00e3o desses alimentos, a crian\u00e7a sente n\u00e1usea,\u00a0apresenta diarreia, v\u00f4mitos,\u00a0desidrata\u00e7\u00e3o e febre.<\/p>\n<p>Para prevenir a intoxica\u00e7\u00e3o alimentar, evite as comidas de ambulantes e os alimentos que contenham ovo, maionese e peixe \u2014 principalmente se voc\u00ea n\u00e3o souber a proced\u00eancia deles.<\/p>\n<h2>5. Dengue<\/h2>\n<p>O ver\u00e3o \u00e9 a esta\u00e7\u00e3o em que o <em>Aedes aegypti<\/em> encontra as caracter\u00edsticas perfeitas para se reproduzir. Fique de olho nos sintomas da dengue, que s\u00e3o: manchas e dores no corpo, febre e um cansa\u00e7o extremo.<\/p>\n<p>\u00c9 poss\u00edvel evitar a dengue de algumas maneiras: retire recipientes com \u00e1gua parada \u2014 local de reprodu\u00e7\u00e3o dos mosquitos \u2014, use repelente e feche portas e janelas ao entardecer.<\/p>\n<h2>6. Brotoeja<\/h2>\n<p>A brotoeja \u00e9 uma forte irrita\u00e7\u00e3o cut\u00e2nea causada pela obstru\u00e7\u00e3o das gl\u00e2ndulas sudor\u00edparas. Ela \u00e9 causada pelo uso de cremes ou de roupas muito fechadas, que impedem a transpira\u00e7\u00e3o completa da nossa pele. At\u00e9 mesmo o uso do filtro solar pode resultar no aparecimento da brotoeja, que surge em regi\u00f5es com dobras.<\/p>\n<p>O combate ao aparecimento das brotoejas se d\u00e1 pelo uso de roupas leves, de filtros solares em spray ou em gel, al\u00e9m da perman\u00eancia em ambientes arejados.<\/p>\n<h2>7. Conjuntivite<\/h2>\n<p>A inflama\u00e7\u00e3o de uma fina membrana que reveste o globo ocular \u00e9 conhecida como conjuntivite. Desencadeada por agentes t\u00f3xicos, alergias, v\u00edrus ou bact\u00e9rias que se propagam na \u00e1gua e contaminam os olhos, a conjuntivite provoca incha\u00e7o, ard\u00eancia, coceira e outros sintomas em quem \u00e9 contaminado.<\/p>\n<p>Para evit\u00e1-la, fa\u00e7a com que a crian\u00e7a n\u00e3o compartilhe objetos pessoais, evite\u00a0co\u00e7ar\u00a0os olhos e esteja\u00a0sempre com as m\u00e3os e o rosto lavados.<\/p>\n<p>Apesar do ver\u00e3o ser uma esta\u00e7\u00e3o propensa a se ter muitas doen\u00e7as, vale ressaltar que as crian\u00e7as n\u00e3o podem ser privadas dos seus momentos de divers\u00e3o. Sendo assim, tente conciliar a divers\u00e3o delas com os bons h\u00e1bitos.<\/p>\n<p>Gostou das nossas dicas sobre a sa\u00fade infantil? Ent\u00e3o curta a nossa <a href=\"https:\/\/www.facebook.com\/MeuMundoPersonalizado\"><u>p\u00e1gina no Facebook<\/u><\/a> e fique por dentro de outros conte\u00fados como este!<\/p>\n","protected":false},"excerpt":{"rendered":"<p>Dia 21 de dezembro est\u00e1 logo ali: \u00e9 a partir dessa data que o ver\u00e3o come\u00e7a oficialmente. \u00c9poca mais quente do ano, o ver\u00e3o exige cuidados com a sua sa\u00fade e a das crian\u00e7as, pois o calor possui as condi\u00e7\u00f5es ideias para a ocorr\u00eancia de certas doen\u00e7as que acometem a sa\u00fade infantil. Neste post, listamos&#8230;<\/p>\n","protected":false},"author":2,"featured_media":212,"comment_status":"open","ping_status":"open","sticky":false,"template":"","format":"standard","meta":{"footnotes":""},"categories":[14],"tags":[],"class_list":["post-210","post","type-post","status-publish","format-standard","has-post-thumbnail","hentry","category-bem-estar-e-comportamento","main-post"],"yoast_head":"<!-- This site is optimized with the Yoast SEO plugin v14.1 - https:\/\/yoast.com\/wordpress\/plugins\/seo\/ -->\n<title>Sa\u00fade infantil: 7 doen\u00e7as mais comuns no ver\u00e3o e como evit\u00e1-las - Blog Meu Mundo Personalizado<\/title>\n<meta name=\"description\" content=\"O calor possui as condi\u00e7\u00f5es ideias para a ocorr\u00eancia de certas doen\u00e7as. Confira quais s\u00e3o as doen\u00e7as mais comuns no ver\u00e3o e como evit\u00e1-la.\" \/>\n<meta name=\"robots\" content=\"index, follow\" \/>\n<meta name=\"googlebot\" content=\"index, follow, max-snippet:-1, max-image-preview:large, max-video-preview:-1\" \/>\n<meta name=\"bingbot\" content=\"index, follow, max-snippet:-1, max-image-preview:large, max-video-preview:-1\" \/>\n<link rel=\"canonical\" href=\"https:\/\/meumundopersonalizado.com.br\/blog\/saude-infantil-7-doencas-mais-comuns-no-verao-e-como-evita-las\/\" \/>\n<meta property=\"og:locale\" content=\"pt_BR\" \/>\n<meta property=\"og:type\" content=\"article\" \/>\n<meta property=\"og:title\" content=\"Sa\u00fade infantil: 7 doen\u00e7as mais comuns no ver\u00e3o e como evit\u00e1-las - Blog Meu Mundo Personalizado\" \/>\n<meta property=\"og:description\" content=\"O calor possui as condi\u00e7\u00f5es ideias para a ocorr\u00eancia de certas doen\u00e7as. Confira quais s\u00e3o as doen\u00e7as mais comuns no ver\u00e3o e como evit\u00e1-la.\" \/>\n<meta property=\"og:url\" content=\"https:\/\/meumundopersonalizado.com.br\/blog\/saude-infantil-7-doencas-mais-comuns-no-verao-e-como-evita-las\/\" \/>\n<meta property=\"og:site_name\" content=\"Blog Meu Mundo Personalizado\" \/>\n<meta property=\"article:published_time\" content=\"2016-09-30T13:14:06+00:00\" \/>\n<meta property=\"article:modified_time\" content=\"2017-03-03T13:48:23+00:00\" \/>\n<meta property=\"og:image\" content=\"https:\/\/meumundopersonalizado.com.br\/blog\/wp-content\/uploads\/2016\/09\/saude-infantil-7-doencas-mais-comuns-no-verao-e-como-evitalas.jpeg\" \/>\n\t<meta property=\"og:image:width\" content=\"1000\" \/>\n\t<meta property=\"og:image:height\" content=\"664\" \/>\n<meta name=\"twitter:card\" content=\"summary\" \/>\n<script type=\"application\/ld+json\" class=\"yoast-schema-graph\">{\"@context\":\"https:\/\/schema.org\",\"@graph\":[{\"@type\":\"Organization\",\"@id\":\"https:\/\/meumundopersonalizado.com.br\/blog\/#organization\",\"name\":\"Meu Mundo Personalizado\",\"url\":\"https:\/\/meumundopersonalizado.com.br\/blog\/\",\"sameAs\":[],\"logo\":{\"@type\":\"ImageObject\",\"@id\":\"https:\/\/meumundopersonalizado.com.br\/blog\/#logo\",\"inLanguage\":\"pt-BR\",\"url\":\"https:\/\/meumundopersonalizado.com.br\/blog\/wp-content\/uploads\/2016\/06\/Logo-transparent-background.png\",\"width\":600,\"height\":600,\"caption\":\"Meu Mundo Personalizado\"},\"image\":{\"@id\":\"https:\/\/meumundopersonalizado.com.br\/blog\/#logo\"}},{\"@type\":\"WebSite\",\"@id\":\"https:\/\/meumundopersonalizado.com.br\/blog\/#website\",\"url\":\"https:\/\/meumundopersonalizado.com.br\/blog\/\",\"name\":\"Blog Meu Mundo Personalizado\",\"description\":\"Ideias e Novidades\",\"publisher\":{\"@id\":\"https:\/\/meumundopersonalizado.com.br\/blog\/#organization\"},\"potentialAction\":[{\"@type\":\"SearchAction\",\"target\":\"https:\/\/meumundopersonalizado.com.br\/blog\/?s={search_term_string}\",\"query-input\":\"required name=search_term_string\"}],\"inLanguage\":\"pt-BR\"},{\"@type\":\"ImageObject\",\"@id\":\"https:\/\/meumundopersonalizado.com.br\/blog\/saude-infantil-7-doencas-mais-comuns-no-verao-e-como-evita-las\/#primaryimage\",\"inLanguage\":\"pt-BR\",\"url\":\"https:\/\/meumundopersonalizado.com.br\/blog\/wp-content\/uploads\/2016\/09\/saude-infantil-7-doencas-mais-comuns-no-verao-e-como-evitalas.jpeg\",\"width\":1000,\"height\":664,\"caption\":\"Post da Meu Mundo Personalizado com as 7 doesn\\u00e7as mais comuns para as crian\\u00e7as durante e ver\\u00e3o e quais os tipos de precau\\u00e7\\u00f5es a se tomar para evita-las\"},{\"@type\":\"WebPage\",\"@id\":\"https:\/\/meumundopersonalizado.com.br\/blog\/saude-infantil-7-doencas-mais-comuns-no-verao-e-como-evita-las\/#webpage\",\"url\":\"https:\/\/meumundopersonalizado.com.br\/blog\/saude-infantil-7-doencas-mais-comuns-no-verao-e-como-evita-las\/\",\"name\":\"Sa\\u00fade infantil: 7 doen\\u00e7as mais comuns no ver\\u00e3o e como evit\\u00e1-las - Blog Meu Mundo Personalizado\",\"isPartOf\":{\"@id\":\"https:\/\/meumundopersonalizado.com.br\/blog\/#website\"},\"primaryImageOfPage\":{\"@id\":\"https:\/\/meumundopersonalizado.com.br\/blog\/saude-infantil-7-doencas-mais-comuns-no-verao-e-como-evita-las\/#primaryimage\"},\"datePublished\":\"2016-09-30T13:14:06+00:00\",\"dateModified\":\"2017-03-03T13:48:23+00:00\",\"description\":\"O calor possui as condi\\u00e7\\u00f5es ideias para a ocorr\\u00eancia de certas doen\\u00e7as. Confira quais s\\u00e3o as doen\\u00e7as mais comuns no ver\\u00e3o e como evit\\u00e1-la.\",\"inLanguage\":\"pt-BR\",\"potentialAction\":[{\"@type\":\"ReadAction\",\"target\":[\"https:\/\/meumundopersonalizado.com.br\/blog\/saude-infantil-7-doencas-mais-comuns-no-verao-e-como-evita-las\/\"]}]},{\"@type\":\"Article\",\"@id\":\"https:\/\/meumundopersonalizado.com.br\/blog\/saude-infantil-7-doencas-mais-comuns-no-verao-e-como-evita-las\/#article\",\"isPartOf\":{\"@id\":\"https:\/\/meumundopersonalizado.com.br\/blog\/saude-infantil-7-doencas-mais-comuns-no-verao-e-como-evita-las\/#webpage\"},\"author\":{\"@id\":\"https:\/\/meumundopersonalizado.com.br\/blog\/#\/schema\/person\/7152250683ecb9cb4b7c612c699d48a6\"},\"headline\":\"Sa\\u00fade infantil: 7 doen\\u00e7as mais comuns no ver\\u00e3o e como evit\\u00e1-las\",\"datePublished\":\"2016-09-30T13:14:06+00:00\",\"dateModified\":\"2017-03-03T13:48:23+00:00\",\"commentCount\":0,\"mainEntityOfPage\":{\"@id\":\"https:\/\/meumundopersonalizado.com.br\/blog\/saude-infantil-7-doencas-mais-comuns-no-verao-e-como-evita-las\/#webpage\"},\"publisher\":{\"@id\":\"https:\/\/meumundopersonalizado.com.br\/blog\/#organization\"},\"image\":{\"@id\":\"https:\/\/meumundopersonalizado.com.br\/blog\/saude-infantil-7-doencas-mais-comuns-no-verao-e-como-evita-las\/#primaryimage\"},\"articleSection\":\"Bem-estar e Comportamento\",\"inLanguage\":\"pt-BR\",\"potentialAction\":[{\"@type\":\"CommentAction\",\"name\":\"Comment\",\"target\":[\"https:\/\/meumundopersonalizado.com.br\/blog\/saude-infantil-7-doencas-mais-comuns-no-verao-e-como-evita-las\/#respond\"]}]},{\"@type\":[\"Person\"],\"@id\":\"https:\/\/meumundopersonalizado.com.br\/blog\/#\/schema\/person\/7152250683ecb9cb4b7c612c699d48a6\",\"name\":\"Meu Mundo Personalizado\",\"image\":{\"@type\":\"ImageObject\",\"@id\":\"https:\/\/meumundopersonalizado.com.br\/blog\/#personlogo\",\"inLanguage\":\"pt-BR\",\"url\":\"https:\/\/secure.gravatar.com\/avatar\/01147ea0fb838750523bfccf1bad0be1?s=96&d=mm&r=g\",\"caption\":\"Meu Mundo Personalizado\"}}]}<\/script>\n<!-- \/ Yoast SEO plugin. -->","_links":{"self":[{"href":"https:\/\/meumundopersonalizado.com.br\/blog\/wp-json\/wp\/v2\/posts\/210"}],"collection":[{"href":"https:\/\/meumundopersonalizado.com.br\/blog\/wp-json\/wp\/v2\/posts"}],"about":[{"href":"https:\/\/meumundopersonalizado.com.br\/blog\/wp-json\/wp\/v2\/types\/post"}],"author":[{"embeddable":true,"href":"https:\/\/meumundopersonalizado.com.br\/blog\/wp-json\/wp\/v2\/users\/2"}],"replies":[{"embeddable":true,"href":"https:\/\/meumundopersonalizado.com.br\/blog\/wp-json\/wp\/v2\/comments?post=210"}],"version-history":[{"count":3,"href":"https:\/\/meumundopersonalizado.com.br\/blog\/wp-json\/wp\/v2\/posts\/210\/revisions"}],"predecessor-version":[{"id":488,"href":"https:\/\/meumundopersonalizado.com.br\/blog\/wp-json\/wp\/v2\/posts\/210\/revisions\/488"}],"wp:featuredmedia":[{"embeddable":true,"href":"https:\/\/meumundopersonalizado.com.br\/blog\/wp-json\/wp\/v2\/media\/212"}],"wp:attachment":[{"href":"https:\/\/meumundopersonalizado.com.br\/blog\/wp-json\/wp\/v2\/media?parent=210"}],"wp:term":[{"taxonomy":"category","embeddable":true,"href":"https:\/\/meumundopersonalizado.com.br\/blog\/wp-json\/wp\/v2\/categories?post=210"},{"taxonomy":"post_tag","embeddable":true,"href":"https:\/\/meumundopersonalizado.com.br\/blog\/wp-json\/wp\/v2\/tags?post=210"}],"curies":[{"name":"wp","href":"https:\/\/api.w.org\/{rel}","templated":true}]}}