{"id":228,"date":"2016-10-14T15:29:37","date_gmt":"2016-10-14T18:29:37","guid":{"rendered":"https:\/\/meumundopersonalizado.com.br\/blog\/?p=228"},"modified":"2017-03-03T11:08:00","modified_gmt":"2017-03-03T14:08:00","slug":"6-mitos-e-verdades-sobre-a-alimentacao-infantil","status":"publish","type":"post","link":"https:\/\/meumundopersonalizado.com.br\/blog\/6-mitos-e-verdades-sobre-a-alimentacao-infantil\/","title":{"rendered":"6 mitos e verdades sobre a alimenta\u00e7\u00e3o infantil"},"content":{"rendered":"<div>\n<p>Um card\u00e1pio saud\u00e1vel \u00e9 prioridade em qualquer fase da vida, mas, com rela\u00e7\u00e3o \u00e0 alimenta\u00e7\u00e3o infantil, essa preocupa\u00e7\u00e3o deve ser constante. N\u00e3o \u00e9 uma tarefa f\u00e1cil!<\/p>\n<p>Os pequenos costumam ter o paladar voltado para o <a href=\"http:\/\/blog.meumundopersonalizado.com.br\/gelatina-ou-doces-caseiros\/?utm_source=blog&amp;utm_campaign=rc_blogpost\"><u>consumo de doces e guloseimas<\/u><\/a>. Cabe aos respons\u00e1veis tomar as r\u00e9deas da situa\u00e7\u00e3o e controlar a alimenta\u00e7\u00e3o da meninada, sem excessos nem faltas.<\/p>\n<p>Mas o que \u00e9 mito e o que \u00e9 verdade quando o assunto \u00e9 alimenta\u00e7\u00e3o infantil? Continue a leitura deste post e entenda melhor o que de fato \u00e9 importante para a crian\u00e7ada!<br \/>\n<!--more--><\/p>\n<h2>1. Comer frutas com casca n\u00e3o \u00e9 indicado<\/h2>\n<p>Mito.<\/p>\n<p>Al\u00e9m desse pensamento ser um mito, quando a crian\u00e7a consome frutas com casca, ingere mais fibras. Claro, se poss\u00edvel, prefira frutas org\u00e2nicas, pois a quantidade de agrot\u00f3xicos utilizada na produ\u00e7\u00e3o pode ser prejudicial \u00e0 sa\u00fade do pequeno. Se n\u00e3o for poss\u00edvel \u2014 por causa do pre\u00e7o ou da dificuldade de encontrar \u2014 capriche na higieniza\u00e7\u00e3o das frutas.<\/p>\n<h2>2. Alimentos crus e firmes s\u00e3o fundamentais na alimenta\u00e7\u00e3o infantil<\/h2>\n<p>Verdade.<\/p>\n<p>Al\u00e9m do <a href=\"http:\/\/blog.meumundopersonalizado.com.br\/4-duvidas-respondidas-sobre-o-desenvolvimento-infantil\/?utm_source=blog&amp;utm_campaign=rc_blogpost\"><u>desenvolvimento f\u00edsico e intelectual<\/u><\/a>, por causa das vitaminas, consumir alimentos crus e mais consistentes ajuda na forma\u00e7\u00e3o da musculatura da boca e no desenvolvimento da fala.<\/p>\n<h2>3. Alimentos pr\u00e9-cozidos e industrializados fazem mal \u00e0 sa\u00fade dos pequenos<\/h2>\n<p>Verdade.<\/p>\n<p>O ideal \u00e9 evitar esses alimentos o m\u00e1ximo que puder. N\u00e3o se trata de se tornar uma m\u00e3e bitolada, que n\u00e3o d\u00e1 ao seu filho nada que fuja de um card\u00e1pio adequado, mas simplesmente de evitar produtos industrializados e pr\u00e9-cozidos, que \u00e9 uma maneira de construir h\u00e1bitos saud\u00e1veis desde a inf\u00e2ncia.<\/p>\n<p>Somente com essa atitude \u00e9 poss\u00edvel diminuir o <a href=\"http:\/\/blog.meumundopersonalizado.com.br\/acucar-antidoto-ou-veneno\/?utm_source=blog&amp;utm_campaign=rc_blogpost\"><u>consumo excessivo de a\u00e7\u00facar<\/u><\/a>, s\u00f3dio e gordura trans, o que pode evitar uma s\u00e9rie de problemas, como diabetes, hipertens\u00e3o, alergias, anemia e c\u00e1ries.<\/p>\n<h2>4. Crian\u00e7as devem se alimentar apenas tr\u00eas vezes ao dia<\/h2>\n<p>Mito.<\/p>\n<p>Assim como os adultos, os pequenos tamb\u00e9m precisam dividir suas refei\u00e7\u00f5es em mais vezes, para evitar comer em excesso em um \u00fanico momento do dia. Uma boa distribui\u00e7\u00e3o da alimenta\u00e7\u00e3o pode ser: caf\u00e9 da manh\u00e3, lanche, almo\u00e7o, lanche da tarde e jantar. \u00c9 poss\u00edvel tamb\u00e9m incluir uma barra de cereal ou uma fruta nesses intervalos. O \u00fanico cuidado \u00e9 evitar o consumo de alimentos pouco antes de ir para a cama.<\/p>\n<h2>5. P\u00f3s-vitam\u00ednicos ajudam a crian\u00e7a a crescer mais saud\u00e1vel<\/h2>\n<p>Mito.<\/p>\n<p>Um card\u00e1pio balanceado e saud\u00e1vel \u00e9 suficiente para a crian\u00e7a se desenvolver e crescer com sa\u00fade. Apenas em caso de d\u00e9ficit de alguma vitamina \u00e9 indicada a suplementa\u00e7\u00e3o, e, mesmo assim, com o acompanhamento de um m\u00e9dico pediatra ou nutricionista. Nada de dar suplementos alimentares apenas por achismo!<\/p>\n<h2>6. A carne vermelha faz bem \u00e0 sa\u00fade da crian\u00e7a<\/h2>\n<p>Verdade.<\/p>\n<p>A carne vermelha \u00e9 uma fonte importante de prote\u00edna, ferro e zinco, al\u00e9m de conter uma vitamina conhecida como ferro org\u00e2nico, que ajuda no combate \u00e0 anemia. O ideal \u00e9 que a crian\u00e7a consuma carne vermelha ao menos tr\u00eas vezes por semana, sempre com uma fonte de vitamina C, como a laranja, por exemplo.<\/p>\n<p>E a\u00ed, gostou de saber mais sobre esses mitos e verdades sobre a alimenta\u00e7\u00e3o infantil? Ent\u00e3o compartilhe este artigo com seus amigos nas redes sociais!<\/p>\n<div><\/div>\n<\/div>\n<p><!--more--><\/p>\n<p><!--more--><\/p>\n","protected":false},"excerpt":{"rendered":"<p>Um card\u00e1pio saud\u00e1vel \u00e9 prioridade em qualquer fase da vida, mas, com rela\u00e7\u00e3o \u00e0 alimenta\u00e7\u00e3o infantil, essa preocupa\u00e7\u00e3o deve ser constante. N\u00e3o \u00e9 uma tarefa f\u00e1cil! Os pequenos costumam ter o paladar voltado para o consumo de doces e guloseimas. Cabe aos respons\u00e1veis tomar as r\u00e9deas da situa\u00e7\u00e3o e controlar a alimenta\u00e7\u00e3o da meninada, sem&#8230;<\/p>\n","protected":false},"author":2,"featured_media":230,"comment_status":"open","ping_status":"open","sticky":false,"template":"","format":"standard","meta":{"footnotes":""},"categories":[14],"tags":[],"class_list":["post-228","post","type-post","status-publish","format-standard","has-post-thumbnail","hentry","category-bem-estar-e-comportamento","main-post"],"yoast_head":"<!-- This site is optimized with the Yoast SEO plugin v14.1 - https:\/\/yoast.com\/wordpress\/plugins\/seo\/ -->\n<title>6 mitos e verdades sobre a alimenta\u00e7\u00e3o infantil - Blog Meu Mundo Personalizado<\/title>\n<meta name=\"description\" content=\"Um card\u00e1pio saud\u00e1vel \u00e9 prioridade em qualquer fase da vida. Mas o que \u00e9 mito e o que \u00e9 verdade quando o assunto \u00e9 alimenta\u00e7\u00e3o infantil? Leia nosso post para saber!\" \/>\n<meta name=\"robots\" content=\"index, follow\" \/>\n<meta name=\"googlebot\" content=\"index, follow, max-snippet:-1, max-image-preview:large, max-video-preview:-1\" \/>\n<meta name=\"bingbot\" content=\"index, follow, max-snippet:-1, max-image-preview:large, max-video-preview:-1\" \/>\n<link rel=\"canonical\" href=\"https:\/\/meumundopersonalizado.com.br\/blog\/6-mitos-e-verdades-sobre-a-alimentacao-infantil\/\" \/>\n<meta property=\"og:locale\" content=\"pt_BR\" \/>\n<meta property=\"og:type\" content=\"article\" \/>\n<meta property=\"og:title\" content=\"6 mitos e verdades sobre a alimenta\u00e7\u00e3o infantil - Blog Meu Mundo Personalizado\" \/>\n<meta property=\"og:description\" content=\"Um card\u00e1pio saud\u00e1vel \u00e9 prioridade em qualquer fase da vida. Mas o que \u00e9 mito e o que \u00e9 verdade quando o assunto \u00e9 alimenta\u00e7\u00e3o infantil? Leia nosso post para saber!\" \/>\n<meta property=\"og:url\" content=\"https:\/\/meumundopersonalizado.com.br\/blog\/6-mitos-e-verdades-sobre-a-alimentacao-infantil\/\" \/>\n<meta property=\"og:site_name\" content=\"Blog Meu Mundo Personalizado\" \/>\n<meta property=\"article:published_time\" content=\"2016-10-14T18:29:37+00:00\" \/>\n<meta property=\"article:modified_time\" content=\"2017-03-03T14:08:00+00:00\" \/>\n<meta property=\"og:image\" content=\"https:\/\/meumundopersonalizado.com.br\/blog\/wp-content\/uploads\/2016\/10\/6-mitos-e-verdades-sobre-a-alimentacao-infantil.jpeg\" \/>\n\t<meta property=\"og:image:width\" content=\"1000\" \/>\n\t<meta property=\"og:image:height\" content=\"738\" \/>\n<meta name=\"twitter:card\" content=\"summary\" \/>\n<script type=\"application\/ld+json\" class=\"yoast-schema-graph\">{\"@context\":\"https:\/\/schema.org\",\"@graph\":[{\"@type\":\"Organization\",\"@id\":\"https:\/\/meumundopersonalizado.com.br\/blog\/#organization\",\"name\":\"Meu Mundo Personalizado\",\"url\":\"https:\/\/meumundopersonalizado.com.br\/blog\/\",\"sameAs\":[],\"logo\":{\"@type\":\"ImageObject\",\"@id\":\"https:\/\/meumundopersonalizado.com.br\/blog\/#logo\",\"inLanguage\":\"pt-BR\",\"url\":\"https:\/\/meumundopersonalizado.com.br\/blog\/wp-content\/uploads\/2016\/06\/Logo-transparent-background.png\",\"width\":600,\"height\":600,\"caption\":\"Meu Mundo Personalizado\"},\"image\":{\"@id\":\"https:\/\/meumundopersonalizado.com.br\/blog\/#logo\"}},{\"@type\":\"WebSite\",\"@id\":\"https:\/\/meumundopersonalizado.com.br\/blog\/#website\",\"url\":\"https:\/\/meumundopersonalizado.com.br\/blog\/\",\"name\":\"Blog Meu Mundo Personalizado\",\"description\":\"Ideias e Novidades\",\"publisher\":{\"@id\":\"https:\/\/meumundopersonalizado.com.br\/blog\/#organization\"},\"potentialAction\":[{\"@type\":\"SearchAction\",\"target\":\"https:\/\/meumundopersonalizado.com.br\/blog\/?s={search_term_string}\",\"query-input\":\"required name=search_term_string\"}],\"inLanguage\":\"pt-BR\"},{\"@type\":\"ImageObject\",\"@id\":\"https:\/\/meumundopersonalizado.com.br\/blog\/6-mitos-e-verdades-sobre-a-alimentacao-infantil\/#primaryimage\",\"inLanguage\":\"pt-BR\",\"url\":\"https:\/\/meumundopersonalizado.com.br\/blog\/wp-content\/uploads\/2016\/10\/6-mitos-e-verdades-sobre-a-alimentacao-infantil.jpeg\",\"width\":1000,\"height\":738,\"caption\":\"Post com dicas sobre alguns mitos e verdades sobre a alimenta\\u00e7\\u00e3o das crian\\u00e7as com o intuito de ajudar os pais a entender o que \\u00e9 e o que n\\u00e3o \\u00e9 verdade quando se trata de alimentos para crian\\u00e7as\"},{\"@type\":\"WebPage\",\"@id\":\"https:\/\/meumundopersonalizado.com.br\/blog\/6-mitos-e-verdades-sobre-a-alimentacao-infantil\/#webpage\",\"url\":\"https:\/\/meumundopersonalizado.com.br\/blog\/6-mitos-e-verdades-sobre-a-alimentacao-infantil\/\",\"name\":\"6 mitos e verdades sobre a alimenta\\u00e7\\u00e3o infantil - Blog Meu Mundo Personalizado\",\"isPartOf\":{\"@id\":\"https:\/\/meumundopersonalizado.com.br\/blog\/#website\"},\"primaryImageOfPage\":{\"@id\":\"https:\/\/meumundopersonalizado.com.br\/blog\/6-mitos-e-verdades-sobre-a-alimentacao-infantil\/#primaryimage\"},\"datePublished\":\"2016-10-14T18:29:37+00:00\",\"dateModified\":\"2017-03-03T14:08:00+00:00\",\"description\":\"Um card\\u00e1pio saud\\u00e1vel \\u00e9 prioridade em qualquer fase da vida. Mas o que \\u00e9 mito e o que \\u00e9 verdade quando o assunto \\u00e9 alimenta\\u00e7\\u00e3o infantil? Leia nosso post para saber!\",\"inLanguage\":\"pt-BR\",\"potentialAction\":[{\"@type\":\"ReadAction\",\"target\":[\"https:\/\/meumundopersonalizado.com.br\/blog\/6-mitos-e-verdades-sobre-a-alimentacao-infantil\/\"]}]},{\"@type\":\"Article\",\"@id\":\"https:\/\/meumundopersonalizado.com.br\/blog\/6-mitos-e-verdades-sobre-a-alimentacao-infantil\/#article\",\"isPartOf\":{\"@id\":\"https:\/\/meumundopersonalizado.com.br\/blog\/6-mitos-e-verdades-sobre-a-alimentacao-infantil\/#webpage\"},\"author\":{\"@id\":\"https:\/\/meumundopersonalizado.com.br\/blog\/#\/schema\/person\/7152250683ecb9cb4b7c612c699d48a6\"},\"headline\":\"6 mitos e verdades sobre a alimenta\\u00e7\\u00e3o infantil\",\"datePublished\":\"2016-10-14T18:29:37+00:00\",\"dateModified\":\"2017-03-03T14:08:00+00:00\",\"commentCount\":0,\"mainEntityOfPage\":{\"@id\":\"https:\/\/meumundopersonalizado.com.br\/blog\/6-mitos-e-verdades-sobre-a-alimentacao-infantil\/#webpage\"},\"publisher\":{\"@id\":\"https:\/\/meumundopersonalizado.com.br\/blog\/#organization\"},\"image\":{\"@id\":\"https:\/\/meumundopersonalizado.com.br\/blog\/6-mitos-e-verdades-sobre-a-alimentacao-infantil\/#primaryimage\"},\"articleSection\":\"Bem-estar e Comportamento\",\"inLanguage\":\"pt-BR\",\"potentialAction\":[{\"@type\":\"CommentAction\",\"name\":\"Comment\",\"target\":[\"https:\/\/meumundopersonalizado.com.br\/blog\/6-mitos-e-verdades-sobre-a-alimentacao-infantil\/#respond\"]}]},{\"@type\":[\"Person\"],\"@id\":\"https:\/\/meumundopersonalizado.com.br\/blog\/#\/schema\/person\/7152250683ecb9cb4b7c612c699d48a6\",\"name\":\"Meu Mundo Personalizado\",\"image\":{\"@type\":\"ImageObject\",\"@id\":\"https:\/\/meumundopersonalizado.com.br\/blog\/#personlogo\",\"inLanguage\":\"pt-BR\",\"url\":\"https:\/\/secure.gravatar.com\/avatar\/01147ea0fb838750523bfccf1bad0be1?s=96&d=mm&r=g\",\"caption\":\"Meu Mundo Personalizado\"}}]}<\/script>\n<!-- \/ Yoast SEO plugin. -->","_links":{"self":[{"href":"https:\/\/meumundopersonalizado.com.br\/blog\/wp-json\/wp\/v2\/posts\/228"}],"collection":[{"href":"https:\/\/meumundopersonalizado.com.br\/blog\/wp-json\/wp\/v2\/posts"}],"about":[{"href":"https:\/\/meumundopersonalizado.com.br\/blog\/wp-json\/wp\/v2\/types\/post"}],"author":[{"embeddable":true,"href":"https:\/\/meumundopersonalizado.com.br\/blog\/wp-json\/wp\/v2\/users\/2"}],"replies":[{"embeddable":true,"href":"https:\/\/meumundopersonalizado.com.br\/blog\/wp-json\/wp\/v2\/comments?post=228"}],"version-history":[{"count":4,"href":"https:\/\/meumundopersonalizado.com.br\/blog\/wp-json\/wp\/v2\/posts\/228\/revisions"}],"predecessor-version":[{"id":523,"href":"https:\/\/meumundopersonalizado.com.br\/blog\/wp-json\/wp\/v2\/posts\/228\/revisions\/523"}],"wp:featuredmedia":[{"embeddable":true,"href":"https:\/\/meumundopersonalizado.com.br\/blog\/wp-json\/wp\/v2\/media\/230"}],"wp:attachment":[{"href":"https:\/\/meumundopersonalizado.com.br\/blog\/wp-json\/wp\/v2\/media?parent=228"}],"wp:term":[{"taxonomy":"category","embeddable":true,"href":"https:\/\/meumundopersonalizado.com.br\/blog\/wp-json\/wp\/v2\/categories?post=228"},{"taxonomy":"post_tag","embeddable":true,"href":"https:\/\/meumundopersonalizado.com.br\/blog\/wp-json\/wp\/v2\/tags?post=228"}],"curies":[{"name":"wp","href":"https:\/\/api.w.org\/{rel}","templated":true}]}}