{"id":241,"date":"2016-10-19T12:03:20","date_gmt":"2016-10-19T14:03:20","guid":{"rendered":"https:\/\/meumundopersonalizado.com.br\/blog\/?p=241"},"modified":"2017-03-03T10:46:22","modified_gmt":"2017-03-03T13:46:22","slug":"ele-nao-quer-comer-e-agora-o-que-fazer-quando-as-criancas-se-negam-comer","status":"publish","type":"post","link":"https:\/\/meumundopersonalizado.com.br\/blog\/ele-nao-quer-comer-e-agora-o-que-fazer-quando-as-criancas-se-negam-comer\/","title":{"rendered":"Ele n\u00e3o quer comer, e agora? O que fazer quando as crian\u00e7as se negam a comer"},"content":{"rendered":"<p>A crian\u00e7a pequena, em geral, n\u00e3o \u00e9 muito f\u00e3 de comida. Depois do primeiro ano de vida perde ainda mais o interesse pelos alimentos. Ela est\u00e1 em uma nova fase, novas descobertas, um mundo novo a explorar, e comer passa a ser perda de tempo pra ela.<\/p>\n<p>\u00c9 bom lembrar que a crian\u00e7a s\u00f3 come quanto tem fome, e p\u00e1ra quando ela termina. Nada parecido com os adultos que comem sem fome, quando est\u00e1 gostoso, quando est\u00e3o felizes, quando est\u00e3o tristes, se est\u00e3o numa festa, ou quando sabem que v\u00e3o demorar degustar determinado preparo novamente&#8230;. o famoso \u201ccomer pra aproveitar\u201d, isso \u00e9 um h\u00e1bito nosso! Adquirido ao longo dos anos, comendo errado.<\/p>\n<p>Como a alimenta\u00e7\u00e3o \u00e9 uma parte muito importante na sa\u00fade da crian\u00e7a, a recusa alimentar assusta. Nesse momento, \u00e9 respirar fundo e ver a situa\u00e7\u00e3o como um todo. Afinal a m\u00e3e est\u00e1 ensinando \u00e0 crian\u00e7a h\u00e1bitos alimentares que podem ajud\u00e1-la a se virar sozinha mais tarde, e este comportamento na maioria das vezes \u00e9 normal entre as crian\u00e7as.<\/p>\n<p><!--more--><\/p>\n<p>Por isso, nesta fase, elas est\u00e3o tentando deixar claro que querem ser independentes e que podem tomar conta de si. Al\u00e9m disso, seu corpo est\u00e1 passando por um padr\u00e3o de crescimento que a aproxima da constitui\u00e7\u00e3o f\u00edsica que ter\u00e1 no futuro. O beb\u00ea rechonchudo, de pais magros, come\u00e7a a ficar mais parecido com o resto da fam\u00edlia. E, dar um valor especial ao h\u00e1bito alimentar, ou seja gostar muito de comer \u00e9 uma caracter\u00edstica individual, assim como outras que nos definem como pessoa.<\/p>\n<p>Mas, e a falta de apetite pode ser algo s\u00e9rio? Mudan\u00e7as bruscas de comportamento e de peso devem sim levar a uma investiga\u00e7\u00e3o maior. Ou seja, se a crian\u00e7a comia bem e, repentinamente recusa os alimentos que antes apreciava, procure um pediatra que deve investigar o caso como um todo, e para isso solicitar\u00e1 exames necess\u00e1rios para um diagn\u00f3stico correto.<\/p>\n<p>Preocupada com uma baixa ingest\u00e3o pelo pequeno?<br \/>\nNa consulta ao pediatra pe\u00e7a uma boa explica\u00e7\u00e3o da curva do crescimento e que ele solicite um exame de sangue completo. Se os n\u00edveis estiverem bons para que se preocupar?<span class=\"Apple-converted-space\">\u00a0<\/span><br \/>\nIsso mostra que seu filho, como um \u201cser humaninho\u201d s\u00e1bio que \u00e9, come exatamente a quantidade que precisa para manter-se vivo e saud\u00e1vel.<\/p>\n<p>Exagerar na oferta pode ser ruim? Muito<br \/>\nTrocas, castigos, presentes em troca de mais garfadas apenas far\u00e1 ele a comer por outros motivos que n\u00e3o s\u00e3o fome real, associando comer h\u00e1 motivos errados, isso o far\u00e1 perder aquele instinto natural de fome e saciedade que o mant\u00e9m saud\u00e1vel.<\/p>\n<p>Aquele que muitos de n\u00f3s adultos perdemos h\u00e1 muito tempo&#8230; e por isso temos tanta dificuldade de emagrecer,<\/p>\n<p>Lembre-se, recusa ou um interesse menor pela alimenta\u00e7\u00e3o \u00e9 uma fase, mas, se mal conduzida pode mudar toda uma forma de se relacionar com o alimento, e transformar uma crian\u00e7a saud\u00e1vel em um indiv\u00edduo com risco de obesidade.<\/p>\n<p>&#8220;\u00b4\u00c9 f\u00e1cil ser saud\u00e1vel&#8221;<\/p>\n<p>Dra. Ana Paula Marchioro Mattiello Brabona \u2013 CRN 5302<br \/>\nNutricionista na\u00a0Prefeitura Municipal de Prudent\u00f3polis<\/p>\n<p>&nbsp;<\/p>\n<p>&nbsp;<\/p>\n","protected":false},"excerpt":{"rendered":"<p>A crian\u00e7a pequena, em geral, n\u00e3o \u00e9 muito f\u00e3 de comida. Depois do primeiro ano de vida perde ainda mais o interesse pelos alimentos. Ela est\u00e1 em uma nova fase, novas descobertas, um mundo novo a explorar, e comer passa a ser perda de tempo pra ela. \u00c9 bom lembrar que a crian\u00e7a s\u00f3 come&#8230;<\/p>\n","protected":false},"author":2,"featured_media":242,"comment_status":"open","ping_status":"open","sticky":false,"template":"","format":"standard","meta":{"footnotes":""},"categories":[14],"tags":[],"class_list":["post-241","post","type-post","status-publish","format-standard","has-post-thumbnail","hentry","category-bem-estar-e-comportamento","main-post"],"yoast_head":"<!-- This site is optimized with the Yoast SEO plugin v14.1 - https:\/\/yoast.com\/wordpress\/plugins\/seo\/ -->\n<title>Ele n\u00e3o quer comer, e agora? O que fazer quando as crian\u00e7as se negam a comer - Blog Meu Mundo Personalizado<\/title>\n<meta name=\"description\" content=\"A crian\u00e7a pequena, em geral, depois do 1\u00ba ano de vida, tende a perder o interesse pelos alimentos. Leia nosso blog para saber o que fazer quando esta hora chegar!\" \/>\n<meta name=\"robots\" content=\"index, follow\" \/>\n<meta name=\"googlebot\" content=\"index, follow, max-snippet:-1, max-image-preview:large, max-video-preview:-1\" \/>\n<meta name=\"bingbot\" content=\"index, follow, max-snippet:-1, max-image-preview:large, max-video-preview:-1\" \/>\n<link rel=\"canonical\" href=\"https:\/\/meumundopersonalizado.com.br\/blog\/ele-nao-quer-comer-e-agora-o-que-fazer-quando-as-criancas-se-negam-comer\/\" \/>\n<meta property=\"og:locale\" content=\"pt_BR\" \/>\n<meta property=\"og:type\" content=\"article\" \/>\n<meta property=\"og:title\" content=\"Ele n\u00e3o quer comer, e agora? O que fazer quando as crian\u00e7as se negam a comer - Blog Meu Mundo Personalizado\" \/>\n<meta property=\"og:description\" content=\"A crian\u00e7a pequena, em geral, depois do 1\u00ba ano de vida, tende a perder o interesse pelos alimentos. Leia nosso blog para saber o que fazer quando esta hora chegar!\" \/>\n<meta property=\"og:url\" content=\"https:\/\/meumundopersonalizado.com.br\/blog\/ele-nao-quer-comer-e-agora-o-que-fazer-quando-as-criancas-se-negam-comer\/\" \/>\n<meta property=\"og:site_name\" content=\"Blog Meu Mundo Personalizado\" \/>\n<meta property=\"article:published_time\" content=\"2016-10-19T14:03:20+00:00\" \/>\n<meta property=\"article:modified_time\" content=\"2017-03-03T13:46:22+00:00\" \/>\n<meta property=\"og:image\" content=\"https:\/\/meumundopersonalizado.com.br\/blog\/wp-content\/uploads\/2016\/10\/Blog-post-Ele-N\u00e3o-quer-comer-e-agora-sobre-Alimenta\u00e7\u00e3o-Infantil.jpg\" \/>\n\t<meta property=\"og:image:width\" content=\"713\" \/>\n\t<meta property=\"og:image:height\" content=\"499\" \/>\n<meta name=\"twitter:card\" content=\"summary\" \/>\n<script type=\"application\/ld+json\" class=\"yoast-schema-graph\">{\"@context\":\"https:\/\/schema.org\",\"@graph\":[{\"@type\":\"Organization\",\"@id\":\"https:\/\/meumundopersonalizado.com.br\/blog\/#organization\",\"name\":\"Meu Mundo Personalizado\",\"url\":\"https:\/\/meumundopersonalizado.com.br\/blog\/\",\"sameAs\":[],\"logo\":{\"@type\":\"ImageObject\",\"@id\":\"https:\/\/meumundopersonalizado.com.br\/blog\/#logo\",\"inLanguage\":\"pt-BR\",\"url\":\"https:\/\/meumundopersonalizado.com.br\/blog\/wp-content\/uploads\/2016\/06\/Logo-transparent-background.png\",\"width\":600,\"height\":600,\"caption\":\"Meu Mundo Personalizado\"},\"image\":{\"@id\":\"https:\/\/meumundopersonalizado.com.br\/blog\/#logo\"}},{\"@type\":\"WebSite\",\"@id\":\"https:\/\/meumundopersonalizado.com.br\/blog\/#website\",\"url\":\"https:\/\/meumundopersonalizado.com.br\/blog\/\",\"name\":\"Blog Meu Mundo Personalizado\",\"description\":\"Ideias e Novidades\",\"publisher\":{\"@id\":\"https:\/\/meumundopersonalizado.com.br\/blog\/#organization\"},\"potentialAction\":[{\"@type\":\"SearchAction\",\"target\":\"https:\/\/meumundopersonalizado.com.br\/blog\/?s={search_term_string}\",\"query-input\":\"required name=search_term_string\"}],\"inLanguage\":\"pt-BR\"},{\"@type\":\"ImageObject\",\"@id\":\"https:\/\/meumundopersonalizado.com.br\/blog\/ele-nao-quer-comer-e-agora-o-que-fazer-quando-as-criancas-se-negam-comer\/#primaryimage\",\"inLanguage\":\"pt-BR\",\"url\":\"https:\/\/meumundopersonalizado.com.br\/blog\/wp-content\/uploads\/2016\/10\/Blog-post-Ele-N\\u00e3o-quer-comer-e-agora-sobre-Alimenta\\u00e7\\u00e3o-Infantil.jpg\",\"width\":713,\"height\":499,\"caption\":\"Post da Meu Mundo Personalizado com dicas de como agir quando seu filho ou filha se negam a comer\"},{\"@type\":\"WebPage\",\"@id\":\"https:\/\/meumundopersonalizado.com.br\/blog\/ele-nao-quer-comer-e-agora-o-que-fazer-quando-as-criancas-se-negam-comer\/#webpage\",\"url\":\"https:\/\/meumundopersonalizado.com.br\/blog\/ele-nao-quer-comer-e-agora-o-que-fazer-quando-as-criancas-se-negam-comer\/\",\"name\":\"Ele n\\u00e3o quer comer, e agora? O que fazer quando as crian\\u00e7as se negam a comer - Blog Meu Mundo Personalizado\",\"isPartOf\":{\"@id\":\"https:\/\/meumundopersonalizado.com.br\/blog\/#website\"},\"primaryImageOfPage\":{\"@id\":\"https:\/\/meumundopersonalizado.com.br\/blog\/ele-nao-quer-comer-e-agora-o-que-fazer-quando-as-criancas-se-negam-comer\/#primaryimage\"},\"datePublished\":\"2016-10-19T14:03:20+00:00\",\"dateModified\":\"2017-03-03T13:46:22+00:00\",\"description\":\"A crian\\u00e7a pequena, em geral, depois do 1\\u00ba ano de vida, tende a perder o interesse pelos alimentos. Leia nosso blog para saber o que fazer quando esta hora chegar!\",\"inLanguage\":\"pt-BR\",\"potentialAction\":[{\"@type\":\"ReadAction\",\"target\":[\"https:\/\/meumundopersonalizado.com.br\/blog\/ele-nao-quer-comer-e-agora-o-que-fazer-quando-as-criancas-se-negam-comer\/\"]}]},{\"@type\":\"Article\",\"@id\":\"https:\/\/meumundopersonalizado.com.br\/blog\/ele-nao-quer-comer-e-agora-o-que-fazer-quando-as-criancas-se-negam-comer\/#article\",\"isPartOf\":{\"@id\":\"https:\/\/meumundopersonalizado.com.br\/blog\/ele-nao-quer-comer-e-agora-o-que-fazer-quando-as-criancas-se-negam-comer\/#webpage\"},\"author\":{\"@id\":\"https:\/\/meumundopersonalizado.com.br\/blog\/#\/schema\/person\/7152250683ecb9cb4b7c612c699d48a6\"},\"headline\":\"Ele n\\u00e3o quer comer, e agora? O que fazer quando as crian\\u00e7as se negam a comer\",\"datePublished\":\"2016-10-19T14:03:20+00:00\",\"dateModified\":\"2017-03-03T13:46:22+00:00\",\"commentCount\":0,\"mainEntityOfPage\":{\"@id\":\"https:\/\/meumundopersonalizado.com.br\/blog\/ele-nao-quer-comer-e-agora-o-que-fazer-quando-as-criancas-se-negam-comer\/#webpage\"},\"publisher\":{\"@id\":\"https:\/\/meumundopersonalizado.com.br\/blog\/#organization\"},\"image\":{\"@id\":\"https:\/\/meumundopersonalizado.com.br\/blog\/ele-nao-quer-comer-e-agora-o-que-fazer-quando-as-criancas-se-negam-comer\/#primaryimage\"},\"articleSection\":\"Bem-estar e Comportamento\",\"inLanguage\":\"pt-BR\",\"potentialAction\":[{\"@type\":\"CommentAction\",\"name\":\"Comment\",\"target\":[\"https:\/\/meumundopersonalizado.com.br\/blog\/ele-nao-quer-comer-e-agora-o-que-fazer-quando-as-criancas-se-negam-comer\/#respond\"]}]},{\"@type\":[\"Person\"],\"@id\":\"https:\/\/meumundopersonalizado.com.br\/blog\/#\/schema\/person\/7152250683ecb9cb4b7c612c699d48a6\",\"name\":\"Meu Mundo Personalizado\",\"image\":{\"@type\":\"ImageObject\",\"@id\":\"https:\/\/meumundopersonalizado.com.br\/blog\/#personlogo\",\"inLanguage\":\"pt-BR\",\"url\":\"https:\/\/secure.gravatar.com\/avatar\/01147ea0fb838750523bfccf1bad0be1?s=96&d=mm&r=g\",\"caption\":\"Meu Mundo Personalizado\"}}]}<\/script>\n<!-- \/ Yoast SEO plugin. -->","_links":{"self":[{"href":"https:\/\/meumundopersonalizado.com.br\/blog\/wp-json\/wp\/v2\/posts\/241"}],"collection":[{"href":"https:\/\/meumundopersonalizado.com.br\/blog\/wp-json\/wp\/v2\/posts"}],"about":[{"href":"https:\/\/meumundopersonalizado.com.br\/blog\/wp-json\/wp\/v2\/types\/post"}],"author":[{"embeddable":true,"href":"https:\/\/meumundopersonalizado.com.br\/blog\/wp-json\/wp\/v2\/users\/2"}],"replies":[{"embeddable":true,"href":"https:\/\/meumundopersonalizado.com.br\/blog\/wp-json\/wp\/v2\/comments?post=241"}],"version-history":[{"count":3,"href":"https:\/\/meumundopersonalizado.com.br\/blog\/wp-json\/wp\/v2\/posts\/241\/revisions"}],"predecessor-version":[{"id":481,"href":"https:\/\/meumundopersonalizado.com.br\/blog\/wp-json\/wp\/v2\/posts\/241\/revisions\/481"}],"wp:featuredmedia":[{"embeddable":true,"href":"https:\/\/meumundopersonalizado.com.br\/blog\/wp-json\/wp\/v2\/media\/242"}],"wp:attachment":[{"href":"https:\/\/meumundopersonalizado.com.br\/blog\/wp-json\/wp\/v2\/media?parent=241"}],"wp:term":[{"taxonomy":"category","embeddable":true,"href":"https:\/\/meumundopersonalizado.com.br\/blog\/wp-json\/wp\/v2\/categories?post=241"},{"taxonomy":"post_tag","embeddable":true,"href":"https:\/\/meumundopersonalizado.com.br\/blog\/wp-json\/wp\/v2\/tags?post=241"}],"curies":[{"name":"wp","href":"https:\/\/api.w.org\/{rel}","templated":true}]}}