{"id":271,"date":"2016-11-01T14:25:11","date_gmt":"2016-11-01T16:25:11","guid":{"rendered":"https:\/\/meumundopersonalizado.com.br\/blog\/?p=271"},"modified":"2017-03-03T10:40:57","modified_gmt":"2017-03-03T13:40:57","slug":"medo-na-infancia-como-ajudar-os-pequenos-a-supera-los","status":"publish","type":"post","link":"https:\/\/meumundopersonalizado.com.br\/blog\/medo-na-infancia-como-ajudar-os-pequenos-a-supera-los\/","title":{"rendered":"Medo na inf\u00e2ncia: como ajudar os pequenos a super\u00e1-los?"},"content":{"rendered":"<p>Assim como o adulto, a crian\u00e7a sente medo sempre que se depara com uma situa\u00e7\u00e3o de perigo, seja ele real ou imagin\u00e1rio. Uma vez que o senso de seguran\u00e7a infantil ainda \u00e9 muito fr\u00e1gil, dada sua pouca experi\u00eancia de vida, a tend\u00eancia \u00e9 mesmo que a crian\u00e7a seja mais suscet\u00edvel a <a href=\"http:\/\/www.gazetadopovo.com.br\/caderno-g\/medo-irracional-brm6h85vn0t277rgryrszxg7i?utm_source=blog&amp;utm_campaign=rc_blogpost\"><u>medos irracionais<\/u><\/a>. Por isso, o choro no meio do escuro, o desespero com a aus\u00eancia dos pais e outros epis\u00f3dios t\u00edpicos do medo na inf\u00e2ncia n\u00e3o devem ser encarados como algo anormal.<\/p>\n<p>\u00c9 certo que esse medo irracional \u2014 <a href=\"http:\/\/super.abril.com.br\/comportamento\/medo-como-vencer-os-seus?utm_source=blog&amp;utm_campaign=rc_blogpost\"><u>que n\u00e3o \u00e9 nem de longe uma exclusividade das crian\u00e7as<\/u><\/a> \u2014 jamais deve ser estimulado. Por outro lado, tamb\u00e9m \u00e9 um erro trat\u00e1-lo como algo sem import\u00e2ncia ou \u201crid\u00edculo\u201d. Afinal de contas, pequenos medos da inf\u00e2ncia <a href=\"http:\/\/odia.ig.com.br\/noticia\/mundoeciencia\/2015-08-08\/fobia-e-medo-irracional-podem-ser-causados-por-traumas-de-infancia.html?utm_source=blog&amp;utm_campaign=rc_blogpost\"><u>podem evoluir para fobias<\/u><\/a> quando s\u00e3o reprimidos ou negligenciados. Considerando isso, qual seria a melhor sa\u00edda para os pais?<\/p>\n<p><!--more--><\/p>\n<p>Antes de mais nada, \u00e9 preciso saber respeitar e ouvir a crian\u00e7a, procurando entender a origem de cada fen\u00f4meno, para encontrar a melhor forma de super\u00e1-lo. A partir da\u00ed, paci\u00eancia, bom senso e criatividade s\u00e3o os maiores aliados nessa caminhada. Acompanhe, a seguir, alguns exemplos espec\u00edficos que podem ajudar os pais a se posicionarem!<\/p>\n<h2>O medo do escuro<\/h2>\n<p>A melhor forma de lidar com o medo do escuro \u00e9 preveni-lo, acostumando a crian\u00e7a desde cedo a brincar ou dormir com pouca luz. Uma brincadeira muito simples para estimular essa rela\u00e7\u00e3o \u00e9 contar hist\u00f3rias enquanto projeta sombras nas paredes.<\/p>\n<p>Caso o medo j\u00e1 esteja instalado, o primeiro passo \u00e9 tentar conter novas associa\u00e7\u00f5es negativas. Deve-se evitar por um tempo, por exemplo, os filmes e hist\u00f3rias mais sombrias. Al\u00e9m disso, \u00e9 importante diminuir progressivamente a luz do quarto quando a crian\u00e7a vai dormir.<\/p>\n<h2>O medo de dormir sozinho<\/h2>\n<p>Quando se trata do medo de dormir sozinho, vale a pena investigar primeiro se o problema n\u00e3o \u00e9 car\u00eancia. Muitas crian\u00e7as desejam apenas <a href=\"https:\/\/meumundopersonalizado.com.br\/blog\/4-dicas-para-maes-de-como-aproveitar-melhor-o-tempo-com-o-filho\/?utm_source=blog&amp;utm_campaign=rc_blogpost\"><u>passar mais tempo com os pais<\/u><\/a>, usando o medo como pretexto.<\/p>\n<p>Nos casos em que ele for real, \u00e9 muito importante ser paciente. Quanto mais a crian\u00e7a sentir que os pais est\u00e3o de prontid\u00e3o para defend\u00ea-la, mais facilmente se libertar\u00e1 dessa ang\u00fastia. Uma maneira bastante pr\u00e1tica de ajudar a crian\u00e7a a superar esse medo \u00e9 estabelecer uma rotina bem regrada, de forma que ela acabe sentindo sono antes mesmo de poder se preocupar.<\/p>\n<h2>O medo de criaturas fant\u00e1sticas<\/h2>\n<p>O famoso medo do \u201cBicho Pap\u00e3o\u201d ou do \u201cHomem do Saco\u201d, muitas vezes, \u00e9 incutido pelos pr\u00f3prios pais, que, posteriormente, ainda riem da crian\u00e7a \u2014 essa \u00e9 a pior forma de lidar com a situa\u00e7\u00e3o.<\/p>\n<p>As crian\u00e7as vivem em um mundo de constante interc\u00e2mbio entre fantasia e realidade, portanto, \u00e9 muito importante que os pais tenham consci\u00eancia na hora de inventar fantasias e tamb\u00e9m na hora de ouvi-las.<\/p>\n<p>Se for poss\u00edvel esclarecer de maneira racional que o monstro n\u00e3o existe, ent\u00e3o, essa \u00e9, naturalmente, a melhor sa\u00edda. Caso contr\u00e1rio, apele para a criatividade: entre tamb\u00e9m na imagina\u00e7\u00e3o e invente formas infal\u00edveis de acabar com o monstro!<\/p>\n<h2>O medo de ficar longe dos pais<\/h2>\n<p>Outro medo que, muitas vezes, \u00e9 incutido pelos pr\u00f3prios pais \u00e9 o de se afastar das pessoas conhecidas. Para n\u00e3o deixar que ele surja, o mais indicado \u00e9 incentivar que a crian\u00e7a socialize quando estiver em p\u00fablico e experimente tempos de solid\u00e3o quando estiver em casa.<\/p>\n<p>\u00c9 comum que algumas crian\u00e7as pequenas desatem a chorar ao serem deixadas na escola, por exemplo. Nesse tipo de epis\u00f3dio, \u00e9 fundamental que os pais deixem claro que v\u00e3o voltar e que retornem, de fato, no momento prometido. Assim, progressivamente, o filho come\u00e7ar\u00e1 a se adaptar \u00e0 aus\u00eancia dos pais,\u00a0compreendendo que ela \u00e9 tempor\u00e1ria e que nada de mau vai acontecer.<\/p>\n<p>Como os exemplos acima deixam transparecer, o mais importante ao tentar minimizar ou combater o medo na inf\u00e2ncia \u00e9 manter uma postura aberta. Deve-se saber <a href=\"https:\/\/meumundopersonalizado.com.br\/blog\/dicas-para-maes-o-que-nao-se-deve-falar-para-as-criancas\/?utm_source=blog&amp;utm_campaign=rc_blogpost\"><u>respeitar a crian\u00e7a<\/u><\/a>, comunicar-se com ela e lembrar que a supera\u00e7\u00e3o \u00e9 uma quest\u00e3o de tempo. Todos tivemos medos que, alguns anos ou at\u00e9 mesmo dias depois, nos fizeram rir \u2014 e com nossos filhos n\u00e3o \u00e9 diferente.<\/p>\n<p>Gostou das dicas para ajudar seus filhos a superar o medo na inf\u00e2ncia? Ent\u00e3o assine nossa newsletter e fique por dentro de outros conte\u00fados!<\/p>\n","protected":false},"excerpt":{"rendered":"<p>Assim como o adulto, a crian\u00e7a sente medo sempre que se depara com uma situa\u00e7\u00e3o de perigo, seja ele real ou imagin\u00e1rio. Uma vez que o senso de seguran\u00e7a infantil ainda \u00e9 muito fr\u00e1gil, dada sua pouca experi\u00eancia de vida, a tend\u00eancia \u00e9 mesmo que a crian\u00e7a seja mais suscet\u00edvel a medos irracionais. Por isso,&#8230;<\/p>\n","protected":false},"author":2,"featured_media":273,"comment_status":"open","ping_status":"open","sticky":false,"template":"","format":"standard","meta":{"footnotes":""},"categories":[14],"tags":[],"class_list":["post-271","post","type-post","status-publish","format-standard","has-post-thumbnail","hentry","category-bem-estar-e-comportamento","main-post"],"yoast_head":"<!-- This site is optimized with the Yoast SEO plugin v14.1 - https:\/\/yoast.com\/wordpress\/plugins\/seo\/ -->\n<title>Medo na inf\u00e2ncia: como ajudar os pequenos a super\u00e1-los? - Blog Meu Mundo Personalizado<\/title>\n<meta name=\"description\" content=\"Assim como o adulto, a crian\u00e7a sente medo sempre que se depara com uma situa\u00e7\u00e3o de perigo, seja ele real ou imagin\u00e1rio. Saiba como ajud\u00e1-lo.\" \/>\n<meta name=\"robots\" content=\"index, follow\" \/>\n<meta name=\"googlebot\" content=\"index, follow, max-snippet:-1, max-image-preview:large, max-video-preview:-1\" \/>\n<meta name=\"bingbot\" content=\"index, follow, max-snippet:-1, max-image-preview:large, max-video-preview:-1\" \/>\n<link rel=\"canonical\" href=\"https:\/\/meumundopersonalizado.com.br\/blog\/medo-na-infancia-como-ajudar-os-pequenos-a-supera-los\/\" \/>\n<meta property=\"og:locale\" content=\"pt_BR\" \/>\n<meta property=\"og:type\" content=\"article\" \/>\n<meta property=\"og:title\" content=\"Medo na inf\u00e2ncia: como ajudar os pequenos a super\u00e1-los? - Blog Meu Mundo Personalizado\" \/>\n<meta property=\"og:description\" content=\"Assim como o adulto, a crian\u00e7a sente medo sempre que se depara com uma situa\u00e7\u00e3o de perigo, seja ele real ou imagin\u00e1rio. Saiba como ajud\u00e1-lo.\" \/>\n<meta property=\"og:url\" content=\"https:\/\/meumundopersonalizado.com.br\/blog\/medo-na-infancia-como-ajudar-os-pequenos-a-supera-los\/\" \/>\n<meta property=\"og:site_name\" content=\"Blog Meu Mundo Personalizado\" \/>\n<meta property=\"article:published_time\" content=\"2016-11-01T16:25:11+00:00\" \/>\n<meta property=\"article:modified_time\" content=\"2017-03-03T13:40:57+00:00\" \/>\n<meta property=\"og:image\" content=\"https:\/\/meumundopersonalizado.com.br\/blog\/wp-content\/uploads\/2016\/11\/medo-na-infancia-como-ajudar-os-pequenos-a-superalos.jpeg\" \/>\n\t<meta property=\"og:image:width\" content=\"999\" \/>\n\t<meta property=\"og:image:height\" content=\"669\" \/>\n<meta name=\"twitter:card\" content=\"summary\" \/>\n<script type=\"application\/ld+json\" class=\"yoast-schema-graph\">{\"@context\":\"https:\/\/schema.org\",\"@graph\":[{\"@type\":\"Organization\",\"@id\":\"https:\/\/meumundopersonalizado.com.br\/blog\/#organization\",\"name\":\"Meu Mundo Personalizado\",\"url\":\"https:\/\/meumundopersonalizado.com.br\/blog\/\",\"sameAs\":[],\"logo\":{\"@type\":\"ImageObject\",\"@id\":\"https:\/\/meumundopersonalizado.com.br\/blog\/#logo\",\"inLanguage\":\"pt-BR\",\"url\":\"https:\/\/meumundopersonalizado.com.br\/blog\/wp-content\/uploads\/2016\/06\/Logo-transparent-background.png\",\"width\":600,\"height\":600,\"caption\":\"Meu Mundo Personalizado\"},\"image\":{\"@id\":\"https:\/\/meumundopersonalizado.com.br\/blog\/#logo\"}},{\"@type\":\"WebSite\",\"@id\":\"https:\/\/meumundopersonalizado.com.br\/blog\/#website\",\"url\":\"https:\/\/meumundopersonalizado.com.br\/blog\/\",\"name\":\"Blog Meu Mundo Personalizado\",\"description\":\"Ideias e Novidades\",\"publisher\":{\"@id\":\"https:\/\/meumundopersonalizado.com.br\/blog\/#organization\"},\"potentialAction\":[{\"@type\":\"SearchAction\",\"target\":\"https:\/\/meumundopersonalizado.com.br\/blog\/?s={search_term_string}\",\"query-input\":\"required name=search_term_string\"}],\"inLanguage\":\"pt-BR\"},{\"@type\":\"ImageObject\",\"@id\":\"https:\/\/meumundopersonalizado.com.br\/blog\/medo-na-infancia-como-ajudar-os-pequenos-a-supera-los\/#primaryimage\",\"inLanguage\":\"pt-BR\",\"url\":\"https:\/\/meumundopersonalizado.com.br\/blog\/wp-content\/uploads\/2016\/11\/medo-na-infancia-como-ajudar-os-pequenos-a-superalos.jpeg\",\"width\":999,\"height\":669,\"caption\":\"Saiba como ajudar seu filho a enfrentar seus medos, respeitando-o e sem estimular o panico\"},{\"@type\":\"WebPage\",\"@id\":\"https:\/\/meumundopersonalizado.com.br\/blog\/medo-na-infancia-como-ajudar-os-pequenos-a-supera-los\/#webpage\",\"url\":\"https:\/\/meumundopersonalizado.com.br\/blog\/medo-na-infancia-como-ajudar-os-pequenos-a-supera-los\/\",\"name\":\"Medo na inf\\u00e2ncia: como ajudar os pequenos a super\\u00e1-los? - Blog Meu Mundo Personalizado\",\"isPartOf\":{\"@id\":\"https:\/\/meumundopersonalizado.com.br\/blog\/#website\"},\"primaryImageOfPage\":{\"@id\":\"https:\/\/meumundopersonalizado.com.br\/blog\/medo-na-infancia-como-ajudar-os-pequenos-a-supera-los\/#primaryimage\"},\"datePublished\":\"2016-11-01T16:25:11+00:00\",\"dateModified\":\"2017-03-03T13:40:57+00:00\",\"description\":\"Assim como o adulto, a crian\\u00e7a sente medo sempre que se depara com uma situa\\u00e7\\u00e3o de perigo, seja ele real ou imagin\\u00e1rio. Saiba como ajud\\u00e1-lo.\",\"inLanguage\":\"pt-BR\",\"potentialAction\":[{\"@type\":\"ReadAction\",\"target\":[\"https:\/\/meumundopersonalizado.com.br\/blog\/medo-na-infancia-como-ajudar-os-pequenos-a-supera-los\/\"]}]},{\"@type\":\"Article\",\"@id\":\"https:\/\/meumundopersonalizado.com.br\/blog\/medo-na-infancia-como-ajudar-os-pequenos-a-supera-los\/#article\",\"isPartOf\":{\"@id\":\"https:\/\/meumundopersonalizado.com.br\/blog\/medo-na-infancia-como-ajudar-os-pequenos-a-supera-los\/#webpage\"},\"author\":{\"@id\":\"https:\/\/meumundopersonalizado.com.br\/blog\/#\/schema\/person\/7152250683ecb9cb4b7c612c699d48a6\"},\"headline\":\"Medo na inf\\u00e2ncia: como ajudar os pequenos a super\\u00e1-los?\",\"datePublished\":\"2016-11-01T16:25:11+00:00\",\"dateModified\":\"2017-03-03T13:40:57+00:00\",\"commentCount\":0,\"mainEntityOfPage\":{\"@id\":\"https:\/\/meumundopersonalizado.com.br\/blog\/medo-na-infancia-como-ajudar-os-pequenos-a-supera-los\/#webpage\"},\"publisher\":{\"@id\":\"https:\/\/meumundopersonalizado.com.br\/blog\/#organization\"},\"image\":{\"@id\":\"https:\/\/meumundopersonalizado.com.br\/blog\/medo-na-infancia-como-ajudar-os-pequenos-a-supera-los\/#primaryimage\"},\"articleSection\":\"Bem-estar e Comportamento\",\"inLanguage\":\"pt-BR\",\"potentialAction\":[{\"@type\":\"CommentAction\",\"name\":\"Comment\",\"target\":[\"https:\/\/meumundopersonalizado.com.br\/blog\/medo-na-infancia-como-ajudar-os-pequenos-a-supera-los\/#respond\"]}]},{\"@type\":[\"Person\"],\"@id\":\"https:\/\/meumundopersonalizado.com.br\/blog\/#\/schema\/person\/7152250683ecb9cb4b7c612c699d48a6\",\"name\":\"Meu Mundo Personalizado\",\"image\":{\"@type\":\"ImageObject\",\"@id\":\"https:\/\/meumundopersonalizado.com.br\/blog\/#personlogo\",\"inLanguage\":\"pt-BR\",\"url\":\"https:\/\/secure.gravatar.com\/avatar\/01147ea0fb838750523bfccf1bad0be1?s=96&d=mm&r=g\",\"caption\":\"Meu Mundo Personalizado\"}}]}<\/script>\n<!-- \/ Yoast SEO plugin. -->","_links":{"self":[{"href":"https:\/\/meumundopersonalizado.com.br\/blog\/wp-json\/wp\/v2\/posts\/271"}],"collection":[{"href":"https:\/\/meumundopersonalizado.com.br\/blog\/wp-json\/wp\/v2\/posts"}],"about":[{"href":"https:\/\/meumundopersonalizado.com.br\/blog\/wp-json\/wp\/v2\/types\/post"}],"author":[{"embeddable":true,"href":"https:\/\/meumundopersonalizado.com.br\/blog\/wp-json\/wp\/v2\/users\/2"}],"replies":[{"embeddable":true,"href":"https:\/\/meumundopersonalizado.com.br\/blog\/wp-json\/wp\/v2\/comments?post=271"}],"version-history":[{"count":3,"href":"https:\/\/meumundopersonalizado.com.br\/blog\/wp-json\/wp\/v2\/posts\/271\/revisions"}],"predecessor-version":[{"id":471,"href":"https:\/\/meumundopersonalizado.com.br\/blog\/wp-json\/wp\/v2\/posts\/271\/revisions\/471"}],"wp:featuredmedia":[{"embeddable":true,"href":"https:\/\/meumundopersonalizado.com.br\/blog\/wp-json\/wp\/v2\/media\/273"}],"wp:attachment":[{"href":"https:\/\/meumundopersonalizado.com.br\/blog\/wp-json\/wp\/v2\/media?parent=271"}],"wp:term":[{"taxonomy":"category","embeddable":true,"href":"https:\/\/meumundopersonalizado.com.br\/blog\/wp-json\/wp\/v2\/categories?post=271"},{"taxonomy":"post_tag","embeddable":true,"href":"https:\/\/meumundopersonalizado.com.br\/blog\/wp-json\/wp\/v2\/tags?post=271"}],"curies":[{"name":"wp","href":"https:\/\/api.w.org\/{rel}","templated":true}]}}