{"id":296,"date":"2016-12-07T14:20:08","date_gmt":"2016-12-07T16:20:08","guid":{"rendered":"https:\/\/meumundopersonalizado.com.br\/blog\/?p=296"},"modified":"2017-03-03T10:39:08","modified_gmt":"2017-03-03T13:39:08","slug":"5-dicas-incriveis-para-organizar-um-evento-corporativo","status":"publish","type":"post","link":"https:\/\/meumundopersonalizado.com.br\/blog\/5-dicas-incriveis-para-organizar-um-evento-corporativo\/","title":{"rendered":"5 dicas incr\u00edveis para organizar um evento corporativo"},"content":{"rendered":"<p>Reunir funcion\u00e1rios e gestores para <a href=\"https:\/\/meumundopersonalizado.com.br\/blog\/6-formas-de-como-definir-metas-e-alcancar-o-objetivo-profissional\/?utm_source=blog&amp;utm_campaign=rc_blogpost\"><u>definir metas<\/u><\/a>, apresentar novos produtos ou comemorar resultados atingidos. Essas s\u00e3o algumas situa\u00e7\u00f5es que podem ser o motivo para a realiza\u00e7\u00e3o de um evento corporativo. Independentemente do ramo de atua\u00e7\u00e3o da empresa, esse tipo de evento exige cuidados redobrados, pois ele pode transmitir a maneira que a empresa lida com seus objetivos e relacionamentos.<\/p>\n<p>Para fazer um evento corporativo de sucesso \u00e9 preciso seguir alguns passos. Como, por exemplo, antecipar o planejamento, contratar fornecedores confi\u00e1veis e elaborar uma estrat\u00e9gia de divulga\u00e7\u00e3o certeira.<\/p>\n<p><!--more--><\/p>\n<p>Quer saber mais sobre o assunto? Ent\u00e3o acompanhe este artigo e conhe\u00e7a 5 dicas primordiais para organizar um evento corporativo que todo mundo vai adorar!<\/p>\n<h2>1. Defina uma estrat\u00e9gia<\/h2>\n<p>O que pretendo com esse evento e qual vai ser o p\u00fablico de interesse? Essas devem ser as quest\u00f5es iniciais para voc\u00ea come\u00e7ar a planejar o evento corporativo. Existem v\u00e1rias estrat\u00e9gias que v\u00e3o depender do perfil de evento.<\/p>\n<p>Por exemplo, o objetivo \u00e9 apresentar um produto in\u00e9dito? Ent\u00e3o, planeje um material informativo e canais eficientes de intera\u00e7\u00e3o com o p\u00fablico. Essa \u00e9 uma maneira de garantir que ningu\u00e9m vai sair do evento sem entender o que foi apresentado.<\/p>\n<h2>2. Fa\u00e7a um planejamento antecipado<\/h2>\n<p>Um evento corporativo tem que ser planejado com anteced\u00eancia. Ainda mais quando a sua realiza\u00e7\u00e3o vai depender da autoriza\u00e7\u00e3o dos superiores. Observe se a data marcada para o evento n\u00e3o vai coincidir com datas comemorativas tradicionais. \u00c9 crucial que grande parte das pessoas tenha uma agenda favor\u00e1vel para comparecer ao seu evento. Defina bem antes o local onde o evento vai ocorrer e entre em contato com fornecedores tanto do buffet quanto dos aparelhos de imagem e som, por exemplo.<\/p>\n<p>Depois de fazer esse levantamento, apresente o planejamento e o or\u00e7amento final aos superiores. \u00c9 preciso saber quanto a empresa vai aprovar.<\/p>\n<h2>3. Contrate uma empresa confi\u00e1vel para seu evento corporativo<\/h2>\n<p>Encontrar fornecedores que atendam a suas demandas \u00e9 um sinal de um evento de sucesso. Ent\u00e3o, fa\u00e7a uma pesquisa, destaque aqueles j\u00e1 conhecidos por voc\u00ea ou pe\u00e7a recomenda\u00e7\u00f5es. \u00c9 importante avaliar o portf\u00f3lio e a cartela de clientes. Depois, compare os or\u00e7amentos de cada op\u00e7\u00e3o.<\/p>\n<p>Com o fornecedor escolhido, repasse a ele as orienta\u00e7\u00f5es necess\u00e1rias. N\u00e3o esque\u00e7a de marcar uma reuni\u00e3o com o fornecedor dias antes do evento, preferencialmente no local, para acertarem como tudo deve ocorrer no dia. Assim, evitam-se grandes imprevistos.<\/p>\n<h2>4. Divulgue o evento para seu p\u00fablico<\/h2>\n<p>J\u00e1 est\u00e1 tudo planejado e aprovado? Ent\u00e3o chegou a hora de divulgar! Pesquise qual seria o meio mais eficaz de comunica\u00e7\u00e3o com seu p\u00fablico. Se, por exemplo, \u00e9 melhor preparar convites impressos, banners, folhetos ou apenas utilizar ferramentas on-line.<\/p>\n<p>Com o mundo cada vez mais conectado, se sua estrat\u00e9gia for pela internet, n\u00e3o se acanhe de entrar em contato com comunidades e f\u00f3runs nas redes sociais. Essa \u00e9 uma maneira pr\u00e1tica e econ\u00f4mica de divulgar seu evento em um ambiente com pessoas interessadas. Tamb\u00e9m n\u00e3o dispense o e-mail corporativo. Separe os diversos contatos que podem fazer parte do segmento do seu evento. Envie convite para eles!<\/p>\n<h2>5. Saiba como o seu evento foi avaliado<\/h2>\n<p>Depois da realiza\u00e7\u00e3o do evento, \u00e9 importante colher as opini\u00f5es dos participantes. Elabore um question\u00e1rio e envie aos convidados no dia seguinte ao encontro. Assim, quem participou ainda tem uma mem\u00f3ria fresca do que aconteceu e vai poder dar um feedback mais completo.<\/p>\n<p>Um detalhe importante na confec\u00e7\u00e3o dessa pesquisa de satisfa\u00e7\u00e3o \u00e9 fazer menos quest\u00f5es para poder obter mais respostas. Isso porque as pessoas costumam ignorar question\u00e1rios longos demais. Ent\u00e3o, preze por poucas perguntas e deixe um campo para coment\u00e1rios e sugest\u00f5es. Dessa forma, voc\u00ea aumenta a possibilidade de <a href=\"https:\/\/meumundopersonalizado.com.br\/blog\/4-dicas-para-fazer-um-networking-efetivo-para-sua-carreira\/?utm_source=blog&amp;utm_campaign=rc_blogpost\"><u>networking efetivo<\/u><\/a> e analisa se tudo ocorreu como deveria.<\/p>\n<p>Gostou dessas sugest\u00f5es? Seguindo essas dicas, seu evento corporativo vai agradar a todos! Para ficar por dentro de outros conte\u00fados como este, assine a nossa newsletter!<\/p>\n","protected":false},"excerpt":{"rendered":"<p>Reunir funcion\u00e1rios e gestores para definir metas, apresentar novos produtos ou comemorar resultados atingidos. Essas s\u00e3o algumas situa\u00e7\u00f5es que podem ser o motivo para a realiza\u00e7\u00e3o de um evento corporativo. Independentemente do ramo de atua\u00e7\u00e3o da empresa, esse tipo de evento exige cuidados redobrados, pois ele pode transmitir a maneira que a empresa lida com&#8230;<\/p>\n","protected":false},"author":2,"featured_media":298,"comment_status":"open","ping_status":"open","sticky":false,"template":"","format":"standard","meta":{"footnotes":""},"categories":[14],"tags":[],"class_list":["post-296","post","type-post","status-publish","format-standard","has-post-thumbnail","hentry","category-bem-estar-e-comportamento","main-post"],"yoast_head":"<!-- This site is optimized with the Yoast SEO plugin v14.1 - https:\/\/yoast.com\/wordpress\/plugins\/seo\/ -->\n<title>5 dicas incr\u00edveis para organizar um evento corporativo - Blog Meu Mundo Personalizado<\/title>\n<meta name=\"description\" content=\"Organizar um evento corporativo de sucesso \u00e9 preciso seguir alguns passos.Acompanhe este artigo e conhe\u00e7a 5 dicas para organizar e agradar\" \/>\n<meta name=\"robots\" content=\"index, follow\" \/>\n<meta name=\"googlebot\" content=\"index, follow, max-snippet:-1, max-image-preview:large, max-video-preview:-1\" \/>\n<meta name=\"bingbot\" content=\"index, follow, max-snippet:-1, max-image-preview:large, max-video-preview:-1\" \/>\n<link rel=\"canonical\" href=\"https:\/\/meumundopersonalizado.com.br\/blog\/5-dicas-incriveis-para-organizar-um-evento-corporativo\/\" \/>\n<meta property=\"og:locale\" content=\"pt_BR\" \/>\n<meta property=\"og:type\" content=\"article\" \/>\n<meta property=\"og:title\" content=\"5 dicas incr\u00edveis para organizar um evento corporativo - Blog Meu Mundo Personalizado\" \/>\n<meta property=\"og:description\" content=\"Organizar um evento corporativo de sucesso \u00e9 preciso seguir alguns passos.Acompanhe este artigo e conhe\u00e7a 5 dicas para organizar e agradar\" \/>\n<meta property=\"og:url\" content=\"https:\/\/meumundopersonalizado.com.br\/blog\/5-dicas-incriveis-para-organizar-um-evento-corporativo\/\" \/>\n<meta property=\"og:site_name\" content=\"Blog Meu Mundo Personalizado\" \/>\n<meta property=\"article:published_time\" content=\"2016-12-07T16:20:08+00:00\" \/>\n<meta property=\"article:modified_time\" content=\"2017-03-03T13:39:08+00:00\" \/>\n<meta property=\"og:image\" content=\"https:\/\/meumundopersonalizado.com.br\/blog\/wp-content\/uploads\/2016\/12\/5-dicas-incriveis-para-organizar-um-evento-corporativo.jpeg\" \/>\n\t<meta property=\"og:image:width\" content=\"2000\" \/>\n\t<meta property=\"og:image:height\" content=\"1333\" \/>\n<meta name=\"twitter:card\" content=\"summary\" \/>\n<script type=\"application\/ld+json\" class=\"yoast-schema-graph\">{\"@context\":\"https:\/\/schema.org\",\"@graph\":[{\"@type\":\"Organization\",\"@id\":\"https:\/\/meumundopersonalizado.com.br\/blog\/#organization\",\"name\":\"Meu Mundo Personalizado\",\"url\":\"https:\/\/meumundopersonalizado.com.br\/blog\/\",\"sameAs\":[],\"logo\":{\"@type\":\"ImageObject\",\"@id\":\"https:\/\/meumundopersonalizado.com.br\/blog\/#logo\",\"inLanguage\":\"pt-BR\",\"url\":\"https:\/\/meumundopersonalizado.com.br\/blog\/wp-content\/uploads\/2016\/06\/Logo-transparent-background.png\",\"width\":600,\"height\":600,\"caption\":\"Meu Mundo Personalizado\"},\"image\":{\"@id\":\"https:\/\/meumundopersonalizado.com.br\/blog\/#logo\"}},{\"@type\":\"WebSite\",\"@id\":\"https:\/\/meumundopersonalizado.com.br\/blog\/#website\",\"url\":\"https:\/\/meumundopersonalizado.com.br\/blog\/\",\"name\":\"Blog Meu Mundo Personalizado\",\"description\":\"Ideias e Novidades\",\"publisher\":{\"@id\":\"https:\/\/meumundopersonalizado.com.br\/blog\/#organization\"},\"potentialAction\":[{\"@type\":\"SearchAction\",\"target\":\"https:\/\/meumundopersonalizado.com.br\/blog\/?s={search_term_string}\",\"query-input\":\"required name=search_term_string\"}],\"inLanguage\":\"pt-BR\"},{\"@type\":\"ImageObject\",\"@id\":\"https:\/\/meumundopersonalizado.com.br\/blog\/5-dicas-incriveis-para-organizar-um-evento-corporativo\/#primaryimage\",\"inLanguage\":\"pt-BR\",\"url\":\"https:\/\/meumundopersonalizado.com.br\/blog\/wp-content\/uploads\/2016\/12\/5-dicas-incriveis-para-organizar-um-evento-corporativo.jpeg\",\"width\":2000,\"height\":1333,\"caption\":\"Organizar um evento corporativo para reunir dirigentes e funcion\\u00e1rios ou apresentar um produto requer alguns cuidados para atingir seu objetivo e agradar a todos\"},{\"@type\":\"WebPage\",\"@id\":\"https:\/\/meumundopersonalizado.com.br\/blog\/5-dicas-incriveis-para-organizar-um-evento-corporativo\/#webpage\",\"url\":\"https:\/\/meumundopersonalizado.com.br\/blog\/5-dicas-incriveis-para-organizar-um-evento-corporativo\/\",\"name\":\"5 dicas incr\\u00edveis para organizar um evento corporativo - Blog Meu Mundo Personalizado\",\"isPartOf\":{\"@id\":\"https:\/\/meumundopersonalizado.com.br\/blog\/#website\"},\"primaryImageOfPage\":{\"@id\":\"https:\/\/meumundopersonalizado.com.br\/blog\/5-dicas-incriveis-para-organizar-um-evento-corporativo\/#primaryimage\"},\"datePublished\":\"2016-12-07T16:20:08+00:00\",\"dateModified\":\"2017-03-03T13:39:08+00:00\",\"description\":\"Organizar um evento corporativo de sucesso \\u00e9 preciso seguir alguns passos.Acompanhe este artigo e conhe\\u00e7a 5 dicas para organizar e agradar\",\"inLanguage\":\"pt-BR\",\"potentialAction\":[{\"@type\":\"ReadAction\",\"target\":[\"https:\/\/meumundopersonalizado.com.br\/blog\/5-dicas-incriveis-para-organizar-um-evento-corporativo\/\"]}]},{\"@type\":\"Article\",\"@id\":\"https:\/\/meumundopersonalizado.com.br\/blog\/5-dicas-incriveis-para-organizar-um-evento-corporativo\/#article\",\"isPartOf\":{\"@id\":\"https:\/\/meumundopersonalizado.com.br\/blog\/5-dicas-incriveis-para-organizar-um-evento-corporativo\/#webpage\"},\"author\":{\"@id\":\"https:\/\/meumundopersonalizado.com.br\/blog\/#\/schema\/person\/7152250683ecb9cb4b7c612c699d48a6\"},\"headline\":\"5 dicas incr\\u00edveis para organizar um evento corporativo\",\"datePublished\":\"2016-12-07T16:20:08+00:00\",\"dateModified\":\"2017-03-03T13:39:08+00:00\",\"commentCount\":0,\"mainEntityOfPage\":{\"@id\":\"https:\/\/meumundopersonalizado.com.br\/blog\/5-dicas-incriveis-para-organizar-um-evento-corporativo\/#webpage\"},\"publisher\":{\"@id\":\"https:\/\/meumundopersonalizado.com.br\/blog\/#organization\"},\"image\":{\"@id\":\"https:\/\/meumundopersonalizado.com.br\/blog\/5-dicas-incriveis-para-organizar-um-evento-corporativo\/#primaryimage\"},\"articleSection\":\"Bem-estar e Comportamento\",\"inLanguage\":\"pt-BR\",\"potentialAction\":[{\"@type\":\"CommentAction\",\"name\":\"Comment\",\"target\":[\"https:\/\/meumundopersonalizado.com.br\/blog\/5-dicas-incriveis-para-organizar-um-evento-corporativo\/#respond\"]}]},{\"@type\":[\"Person\"],\"@id\":\"https:\/\/meumundopersonalizado.com.br\/blog\/#\/schema\/person\/7152250683ecb9cb4b7c612c699d48a6\",\"name\":\"Meu Mundo Personalizado\",\"image\":{\"@type\":\"ImageObject\",\"@id\":\"https:\/\/meumundopersonalizado.com.br\/blog\/#personlogo\",\"inLanguage\":\"pt-BR\",\"url\":\"https:\/\/secure.gravatar.com\/avatar\/01147ea0fb838750523bfccf1bad0be1?s=96&d=mm&r=g\",\"caption\":\"Meu Mundo Personalizado\"}}]}<\/script>\n<!-- \/ Yoast SEO plugin. -->","_links":{"self":[{"href":"https:\/\/meumundopersonalizado.com.br\/blog\/wp-json\/wp\/v2\/posts\/296"}],"collection":[{"href":"https:\/\/meumundopersonalizado.com.br\/blog\/wp-json\/wp\/v2\/posts"}],"about":[{"href":"https:\/\/meumundopersonalizado.com.br\/blog\/wp-json\/wp\/v2\/types\/post"}],"author":[{"embeddable":true,"href":"https:\/\/meumundopersonalizado.com.br\/blog\/wp-json\/wp\/v2\/users\/2"}],"replies":[{"embeddable":true,"href":"https:\/\/meumundopersonalizado.com.br\/blog\/wp-json\/wp\/v2\/comments?post=296"}],"version-history":[{"count":3,"href":"https:\/\/meumundopersonalizado.com.br\/blog\/wp-json\/wp\/v2\/posts\/296\/revisions"}],"predecessor-version":[{"id":465,"href":"https:\/\/meumundopersonalizado.com.br\/blog\/wp-json\/wp\/v2\/posts\/296\/revisions\/465"}],"wp:featuredmedia":[{"embeddable":true,"href":"https:\/\/meumundopersonalizado.com.br\/blog\/wp-json\/wp\/v2\/media\/298"}],"wp:attachment":[{"href":"https:\/\/meumundopersonalizado.com.br\/blog\/wp-json\/wp\/v2\/media?parent=296"}],"wp:term":[{"taxonomy":"category","embeddable":true,"href":"https:\/\/meumundopersonalizado.com.br\/blog\/wp-json\/wp\/v2\/categories?post=296"},{"taxonomy":"post_tag","embeddable":true,"href":"https:\/\/meumundopersonalizado.com.br\/blog\/wp-json\/wp\/v2\/tags?post=296"}],"curies":[{"name":"wp","href":"https:\/\/api.w.org\/{rel}","templated":true}]}}