{"id":314,"date":"2016-12-29T13:04:50","date_gmt":"2016-12-29T15:04:50","guid":{"rendered":"https:\/\/meumundopersonalizado.com.br\/blog\/?p=314"},"modified":"2017-03-03T11:06:27","modified_gmt":"2017-03-03T14:06:27","slug":"saude-infantil-12-doencas-mais-comuns-no-verao-e-como-evita-las","status":"publish","type":"post","link":"https:\/\/meumundopersonalizado.com.br\/blog\/saude-infantil-12-doencas-mais-comuns-no-verao-e-como-evita-las\/","title":{"rendered":"Sa\u00fade infantil: 12 doen\u00e7as mais comuns no ver\u00e3o e como evit\u00e1-las"},"content":{"rendered":"<div>\n<p>Dia 21 de dezembro chegou: e \u00e9 a partir dessa data que o ver\u00e3o come\u00e7a oficialmente. A \u00e9poca mais quente do ano exige<a href=\"https:\/\/www.google.com.br\/url?sa=t&amp;rct=j&amp;q=&amp;esrc=s&amp;source=web&amp;cd=11&amp;cad=rja&amp;uact=8&amp;ved=0ahUKEwjw47yF7YDPAhUBhJAKHXLnAII4ChAWCBswAA&amp;url=http%3A%2F%2Fmeumundopersonalizado.com.br%2Fblog%2F6-dicas-importantes-sobre-a-saude-infantil-3%2F&amp;usg=AFQjCNEkOheoaGLFB9p_biZUKiL-uqktcg&amp;sig2=Psxcs1e0mRcSvLtInKu-eQ&amp;bvm=bv.131783435,d.Y2I&amp;utm_source=blog&amp;utm_campaign=rc_blogpost\"><u> cuidados com a sua sa\u00fade e a das crian\u00e7as<\/u><\/a>, pois o calor possui as condi\u00e7\u00f5es ideais para a ocorr\u00eancia de certas doen\u00e7as que acometem a sa\u00fade infantil.<\/p>\n<p>Neste post, listamos as 12 doen\u00e7as mais comuns no ver\u00e3o. Continue a leitura para saber quais s\u00e3o elas.<br \/>\n<!--more--><\/p>\n<h2>1. Desidrata\u00e7\u00e3o<\/h2>\n<p>A desidrata\u00e7\u00e3o acontece quando o corpo perde uma grande parte dos seus l\u00edquidos e sais minerais. Diariamente, essa perda \u00e9 de 2,5 litros por meio de suor, urina, saliva e fezes. A desidrata\u00e7\u00e3o \u00e9 caracterizada quando essa m\u00e9dia de perda de l\u00edquidos supera o normal, provocando sede excessiva, pouca urina, mucosas e olhos ressecados e aumento da irritabilidade.<\/p>\n<p>A desidrata\u00e7\u00e3o \u00e9 combatida com a ingest\u00e3o de l\u00edquidos (principalmente \u00e1gua), al\u00e9m do uso de roupas leves e a exposi\u00e7\u00e3o adequada ao sol.<\/p>\n<h2>2. Micose<\/h2>\n<p>A micose \u00e9 um tipo de infe\u00e7\u00e3o causada pela prolifera\u00e7\u00e3o excessiva de fungos em algumas regi\u00f5es do corpo, principalmente as que ficam mais quentes e \u00famidas \u2014 virilha, axilas, dobras do corpo e entre os dedos dos p\u00e9s.<\/p>\n<p>Essas regi\u00f5es devem ser higienizadas com o dobro de aten\u00e7\u00e3o no ver\u00e3o. Al\u00e9m disso, devem estar sempre secas. Durante o ver\u00e3o, fa\u00e7a com que as crian\u00e7as usem roupas leves e n\u00e3o compartilhem cal\u00e7ados e toalhas com outras pessoas. Recomenda-se tamb\u00e9m n\u00e3o andar descal\u00e7o em ambientes p\u00fablicos.<\/p>\n<h2>3. Bicho geogr\u00e1fico<\/h2>\n<p>O bicho geogr\u00e1fico, nome popular para a larva migrans, costuma se instalar na regi\u00e3o do p\u00e9. Ele entra por meio de cortes ou feridas, se deslocando por baixo da <a href=\"https:\/\/www.google.com.br\/url?sa=t&amp;rct=j&amp;q=&amp;esrc=s&amp;source=web&amp;cd=26&amp;cad=rja&amp;uact=8&amp;ved=0ahUKEwjigcOS7YDPAhUBGpAKHTa3BMQ4FBAWCDYwBQ&amp;url=http%3A%2F%2Fmeumundopersonalizado.com.br%2Fblog%2Fsaiba-o-que-fazer-se-pele-do-seu-bebe-esta-irritada-na-regiao-da-fralda-pela-demartolista-dra-helena-zenedin-marchioro%2F&amp;usg=AFQjCNHPowfr16NrOE8O-gwA5HQToVzWPQ&amp;sig2=RJIT-CEX96NVtOUEjMwEww&amp;bvm=bv.131783435,d.Y2I&amp;utm_source=blog&amp;utm_campaign=rc_blogpost\"><u>pele<\/u><\/a> e provocando coceira intensa no local.<\/p>\n<p>Essa larva costuma estar presente em regi\u00f5es como gramados e terrenos arenosos, chegando at\u00e9 l\u00e1 por meio das fezes de animais. Para evitar que a crian\u00e7a seja contaminada pelo bicho geogr\u00e1fico, recomenda-se andar cal\u00e7ado em locais p\u00fablicos.<\/p>\n<h2>4. Intoxica\u00e7\u00e3o alimentar<\/h2>\n<p>No ver\u00e3o, costumamos sair mais com nossos filhos, lev\u00e1-los aos parques e em viagens de f\u00e9rias. Esse tempo que passamos longe de casa nos obriga a comer na rua, o que pode provocar intoxica\u00e7\u00e3o alimentar.<\/p>\n<p>Esse tipo de intoxica\u00e7\u00e3o acontece por meio de alimentos contaminados \u2014 geralmente pela m\u00e1 conserva\u00e7\u00e3o por causa da temperatura. Ap\u00f3s a ingest\u00e3o desses alimentos, a crian\u00e7a sente n\u00e1usea, apresenta diarreia, v\u00f4mitos, desidrata\u00e7\u00e3o e febre.<\/p>\n<p>Para prevenir a intoxica\u00e7\u00e3o alimentar, evite as comidas de ambulantes e os alimentos que contenham ovo, maionese e peixe \u2014 principalmente se voc\u00ea n\u00e3o souber a proced\u00eancia deles.<\/p>\n<h2>5. Dengue<\/h2>\n<p>O ver\u00e3o \u00e9 a esta\u00e7\u00e3o em que o Aedes aegypti encontra as caracter\u00edsticas perfeitas para se reproduzir. Fique de olho nos sintomas da dengue, que s\u00e3o: manchas e dores no corpo, febre e um cansa\u00e7o extremo.<\/p>\n<p>\u00c9 poss\u00edvel evitar a dengue de algumas maneiras: retire recipientes com \u00e1gua parada \u2014 local de reprodu\u00e7\u00e3o dos mosquitos \u2014, use repelente e feche portas e janelas ao entardecer.<\/p>\n<h2>6. Brotoeja<\/h2>\n<p>A brotoeja \u00e9 uma forte irrita\u00e7\u00e3o cut\u00e2nea causada pela obstru\u00e7\u00e3o das gl\u00e2ndulas sudor\u00edparas. Ela \u00e9 causada pelo uso de cremes ou de roupas muito fechadas, que impedem a transpira\u00e7\u00e3o completa da nossa pele. At\u00e9 mesmo o uso do filtro solar pode resultar no aparecimento da brotoeja, que surge em regi\u00f5es com dobras.<\/p>\n<p>O combate ao aparecimento das brotoejas se d\u00e1 pelo uso de roupas leves, de filtros solares em spray ou em gel, al\u00e9m da perman\u00eancia em ambientes arejados.<\/p>\n<h2>7. Conjuntivite<\/h2>\n<p>A inflama\u00e7\u00e3o de uma fina membrana que reveste o globo ocular \u00e9 conhecida como conjuntivite. Desencadeada por agentes t\u00f3xicos, alergias, v\u00edrus ou bact\u00e9rias que se propagam na \u00e1gua e contaminam os olhos, a conjuntivite provoca incha\u00e7o, ard\u00eancia, coceira e outros sintomas em quem \u00e9 contaminado.<\/p>\n<p>Para evit\u00e1-la, fa\u00e7a com que a crian\u00e7a n\u00e3o compartilhe objetos pessoais, evite co\u00e7ar os olhos e esteja sempre com as m\u00e3os e o rosto lavados.<\/p>\n<h2>8. Insola\u00e7\u00e3o<\/h2>\n<p>A exposi\u00e7\u00e3o exagerada ao sol sem o uso de protetor solar, sobretudo no ver\u00e3o, e a perman\u00eancia em ambientes muito quentes, com excesso de roupas em dias de calor, s\u00e3o extremamente prejudiciais \u00e0 sa\u00fade infantil e as principais causas da insola\u00e7\u00e3o em crian\u00e7as nessa \u00e9poca do ano.<\/p>\n<p>A insola\u00e7\u00e3o \u00e9 um dos sintomas antecessores da desidrata\u00e7\u00e3o causada pela perda excessiva de \u00e1gua e de sais minerais por meio da transpira\u00e7\u00e3o. Geralmente isso ocorre por conta da pouca ingest\u00e3o de l\u00edquido e pela falta de <a href=\"https:\/\/meumundopersonalizado.com.br\/blog\/ele-nao-quer-comer-e-agora-o-que-fazer-quando-as-criancas-se-negam-comer\/?utm_source=blog&amp;utm_campaign=rc_blogpost\"><u>alimenta\u00e7\u00e3o<\/u><\/a> por longos per\u00edodos.<\/p>\n<p>Esse transtorno ocorre pela desregula\u00e7\u00e3o t\u00e9rmica do corpo, que pode ultrapassar os 39,5\u00baC, mas que nada tem a ver com rea\u00e7\u00e3o febril. Mais comum em dias de temperaturas altas, esse sintoma tamb\u00e9m pode ocorrer na sombra e em dias nublados, principalmente em crian\u00e7as pequenas e beb\u00eas.<\/p>\n<p>Al\u00e9m da perda excessiva de l\u00edquidos, a insola\u00e7\u00e3o pode causar irritabilidade e desconfortos nos pequenos, incluindo queimaduras na <a href=\"https:\/\/meumundopersonalizado.com.br\/blog\/cuidados-com-pele-na-gestacao\/?utm_source=blog&amp;utm_campaign=rc_blogpost\"><u>pele<\/u><\/a>, cansa\u00e7o, fraqueza, dores de cabe\u00e7a, n\u00e1useas, v\u00f4mitos e at\u00e9 desmaios.<\/p>\n<h2>9. Queimaduras de pele<\/h2>\n<p>Entre os casos mais graves causados pela insola\u00e7\u00e3o, est\u00e3o as queimaduras de pele \u2014 provocadas pela exposi\u00e7\u00e3o prolongada ao sol e pela falta do uso de protetor solar \u2014 principalmente na praia, na piscina, no clube ou durante as <a href=\"https:\/\/meumundopersonalizado.com.br\/blog\/7-brincadeiras-de-rua-para-ensinar-para-o-seu-filho\/?utm_source=blog&amp;utm_campaign=rc_blogpost\"><u>brincadeiras ao ar livre<\/u><\/a>.<\/p>\n<p>Queimaduras mais brandas s\u00e3o caracterizadas pela pele avermelhada e quente. Em situa\u00e7\u00f5es mais graves, podem provocar febre, incha\u00e7o e bolhas. Nesses casos, recomenda-se aplicar compressas de \u00e1gua fria v\u00e1rias vezes ao dia, por cerca de 15 minutos, para aliviar a \u00e1rea afetada. Mas evite usar gelo ou \u00e1gua muito gelada, pois podem prejudicar ainda mais o ferimento.<\/p>\n<h2>10. Febre Chikungunya\/Zika<\/h2>\n<p>Transmitidas pelo mesmo mosquito da dengue, o Aedes aegypti, e tamb\u00e9m pelo Aedes albopictus, que encontram nas \u00e1guas paradas de ver\u00e3o o ambiente ideal para se reproduzirem, tanto a Chikungunya quanto a Zika s\u00e3o caracterizadas por febres e dores intensas pelo corpo.<\/p>\n<p>A primeira provoca dores nas articula\u00e7\u00f5es das m\u00e3os e dos p\u00e9s \u2014 dedos, pulsos e tornozelos \u2014, tamb\u00e9m causa dores de cabe\u00e7a, nos m\u00fasculos e manchas avermelhadas na pele, e pode levar at\u00e9 12 dias para se manifestar. A segunda gera sintomas ligeiros de uma semana, como erup\u00e7\u00f5es cut\u00e2neas, conjuntivite, mal-estar e \u00e9 uma das principais causas da microcefalia em beb\u00eas.<\/p>\n<h2>11. Leptospirose<\/h2>\n<p>As chuvas constantes de ver\u00e3o, e, por consequ\u00eancia, os alagamentos em vias p\u00fablicas, escondem uma das doen\u00e7as mais preocupantes: a leptospirose. Causada por uma bact\u00e9ria presente na urina dos ratos \u2014 que misturada \u00e0s \u00e1guas pluviais entra em contato com a pele humana \u2014, a doen\u00e7a causa febres, dores musculares intensas e olhos amarelados, podendo evoluir para insufici\u00eancia renal e at\u00e9 a morte.<\/p>\n<h2>12. Otite<\/h2>\n<p>S\u00e3o infec\u00e7\u00f5es no ouvido causadas por fungos e bact\u00e9rias presentes na \u00e1gua contaminada de piscinas, lagos e do mar. Ela \u00e9 caracterizada por dores intensas, desconforto e por zumbidos no ouvido da crian\u00e7a. Para evitar o problema, o recomendado \u00e9 n\u00e3o deixar os pequenos por muito tempo na \u00e1gua e secar bem os ouvidos \u2014 de prefer\u00eancia com uma toalha e nunca com cotonetes. Em casos mais graves, procure um m\u00e9dico.<\/p>\n<p>Apesar do ver\u00e3o ser uma esta\u00e7\u00e3o propensa a muitas doen\u00e7as, vale ressaltar que as crian\u00e7as n\u00e3o podem ser privadas dos seus momentos de divers\u00e3o. Assim, tente conciliar a divers\u00e3o delas com os bons h\u00e1bitos de prote\u00e7\u00e3o e preven\u00e7\u00e3o.<\/p>\n<p>Agora que voc\u00ea j\u00e1 conhece as doen\u00e7as infantis que podem ocorrer no ver\u00e3o e j\u00e1 sabe as principais complica\u00e7\u00f5es delas para a sa\u00fade infantil, compartilhe este post nas suas redes sociais para que outras m\u00e3es tamb\u00e9m possam ficar preparadas!<\/p>\n<\/div>\n<p><!--more--><\/p>\n<p><!--more--><\/p>\n<p><!--more--><\/p>\n<p><!--more--><\/p>\n<p><!--more--><\/p>\n<p><!--more--><\/p>\n","protected":false},"excerpt":{"rendered":"<p>Dia 21 de dezembro chegou: e \u00e9 a partir dessa data que o ver\u00e3o come\u00e7a oficialmente. A \u00e9poca mais quente do ano exige cuidados com a sua sa\u00fade e a das crian\u00e7as, pois o calor possui as condi\u00e7\u00f5es ideais para a ocorr\u00eancia de certas doen\u00e7as que acometem a sa\u00fade infantil. Neste post, listamos as 12&#8230;<\/p>\n","protected":false},"author":2,"featured_media":316,"comment_status":"open","ping_status":"open","sticky":false,"template":"","format":"standard","meta":{"footnotes":""},"categories":[14],"tags":[],"class_list":["post-314","post","type-post","status-publish","format-standard","has-post-thumbnail","hentry","category-bem-estar-e-comportamento","main-post"],"yoast_head":"<!-- This site is optimized with the Yoast SEO plugin v14.1 - https:\/\/yoast.com\/wordpress\/plugins\/seo\/ -->\n<title>Sa\u00fade infantil: 12 doen\u00e7as mais comuns no ver\u00e3o e como evit\u00e1-las - Blog Meu Mundo Personalizado<\/title>\n<meta name=\"description\" content=\"O calor exige cuidados com a sa\u00fade das crian\u00e7as. Neste post, listamos as 12 doen\u00e7as mais comuns no ver\u00e3o. Continue a leitura para saber quais s\u00e3o elas,\" \/>\n<meta name=\"robots\" content=\"index, follow\" \/>\n<meta name=\"googlebot\" content=\"index, follow, max-snippet:-1, max-image-preview:large, max-video-preview:-1\" \/>\n<meta name=\"bingbot\" content=\"index, follow, max-snippet:-1, max-image-preview:large, max-video-preview:-1\" \/>\n<link rel=\"canonical\" href=\"https:\/\/meumundopersonalizado.com.br\/blog\/saude-infantil-12-doencas-mais-comuns-no-verao-e-como-evita-las\/\" \/>\n<meta property=\"og:locale\" content=\"pt_BR\" \/>\n<meta property=\"og:type\" content=\"article\" \/>\n<meta property=\"og:title\" content=\"Sa\u00fade infantil: 12 doen\u00e7as mais comuns no ver\u00e3o e como evit\u00e1-las - Blog Meu Mundo Personalizado\" \/>\n<meta property=\"og:description\" content=\"O calor exige cuidados com a sa\u00fade das crian\u00e7as. Neste post, listamos as 12 doen\u00e7as mais comuns no ver\u00e3o. Continue a leitura para saber quais s\u00e3o elas,\" \/>\n<meta property=\"og:url\" content=\"https:\/\/meumundopersonalizado.com.br\/blog\/saude-infantil-12-doencas-mais-comuns-no-verao-e-como-evita-las\/\" \/>\n<meta property=\"og:site_name\" content=\"Blog Meu Mundo Personalizado\" \/>\n<meta property=\"article:published_time\" content=\"2016-12-29T15:04:50+00:00\" \/>\n<meta property=\"article:modified_time\" content=\"2017-03-03T14:06:27+00:00\" \/>\n<meta property=\"og:image\" content=\"https:\/\/meumundopersonalizado.com.br\/blog\/wp-content\/uploads\/2016\/12\/estender-500-saude-infantil-8-doencas-mais-comuns-no-verao-e-como-evitalas.jpeg\" \/>\n\t<meta property=\"og:image:width\" content=\"1000\" \/>\n\t<meta property=\"og:image:height\" content=\"676\" \/>\n<meta name=\"twitter:card\" content=\"summary\" \/>\n<script type=\"application\/ld+json\" class=\"yoast-schema-graph\">{\"@context\":\"https:\/\/schema.org\",\"@graph\":[{\"@type\":\"Organization\",\"@id\":\"https:\/\/meumundopersonalizado.com.br\/blog\/#organization\",\"name\":\"Meu Mundo Personalizado\",\"url\":\"https:\/\/meumundopersonalizado.com.br\/blog\/\",\"sameAs\":[],\"logo\":{\"@type\":\"ImageObject\",\"@id\":\"https:\/\/meumundopersonalizado.com.br\/blog\/#logo\",\"inLanguage\":\"pt-BR\",\"url\":\"https:\/\/meumundopersonalizado.com.br\/blog\/wp-content\/uploads\/2016\/06\/Logo-transparent-background.png\",\"width\":600,\"height\":600,\"caption\":\"Meu Mundo Personalizado\"},\"image\":{\"@id\":\"https:\/\/meumundopersonalizado.com.br\/blog\/#logo\"}},{\"@type\":\"WebSite\",\"@id\":\"https:\/\/meumundopersonalizado.com.br\/blog\/#website\",\"url\":\"https:\/\/meumundopersonalizado.com.br\/blog\/\",\"name\":\"Blog Meu Mundo Personalizado\",\"description\":\"Ideias e Novidades\",\"publisher\":{\"@id\":\"https:\/\/meumundopersonalizado.com.br\/blog\/#organization\"},\"potentialAction\":[{\"@type\":\"SearchAction\",\"target\":\"https:\/\/meumundopersonalizado.com.br\/blog\/?s={search_term_string}\",\"query-input\":\"required name=search_term_string\"}],\"inLanguage\":\"pt-BR\"},{\"@type\":\"ImageObject\",\"@id\":\"https:\/\/meumundopersonalizado.com.br\/blog\/saude-infantil-12-doencas-mais-comuns-no-verao-e-como-evita-las\/#primaryimage\",\"inLanguage\":\"pt-BR\",\"url\":\"https:\/\/meumundopersonalizado.com.br\/blog\/wp-content\/uploads\/2016\/12\/estender-500-saude-infantil-8-doencas-mais-comuns-no-verao-e-como-evitalas.jpeg\",\"width\":1000,\"height\":676,\"caption\":\"conhe\\u00e7a e previna as doen\\u00e7as mais comuns no ver\\u00e3o protegendo seu filho\"},{\"@type\":\"WebPage\",\"@id\":\"https:\/\/meumundopersonalizado.com.br\/blog\/saude-infantil-12-doencas-mais-comuns-no-verao-e-como-evita-las\/#webpage\",\"url\":\"https:\/\/meumundopersonalizado.com.br\/blog\/saude-infantil-12-doencas-mais-comuns-no-verao-e-como-evita-las\/\",\"name\":\"Sa\\u00fade infantil: 12 doen\\u00e7as mais comuns no ver\\u00e3o e como evit\\u00e1-las - Blog Meu Mundo Personalizado\",\"isPartOf\":{\"@id\":\"https:\/\/meumundopersonalizado.com.br\/blog\/#website\"},\"primaryImageOfPage\":{\"@id\":\"https:\/\/meumundopersonalizado.com.br\/blog\/saude-infantil-12-doencas-mais-comuns-no-verao-e-como-evita-las\/#primaryimage\"},\"datePublished\":\"2016-12-29T15:04:50+00:00\",\"dateModified\":\"2017-03-03T14:06:27+00:00\",\"description\":\"O calor exige cuidados com a sa\\u00fade das crian\\u00e7as. Neste post, listamos as 12 doen\\u00e7as mais comuns no ver\\u00e3o. Continue a leitura para saber quais s\\u00e3o elas,\",\"inLanguage\":\"pt-BR\",\"potentialAction\":[{\"@type\":\"ReadAction\",\"target\":[\"https:\/\/meumundopersonalizado.com.br\/blog\/saude-infantil-12-doencas-mais-comuns-no-verao-e-como-evita-las\/\"]}]},{\"@type\":\"Article\",\"@id\":\"https:\/\/meumundopersonalizado.com.br\/blog\/saude-infantil-12-doencas-mais-comuns-no-verao-e-como-evita-las\/#article\",\"isPartOf\":{\"@id\":\"https:\/\/meumundopersonalizado.com.br\/blog\/saude-infantil-12-doencas-mais-comuns-no-verao-e-como-evita-las\/#webpage\"},\"author\":{\"@id\":\"https:\/\/meumundopersonalizado.com.br\/blog\/#\/schema\/person\/7152250683ecb9cb4b7c612c699d48a6\"},\"headline\":\"Sa\\u00fade infantil: 12 doen\\u00e7as mais comuns no ver\\u00e3o e como evit\\u00e1-las\",\"datePublished\":\"2016-12-29T15:04:50+00:00\",\"dateModified\":\"2017-03-03T14:06:27+00:00\",\"commentCount\":0,\"mainEntityOfPage\":{\"@id\":\"https:\/\/meumundopersonalizado.com.br\/blog\/saude-infantil-12-doencas-mais-comuns-no-verao-e-como-evita-las\/#webpage\"},\"publisher\":{\"@id\":\"https:\/\/meumundopersonalizado.com.br\/blog\/#organization\"},\"image\":{\"@id\":\"https:\/\/meumundopersonalizado.com.br\/blog\/saude-infantil-12-doencas-mais-comuns-no-verao-e-como-evita-las\/#primaryimage\"},\"articleSection\":\"Bem-estar e Comportamento\",\"inLanguage\":\"pt-BR\",\"potentialAction\":[{\"@type\":\"CommentAction\",\"name\":\"Comment\",\"target\":[\"https:\/\/meumundopersonalizado.com.br\/blog\/saude-infantil-12-doencas-mais-comuns-no-verao-e-como-evita-las\/#respond\"]}]},{\"@type\":[\"Person\"],\"@id\":\"https:\/\/meumundopersonalizado.com.br\/blog\/#\/schema\/person\/7152250683ecb9cb4b7c612c699d48a6\",\"name\":\"Meu Mundo Personalizado\",\"image\":{\"@type\":\"ImageObject\",\"@id\":\"https:\/\/meumundopersonalizado.com.br\/blog\/#personlogo\",\"inLanguage\":\"pt-BR\",\"url\":\"https:\/\/secure.gravatar.com\/avatar\/01147ea0fb838750523bfccf1bad0be1?s=96&d=mm&r=g\",\"caption\":\"Meu Mundo Personalizado\"}}]}<\/script>\n<!-- \/ Yoast SEO plugin. -->","_links":{"self":[{"href":"https:\/\/meumundopersonalizado.com.br\/blog\/wp-json\/wp\/v2\/posts\/314"}],"collection":[{"href":"https:\/\/meumundopersonalizado.com.br\/blog\/wp-json\/wp\/v2\/posts"}],"about":[{"href":"https:\/\/meumundopersonalizado.com.br\/blog\/wp-json\/wp\/v2\/types\/post"}],"author":[{"embeddable":true,"href":"https:\/\/meumundopersonalizado.com.br\/blog\/wp-json\/wp\/v2\/users\/2"}],"replies":[{"embeddable":true,"href":"https:\/\/meumundopersonalizado.com.br\/blog\/wp-json\/wp\/v2\/comments?post=314"}],"version-history":[{"count":9,"href":"https:\/\/meumundopersonalizado.com.br\/blog\/wp-json\/wp\/v2\/posts\/314\/revisions"}],"predecessor-version":[{"id":522,"href":"https:\/\/meumundopersonalizado.com.br\/blog\/wp-json\/wp\/v2\/posts\/314\/revisions\/522"}],"wp:featuredmedia":[{"embeddable":true,"href":"https:\/\/meumundopersonalizado.com.br\/blog\/wp-json\/wp\/v2\/media\/316"}],"wp:attachment":[{"href":"https:\/\/meumundopersonalizado.com.br\/blog\/wp-json\/wp\/v2\/media?parent=314"}],"wp:term":[{"taxonomy":"category","embeddable":true,"href":"https:\/\/meumundopersonalizado.com.br\/blog\/wp-json\/wp\/v2\/categories?post=314"},{"taxonomy":"post_tag","embeddable":true,"href":"https:\/\/meumundopersonalizado.com.br\/blog\/wp-json\/wp\/v2\/tags?post=314"}],"curies":[{"name":"wp","href":"https:\/\/api.w.org\/{rel}","templated":true}]}}