{"id":336,"date":"2017-01-25T11:05:57","date_gmt":"2017-01-25T15:05:57","guid":{"rendered":"https:\/\/meumundopersonalizado.com.br\/blog\/?p=336"},"modified":"2017-03-03T10:33:41","modified_gmt":"2017-03-03T13:33:41","slug":"6-ideias-para-decoracao-do-quarto-do-bebe-em-2017","status":"publish","type":"post","link":"https:\/\/meumundopersonalizado.com.br\/blog\/6-ideias-para-decoracao-do-quarto-do-bebe-em-2017\/","title":{"rendered":"6 ideias para decora\u00e7\u00e3o do quarto do beb\u00ea em 2017"},"content":{"rendered":"<p>Voc\u00ea acaba de ganhar um sobrinho ou quer visitar uma amiga que teve filho, mas n\u00e3o sabe <a href=\"https:\/\/www.meumundopersonalizado.com.br\/categoria-produto\/presentes-para-criancas\/?utm_source=blog&amp;utm_campaign=rc_blogpost\"><u>o que comprar para presente\u00e1-los com muito amor e carinho<\/u><\/a>?<\/p>\n<p>Ent\u00e3o confira a seguir 6 dicas bem legais de <a href=\"http:\/\/casacor.abril.com.br\/ambientes\/confira-12-ideias-para-quartos-de-bebes-da-casacor-2016\/?utm_source=blog&amp;utm_campaign=rc_blogpost\" target=\"_blank\">tend\u00eancias de decora\u00e7\u00e3o do quarto do beb\u00ea<\/a> para o ano de 2017. Inspire-se e escolha itens que agrade aos novos papais e tamb\u00e9m prezem pelo conforto da crian\u00e7a!<\/p>\n<p><!--more--><\/p>\n<h2>1. Quarto personalizado<\/h2>\n<p>Uma das tend\u00eancias mais interessantes e graciosas de decora\u00e7\u00e3o do quarto do beb\u00ea \u00e9 a <a href=\"https:\/\/meumundopersonalizado.com.br\/blog\/presente-personalizado-para-criancas-veja-essa-tendencia-2\/?utm_source=blog&amp;utm_campaign=rc_blogpost\" target=\"_blank\"><u>personaliza\u00e7\u00e3o<\/u><\/a>. Usar as iniciais, o nome completo e fotos nos itens decorativos \u00e9 uma forma de transformar o ambiente de uma maneira criativa e exclusiva.<\/p>\n<p>O nome da crian\u00e7a, geralmente escolhido a dedo e com muito amor, pode ficar em evid\u00eancia e estampar <a href=\"http:\/\/meumundopersonalizado.com.br\/3091.ref\/?utm_source=blog&amp;utm_campaign=rc_blogpost\" target=\"_blank\"><u>mantas<\/u><\/a>, quadros, m\u00f3biles e bichinhos de pel\u00facia, tornando a decora\u00e7\u00e3o do quarto bem particular.<\/p>\n<p>Al\u00e9m disso, espalhar pelo ambiente molduras e porta-retratos\u00a0do novo integrante da fam\u00edlia tamb\u00e9m \u00e9 uma \u00f3tima maneira de personalizar.<\/p>\n<p><a href=\"https:\/\/meumundopersonalizado.com.br\/produto\/manta-fio-natural-com-urso-ingles\/\"><img loading=\"lazy\" decoding=\"async\" class=\"aligncenter wp-image-426\" src=\"https:\/\/meumundopersonalizado.com.br\/blog\/wp-content\/uploads\/2017\/01\/7M6A1478-300x300.jpg\" alt=\"Quarto de bebe com presente personalizado para dar para bebe recem-nascido com ursinho de pelucia\" width=\"246\" height=\"246\" srcset=\"https:\/\/meumundopersonalizado.com.br\/blog\/wp-content\/uploads\/2017\/01\/7M6A1478-300x300.jpg 300w, https:\/\/meumundopersonalizado.com.br\/blog\/wp-content\/uploads\/2017\/01\/7M6A1478-150x150.jpg 150w, https:\/\/meumundopersonalizado.com.br\/blog\/wp-content\/uploads\/2017\/01\/7M6A1478-768x768.jpg 768w, https:\/\/meumundopersonalizado.com.br\/blog\/wp-content\/uploads\/2017\/01\/7M6A1478-1024x1024.jpg 1024w, https:\/\/meumundopersonalizado.com.br\/blog\/wp-content\/uploads\/2017\/01\/7M6A1478.jpg 1200w\" sizes=\"(max-width: 246px) 100vw, 246px\" \/><\/a><\/p>\n<h2>2. Explos\u00e3o de cores<\/h2>\n<p>Outra op\u00e7\u00e3o que est\u00e1 em alta \u00e9 o mix de cores fortes e alegres. Se, antes, apenas os tons neutros e claros eram aceitos, hoje, cores como azul tiffany, laranja vibrante, amarelo ovo e verde lim\u00e3o est\u00e3o cada vez mais presentes nos quartos dos pequenos.<\/p>\n<p>Voc\u00ea pode ajudar os pais na escolha das cores e presente\u00e1-los com a pintura. Uma dica \u00e9 usar um tom forte para pintar uma parede em destaque ou, ent\u00e3o, para espalhar por m\u00f3veis e itens de decora\u00e7\u00e3o, como almofadas, cortinas, tapetes e quadros.<\/p>\n<p><img loading=\"lazy\" decoding=\"async\" class=\"wp-image-427 size-medium aligncenter\" src=\"https:\/\/meumundopersonalizado.com.br\/blog\/wp-content\/uploads\/2017\/01\/6-tendencias-para-quartos-de-bebe-em-2017-cores-vibrantes-verde-limao-300x225.jpg\" alt=\"Decoracao quarto infantil com cores vibrantes - verde limao\" width=\"300\" height=\"225\" srcset=\"https:\/\/meumundopersonalizado.com.br\/blog\/wp-content\/uploads\/2017\/01\/6-tendencias-para-quartos-de-bebe-em-2017-cores-vibrantes-verde-limao-300x225.jpg 300w, https:\/\/meumundopersonalizado.com.br\/blog\/wp-content\/uploads\/2017\/01\/6-tendencias-para-quartos-de-bebe-em-2017-cores-vibrantes-verde-limao-768x576.jpg 768w, https:\/\/meumundopersonalizado.com.br\/blog\/wp-content\/uploads\/2017\/01\/6-tendencias-para-quartos-de-bebe-em-2017-cores-vibrantes-verde-limao.jpg 800w\" sizes=\"(max-width: 300px) 100vw, 300px\" \/><\/p>\n<h2>3. Estilo geom\u00e9trico<\/h2>\n<p>Uma tend\u00eancia que conquistar\u00e1 muitos papais e mam\u00e3es em 2017 \u00e9 a que utiliza formas geom\u00e9tricas para decorar o quarto do beb\u00ea de maneira moderna e contempor\u00e2nea.<\/p>\n<p>Voc\u00ea pode presente\u00e1-los com mantas, tapetes, cortinas, poltronas e pap\u00e9is de parede com estampas que apresentem as mais diversas formas.<\/p>\n<p>Al\u00e9m dos tradicionais c\u00edrculos, tri\u00e2ngulos e quadrados, a moda agora s\u00e3o os desenhos mais abstratos, com linhas imperfeitas e n\u00e3o padronizadas, texturas listradas e com chevron.<\/p>\n<p><img loading=\"lazy\" decoding=\"async\" class=\"wp-image-428 size-medium aligncenter\" src=\"https:\/\/meumundopersonalizado.com.br\/blog\/wp-content\/uploads\/2017\/01\/6-tendencias-para-quartos-de-bebe-em-2017-geometrico-300x199.jpg\" alt=\"Quarto de bebe com linhas geometricas para decorar de forma moderna\" width=\"300\" height=\"199\" srcset=\"https:\/\/meumundopersonalizado.com.br\/blog\/wp-content\/uploads\/2017\/01\/6-tendencias-para-quartos-de-bebe-em-2017-geometrico-300x199.jpg 300w, https:\/\/meumundopersonalizado.com.br\/blog\/wp-content\/uploads\/2017\/01\/6-tendencias-para-quartos-de-bebe-em-2017-geometrico.jpg 600w\" sizes=\"(max-width: 300px) 100vw, 300px\" \/><\/p>\n<h2>4. O charme das luzes<\/h2>\n<p>Neste ano, outra tend\u00eancia em alta \u00e9 a das luzes, que d\u00e3o um toque diferente para o c\u00f4modo e podem evidenciar m\u00f3veis ou itens decorativos.<\/p>\n<p>Aposte em abajures, pisca-piscas, sancas de gesso e lustres estilosos que podem se tornar o centro das aten\u00e7\u00f5es do quarto, al\u00e9m de contribuir para o conforto do beb\u00ea.<\/p>\n<p><img loading=\"lazy\" decoding=\"async\" class=\"aligncenter wp-image-429\" src=\"https:\/\/meumundopersonalizado.com.br\/blog\/wp-content\/uploads\/2017\/01\/6-tendencias-para-quartos-de-bebe-em-2017-luzes-200x300.jpg\" alt=\"Quarto de beb\u00ea com luzinhas\" width=\"238\" height=\"357\" srcset=\"https:\/\/meumundopersonalizado.com.br\/blog\/wp-content\/uploads\/2017\/01\/6-tendencias-para-quartos-de-bebe-em-2017-luzes-200x300.jpg 200w, https:\/\/meumundopersonalizado.com.br\/blog\/wp-content\/uploads\/2017\/01\/6-tendencias-para-quartos-de-bebe-em-2017-luzes.jpg 600w\" sizes=\"(max-width: 238px) 100vw, 238px\" \/><\/p>\n<h2>5. Sustentabilidade em evid\u00eancia<\/h2>\n<p>Quem ama a natureza e gosta de promover a sustentabilidade vai adorar essa tend\u00eancia de 2017! Existem, cada vez mais, no mercado, op\u00e7\u00f5es de decora\u00e7\u00e3o feitas com materiais recicl\u00e1veis.<\/p>\n<p>Dar objetos nessa pegada como presentes \u00e9 uma forma de, desde cedo, colocar as crian\u00e7as em contato com materiais ecol\u00f3gicos para que elas aprendam a import\u00e2ncia de preservar o meio ambiente.<\/p>\n<p><a href=\"https:\/\/www.disneybaby.com\/blog\/8-tips-for-a-healthier-eco-friendly-baby-nursery\/\" target=\"_blank\"><img loading=\"lazy\" decoding=\"async\" class=\"wp-image-432 size-medium aligncenter\" src=\"https:\/\/meumundopersonalizado.com.br\/blog\/wp-content\/uploads\/2017\/01\/6-tendencias-de-decoracao-quarto-bebe-em-2017-sustentabilidade-300x267.jpg\" alt=\"Quarto de bebe incorando ideais de sustentabilidade e ecologia\" width=\"300\" height=\"267\" srcset=\"https:\/\/meumundopersonalizado.com.br\/blog\/wp-content\/uploads\/2017\/01\/6-tendencias-de-decoracao-quarto-bebe-em-2017-sustentabilidade-300x267.jpg 300w, https:\/\/meumundopersonalizado.com.br\/blog\/wp-content\/uploads\/2017\/01\/6-tendencias-de-decoracao-quarto-bebe-em-2017-sustentabilidade.jpg 450w\" sizes=\"(max-width: 300px) 100vw, 300px\" \/><\/a><\/p>\n<h2>6. Tradi\u00e7\u00e3o que n\u00e3o sai de moda<\/h2>\n<p>Os pais que n\u00e3o abrem m\u00e3o dos tons past\u00e9is e dos <a href=\"https:\/\/meumundopersonalizado.com.br\/4266.ref\/?utm_source=blog&amp;utm_campaign=rc_blogpost\" target=\"_blank\"><u>ursinhos de pel\u00facia<\/u><\/a> podem ficar tranquilos, porque a decora\u00e7\u00e3o tradicional e neutra nunca sai de moda.<\/p>\n<p>O melhor de escolher itens tradicionais \u00e9 que eles deixam o ambiente clean e calmo. Para quem quer presentear, \u00e9 uma op\u00e7\u00e3o curinga, pois, dificilmente, esse estilo desagradar\u00e1 aos pais ou deixar\u00e1 de combinar com a decora\u00e7\u00e3o do quarto do beb\u00ea.<\/p>\n<p><a href=\"https:\/\/meumundopersonalizado.com.br\/?s=listras&amp;post_type=product\" target=\"_blank\"><img loading=\"lazy\" decoding=\"async\" class=\"wp-image-431 size-medium aligncenter\" src=\"https:\/\/meumundopersonalizado.com.br\/blog\/wp-content\/uploads\/2017\/01\/pelucia-urso-roupa-listrada-personalizada-bebe-crianca-presente-menino-menina-comprar-e-300x300.jpg\" alt=\"pelucia urso roupa listrada personalizada bebe crianca presente menino menina comprar (e)\" width=\"300\" height=\"300\" srcset=\"https:\/\/meumundopersonalizado.com.br\/blog\/wp-content\/uploads\/2017\/01\/pelucia-urso-roupa-listrada-personalizada-bebe-crianca-presente-menino-menina-comprar-e-300x300.jpg 300w, https:\/\/meumundopersonalizado.com.br\/blog\/wp-content\/uploads\/2017\/01\/pelucia-urso-roupa-listrada-personalizada-bebe-crianca-presente-menino-menina-comprar-e-150x150.jpg 150w, https:\/\/meumundopersonalizado.com.br\/blog\/wp-content\/uploads\/2017\/01\/pelucia-urso-roupa-listrada-personalizada-bebe-crianca-presente-menino-menina-comprar-e-768x768.jpg 768w, https:\/\/meumundopersonalizado.com.br\/blog\/wp-content\/uploads\/2017\/01\/pelucia-urso-roupa-listrada-personalizada-bebe-crianca-presente-menino-menina-comprar-e-1024x1024.jpg 1024w, https:\/\/meumundopersonalizado.com.br\/blog\/wp-content\/uploads\/2017\/01\/pelucia-urso-roupa-listrada-personalizada-bebe-crianca-presente-menino-menina-comprar-e.jpg 1200w\" sizes=\"(max-width: 300px) 100vw, 300px\" \/><\/a><\/p>\n<h2>7. O poder do preto e branco<\/h2>\n<p>Representando uma ruptura importante do cl\u00e1ssico, uma das tend\u00eancias que est\u00e1 em grande evid\u00eancia \u00e9 o<a href=\"http:\/\/revistacasaejardim.globo.com\/Casa-e-Jardim\/Decoracao\/Ambientes\/Quarto\/Quarto-de-bebe\/noticia\/2016\/10\/quarto-de-bebe-tem-pegada-moderninha-com-cores-neutras-e-objetos-preto-e-branco.html?utm_source=blog&amp;utm_campaign=rc_blogpost\" target=\"_blank\"> uso de\u00a0preto e branco no quarto de beb\u00ea.<\/a><\/p>\n<p>Para n\u00e3o carregar o ambiente, basta abusar do branco e selecionar apenas alguns itens decorativos na cor preta. Tamb\u00e9m \u00e9 poss\u00edvel colocar uma terceira cor, como\u00a0verde, amarelo, azul ou rosa\u00a0para dar toques mais alegres ao quarto. Uma tend\u00eancia \u00a0moderna e muito elegante!<\/p>\n<p><a href=\"http:\/\/petitandsmall.com\/a-modern-stylish-baby-boys-nursery\/\" target=\"_blank\"><img loading=\"lazy\" decoding=\"async\" class=\"aligncenter wp-image-433 size-medium\" src=\"https:\/\/meumundopersonalizado.com.br\/blog\/wp-content\/uploads\/2017\/01\/6-tendencias-para-decoracao-quarto-bebe-em-2017-preto-e-branco-211x300.jpg\" alt=\"Quarto de bebe preto e branco\" width=\"211\" height=\"300\" srcset=\"https:\/\/meumundopersonalizado.com.br\/blog\/wp-content\/uploads\/2017\/01\/6-tendencias-para-decoracao-quarto-bebe-em-2017-preto-e-branco-211x300.jpg 211w, https:\/\/meumundopersonalizado.com.br\/blog\/wp-content\/uploads\/2017\/01\/6-tendencias-para-decoracao-quarto-bebe-em-2017-preto-e-branco.jpg 525w\" sizes=\"(max-width: 211px) 100vw, 211px\" \/><\/a><\/p>\n<p>Agora que voc\u00ea j\u00e1 sabe quais s\u00e3o as principais tend\u00eancias de decora\u00e7\u00e3o do quarto do beb\u00ea para 2017, escolha uma <a href=\"https:\/\/meumundopersonalizado.com.br\/blog\/5-dicas-de-presentes-criativos-para-maes-de-recem-nascidos\/?utm_source=blog&amp;utm_campaign=rc_blogpost\"><u>lembrancinha original e moderna<\/u><\/a> para presentear os novos papais com amor e carinho.<\/p>\n<p>Gostou das nossas dicas de decora\u00e7\u00e3o do quarto do beb\u00ea? Ent\u00e3o confira tamb\u00e9m <u><a href=\"https:\/\/meumundopersonalizado.com.br\/blog\/6-curiosidades-sobre-recem-nascidos-que-voce-tem-que-saber\/?utm_source=blog&amp;utm_campaign=rc_blogpost\">6 curiosidades sobre rec\u00e9m-nascidos<\/a>!<\/u><\/p>\n","protected":false},"excerpt":{"rendered":"<p>Voc\u00ea acaba de ganhar um sobrinho ou quer visitar uma amiga que teve filho, mas n\u00e3o sabe o que comprar para presente\u00e1-los com muito amor e carinho? Ent\u00e3o confira a seguir 6 dicas bem legais de tend\u00eancias de decora\u00e7\u00e3o do quarto do beb\u00ea para o ano de 2017. Inspire-se e escolha itens que agrade aos&#8230;<\/p>\n","protected":false},"author":2,"featured_media":338,"comment_status":"open","ping_status":"open","sticky":false,"template":"","format":"standard","meta":{"footnotes":""},"categories":[14],"tags":[],"class_list":["post-336","post","type-post","status-publish","format-standard","has-post-thumbnail","hentry","category-bem-estar-e-comportamento","main-post"],"yoast_head":"<!-- This site is optimized with the Yoast SEO plugin v14.1 - https:\/\/yoast.com\/wordpress\/plugins\/seo\/ -->\n<title>6 ideias para decora\u00e7\u00e3o do quarto do beb\u00ea em 2017 - Blog Meu Mundo Personalizado<\/title>\n<meta name=\"description\" content=\"Procurando ideias diferentes para decorar o quarto do seu beb\u00ea? Confira em nosso post 6 tend\u00eancias de decora\u00e7\u00e3o do quartos de beb\u00ea para 2017!\" \/>\n<meta name=\"robots\" content=\"index, follow\" \/>\n<meta name=\"googlebot\" content=\"index, follow, max-snippet:-1, max-image-preview:large, max-video-preview:-1\" \/>\n<meta name=\"bingbot\" content=\"index, follow, max-snippet:-1, max-image-preview:large, max-video-preview:-1\" \/>\n<link rel=\"canonical\" href=\"https:\/\/meumundopersonalizado.com.br\/blog\/6-ideias-para-decoracao-do-quarto-do-bebe-em-2017\/\" \/>\n<meta property=\"og:locale\" content=\"pt_BR\" \/>\n<meta property=\"og:type\" content=\"article\" \/>\n<meta property=\"og:title\" content=\"6 ideias para decora\u00e7\u00e3o do quarto do beb\u00ea em 2017 - Blog Meu Mundo Personalizado\" \/>\n<meta property=\"og:description\" content=\"Procurando ideias diferentes para decorar o quarto do seu beb\u00ea? Confira em nosso post 6 tend\u00eancias de decora\u00e7\u00e3o do quartos de beb\u00ea para 2017!\" \/>\n<meta property=\"og:url\" content=\"https:\/\/meumundopersonalizado.com.br\/blog\/6-ideias-para-decoracao-do-quarto-do-bebe-em-2017\/\" \/>\n<meta property=\"og:site_name\" content=\"Blog Meu Mundo Personalizado\" \/>\n<meta property=\"article:published_time\" content=\"2017-01-25T15:05:57+00:00\" \/>\n<meta property=\"article:modified_time\" content=\"2017-03-03T13:33:41+00:00\" \/>\n<meta property=\"og:image\" content=\"https:\/\/meumundopersonalizado.com.br\/blog\/wp-content\/uploads\/2017\/01\/6-ideias-para-decoracao-do-quarto-do-bebe-em-2017.jpeg\" \/>\n\t<meta property=\"og:image:width\" content=\"1000\" \/>\n\t<meta property=\"og:image:height\" content=\"667\" \/>\n<meta name=\"twitter:card\" content=\"summary\" \/>\n<script type=\"application\/ld+json\" class=\"yoast-schema-graph\">{\"@context\":\"https:\/\/schema.org\",\"@graph\":[{\"@type\":\"Organization\",\"@id\":\"https:\/\/meumundopersonalizado.com.br\/blog\/#organization\",\"name\":\"Meu Mundo Personalizado\",\"url\":\"https:\/\/meumundopersonalizado.com.br\/blog\/\",\"sameAs\":[],\"logo\":{\"@type\":\"ImageObject\",\"@id\":\"https:\/\/meumundopersonalizado.com.br\/blog\/#logo\",\"inLanguage\":\"pt-BR\",\"url\":\"https:\/\/meumundopersonalizado.com.br\/blog\/wp-content\/uploads\/2016\/06\/Logo-transparent-background.png\",\"width\":600,\"height\":600,\"caption\":\"Meu Mundo Personalizado\"},\"image\":{\"@id\":\"https:\/\/meumundopersonalizado.com.br\/blog\/#logo\"}},{\"@type\":\"WebSite\",\"@id\":\"https:\/\/meumundopersonalizado.com.br\/blog\/#website\",\"url\":\"https:\/\/meumundopersonalizado.com.br\/blog\/\",\"name\":\"Blog Meu Mundo Personalizado\",\"description\":\"Ideias e Novidades\",\"publisher\":{\"@id\":\"https:\/\/meumundopersonalizado.com.br\/blog\/#organization\"},\"potentialAction\":[{\"@type\":\"SearchAction\",\"target\":\"https:\/\/meumundopersonalizado.com.br\/blog\/?s={search_term_string}\",\"query-input\":\"required name=search_term_string\"}],\"inLanguage\":\"pt-BR\"},{\"@type\":\"ImageObject\",\"@id\":\"https:\/\/meumundopersonalizado.com.br\/blog\/6-ideias-para-decoracao-do-quarto-do-bebe-em-2017\/#primaryimage\",\"inLanguage\":\"pt-BR\",\"url\":\"https:\/\/meumundopersonalizado.com.br\/blog\/wp-content\/uploads\/2017\/01\/6-ideias-para-decoracao-do-quarto-do-bebe-em-2017.jpeg\",\"width\":1000,\"height\":667,\"caption\":\"Decora\\u00e7\\u00f5es de quarto de beb\\u00ea da moda para 2017 - preto, branco e amarelo com linhas geom\\u00e9tricas\"},{\"@type\":\"WebPage\",\"@id\":\"https:\/\/meumundopersonalizado.com.br\/blog\/6-ideias-para-decoracao-do-quarto-do-bebe-em-2017\/#webpage\",\"url\":\"https:\/\/meumundopersonalizado.com.br\/blog\/6-ideias-para-decoracao-do-quarto-do-bebe-em-2017\/\",\"name\":\"6 ideias para decora\\u00e7\\u00e3o do quarto do beb\\u00ea em 2017 - Blog Meu Mundo Personalizado\",\"isPartOf\":{\"@id\":\"https:\/\/meumundopersonalizado.com.br\/blog\/#website\"},\"primaryImageOfPage\":{\"@id\":\"https:\/\/meumundopersonalizado.com.br\/blog\/6-ideias-para-decoracao-do-quarto-do-bebe-em-2017\/#primaryimage\"},\"datePublished\":\"2017-01-25T15:05:57+00:00\",\"dateModified\":\"2017-03-03T13:33:41+00:00\",\"description\":\"Procurando ideias diferentes para decorar o quarto do seu beb\\u00ea? Confira em nosso post 6 tend\\u00eancias de decora\\u00e7\\u00e3o do quartos de beb\\u00ea para 2017!\",\"inLanguage\":\"pt-BR\",\"potentialAction\":[{\"@type\":\"ReadAction\",\"target\":[\"https:\/\/meumundopersonalizado.com.br\/blog\/6-ideias-para-decoracao-do-quarto-do-bebe-em-2017\/\"]}]},{\"@type\":\"Article\",\"@id\":\"https:\/\/meumundopersonalizado.com.br\/blog\/6-ideias-para-decoracao-do-quarto-do-bebe-em-2017\/#article\",\"isPartOf\":{\"@id\":\"https:\/\/meumundopersonalizado.com.br\/blog\/6-ideias-para-decoracao-do-quarto-do-bebe-em-2017\/#webpage\"},\"author\":{\"@id\":\"https:\/\/meumundopersonalizado.com.br\/blog\/#\/schema\/person\/7152250683ecb9cb4b7c612c699d48a6\"},\"headline\":\"6 ideias para decora\\u00e7\\u00e3o do quarto do beb\\u00ea em 2017\",\"datePublished\":\"2017-01-25T15:05:57+00:00\",\"dateModified\":\"2017-03-03T13:33:41+00:00\",\"commentCount\":0,\"mainEntityOfPage\":{\"@id\":\"https:\/\/meumundopersonalizado.com.br\/blog\/6-ideias-para-decoracao-do-quarto-do-bebe-em-2017\/#webpage\"},\"publisher\":{\"@id\":\"https:\/\/meumundopersonalizado.com.br\/blog\/#organization\"},\"image\":{\"@id\":\"https:\/\/meumundopersonalizado.com.br\/blog\/6-ideias-para-decoracao-do-quarto-do-bebe-em-2017\/#primaryimage\"},\"articleSection\":\"Bem-estar e Comportamento\",\"inLanguage\":\"pt-BR\",\"potentialAction\":[{\"@type\":\"CommentAction\",\"name\":\"Comment\",\"target\":[\"https:\/\/meumundopersonalizado.com.br\/blog\/6-ideias-para-decoracao-do-quarto-do-bebe-em-2017\/#respond\"]}]},{\"@type\":[\"Person\"],\"@id\":\"https:\/\/meumundopersonalizado.com.br\/blog\/#\/schema\/person\/7152250683ecb9cb4b7c612c699d48a6\",\"name\":\"Meu Mundo Personalizado\",\"image\":{\"@type\":\"ImageObject\",\"@id\":\"https:\/\/meumundopersonalizado.com.br\/blog\/#personlogo\",\"inLanguage\":\"pt-BR\",\"url\":\"https:\/\/secure.gravatar.com\/avatar\/01147ea0fb838750523bfccf1bad0be1?s=96&d=mm&r=g\",\"caption\":\"Meu Mundo Personalizado\"}}]}<\/script>\n<!-- \/ Yoast SEO plugin. -->","_links":{"self":[{"href":"https:\/\/meumundopersonalizado.com.br\/blog\/wp-json\/wp\/v2\/posts\/336"}],"collection":[{"href":"https:\/\/meumundopersonalizado.com.br\/blog\/wp-json\/wp\/v2\/posts"}],"about":[{"href":"https:\/\/meumundopersonalizado.com.br\/blog\/wp-json\/wp\/v2\/types\/post"}],"author":[{"embeddable":true,"href":"https:\/\/meumundopersonalizado.com.br\/blog\/wp-json\/wp\/v2\/users\/2"}],"replies":[{"embeddable":true,"href":"https:\/\/meumundopersonalizado.com.br\/blog\/wp-json\/wp\/v2\/comments?post=336"}],"version-history":[{"count":4,"href":"https:\/\/meumundopersonalizado.com.br\/blog\/wp-json\/wp\/v2\/posts\/336\/revisions"}],"predecessor-version":[{"id":453,"href":"https:\/\/meumundopersonalizado.com.br\/blog\/wp-json\/wp\/v2\/posts\/336\/revisions\/453"}],"wp:featuredmedia":[{"embeddable":true,"href":"https:\/\/meumundopersonalizado.com.br\/blog\/wp-json\/wp\/v2\/media\/338"}],"wp:attachment":[{"href":"https:\/\/meumundopersonalizado.com.br\/blog\/wp-json\/wp\/v2\/media?parent=336"}],"wp:term":[{"taxonomy":"category","embeddable":true,"href":"https:\/\/meumundopersonalizado.com.br\/blog\/wp-json\/wp\/v2\/categories?post=336"},{"taxonomy":"post_tag","embeddable":true,"href":"https:\/\/meumundopersonalizado.com.br\/blog\/wp-json\/wp\/v2\/tags?post=336"}],"curies":[{"name":"wp","href":"https:\/\/api.w.org\/{rel}","templated":true}]}}