{"id":419,"date":"2017-02-21T16:23:46","date_gmt":"2017-02-21T19:23:46","guid":{"rendered":"https:\/\/meumundopersonalizado.com.br\/blog\/volta-as-aulas-aprenda-a-organizar-rotina-do-seu-filho\/"},"modified":"2017-03-03T10:21:12","modified_gmt":"2017-03-03T13:21:12","slug":"volta-as-aulas-aprenda-a-organizar-rotina-do-seu-filho","status":"publish","type":"post","link":"https:\/\/meumundopersonalizado.com.br\/blog\/volta-as-aulas-aprenda-a-organizar-rotina-do-seu-filho\/","title":{"rendered":"Volta \u00e0s aulas: aprenda a organizar rotina do seu filho"},"content":{"rendered":"<p>As f\u00e9rias acabam e logo recome\u00e7a mais um ano letivo. Contudo, a transi\u00e7\u00e3o entre esses dois per\u00edodos nem sempre \u00e9 f\u00e1cil para os alunos ou mesmo para seus pais. Isso porque \u00e9 preciso se organizar com anteced\u00eancia para garantir que o seu filho entre no ritmo escolar na volta \u00e0s aulas.<\/p>\n<p>Para ajudar voc\u00ea nessa miss\u00e3o, reunimos 5 dicas essenciais. Confira!<\/p>\n<p><!--more--><\/p>\n<h2>1. Estabele\u00e7a a hora de dormir e de acordar<\/h2>\n<p>Durante as f\u00e9rias, \u00e9 natural que o pequeno tenha dias mais flex\u00edveis e acabe acordando ou dormindo em hor\u00e1rios alternados, afinal, n\u00e3o tem aula nesse per\u00edodo.<\/p>\n<p>Por\u00e9m, com a volta \u00e0s aulas \u00e9 imprescind\u00edvel estabelecer novamente uma rotina com hor\u00e1rios bem definidos, tanto para dormir quanto para acordar.<\/p>\n<p>Isso porque dormir bem \u00e9 essencial n\u00e3o apenas para descansar e recuperar as energias, como tamb\u00e9m para o desenvolvimento da crian\u00e7a e o seu desempenho escolar.<\/p>\n<h2>2. Deixe a mochila pronta com anteced\u00eancia<\/h2>\n<p>Junte-se ao seu <a href=\"https:\/\/meumundopersonalizado.com.br\/blog\/seu-filho-ja-recebe-mesada-e-hora-de-ensina-lo-a-usar-o-cofrinho\/?utm_source=blog&amp;utm_campaign=rc_blogpost\"><u>filho<\/u><\/a> durante o in\u00edcio da volta \u00e0s aulas e monte com ele a mochila com todos os materiais de que ele precisar\u00e1 no dia anterior.<\/p>\n<p>Fa\u00e7a disso uma rotina entre voc\u00eas, assim ele aprender\u00e1 que se organizar com anteced\u00eancia \u00e9 importante e o torna mais disciplinado e cuidadoso com seus livros, cadernos e materiais.<\/p>\n<p>Al\u00e9m disso, esse h\u00e1bito \u00e9 \u00fatil para que ele n\u00e3o esque\u00e7a itens importantes que ser\u00e3o usados nas pr\u00f3ximas aulas. Aos poucos, ele aprender\u00e1 que n\u00e3o deve deixar para arrumar sua mochila na \u00faltima hora e far\u00e1 disso um gesto recorrente no dia a dia!<\/p>\n<h2>3. Verifique se o uniforme ainda est\u00e1 em dia<\/h2>\n<p>Muitos col\u00e9gios estabelecem um modelo de uniforme para seus alunos, o que faz com que o seu filho use a mesma roupa por um bom tempo.<\/p>\n<p>Contudo, as <a href=\"https:\/\/meumundopersonalizado.com.br\/blog\/atividades-fisicas-para-criancas-7-formas-de-incentiva-las\/?utm_source=blog&amp;utm_campaign=rc_blogpost\"><u>crian\u00e7as<\/u><\/a> crescem r\u00e1pido e voc\u00ea pode ser pego de surpresa por uma novidade de \u00faltima hora: o uniforme n\u00e3o cabe mais no seu filho. Por isso, n\u00e3o deixe para checar o tamanho do uniforme apenas quando estiver pr\u00f3ximo do in\u00edcio das aulas.<\/p>\n<p>Alguns dias antes, fa\u00e7a-o experimentar e ver se o uniforme continua em bom estado e com bom caimento. Dessa forma, se n\u00e3o servir mais, voc\u00ea ter\u00e1 tempo para comprar ou encomendar um novo sem ter dores de cabe\u00e7a.<\/p>\n<h2>4. D\u00ea aten\u00e7\u00e3o \u00e0 agenda na volta \u00e0s aulas<\/h2>\n<p>Nos primeiros dias de volta \u00e0s aulas \u00e9 normal que a crian\u00e7a esteja se readaptando \u00e0 rotina escolar.<\/p>\n<p>Por isso, voc\u00ea deve ficar atento ao calend\u00e1rio do col\u00e9gio, geralmente dispon\u00edvel na agenda do aluno. Afinal, nela voc\u00ea poder\u00e1 conferir as atividades, datas das provas e demais projetos da institui\u00e7\u00e3o.<\/p>\n<p>Assim, voc\u00ea pode ajudar o seu filho a se organizar e se planejar com anteced\u00eancia para todos esses momentos, inclusive estipulando com ele o melhor hor\u00e1rio para os estudos e <a href=\"https:\/\/meumundopersonalizado.com.br\/blog\/licao-de-casa-voce-sabe-como-ajudar-a-crianca\/?utm_source=blog&amp;utm_campaign=rc_blogpost\"><u>li\u00e7\u00f5es de casa<\/u><\/a>.<\/p>\n<h2>5. Prepare a lancheira pensando na semana<\/h2>\n<p>Por fim, mas n\u00e3o menos importante, a nossa \u00faltima dica: a prepara\u00e7\u00e3o da lancheira. Afinal, \u00e9 muito comum que os pais a montem todos os dias, normalmente antes de levar o filho ao col\u00e9gio.<\/p>\n<p>O resultado disso \u00e9 que se perde bastante tempo procurando o que a crian\u00e7a vai comer e at\u00e9 mesmo tendo que ir comprar algo de \u00faltima hora, o que s\u00f3 torna a rotina dos pais ainda mais corrida.<\/p>\n<p>Por essa raz\u00e3o, aprenda a otimizar seu tempo tirando o s\u00e1bado ou o domingo para fazer uma pequena lista do que o pequeno levar\u00e1 para a escola de segunda a sexta. Depois, deixe tudo devidamente separado no arm\u00e1rio ou na geladeira, etiquetado com cada dia da semana.<\/p>\n<p>Como voc\u00ea leu, \u00e9 poss\u00edvel fazer da volta \u00e0s aulas um momento mais prazeroso e repleto de li\u00e7\u00f5es para os pequenos. Para isso, basta seguir as nossas dicas e se preparar com anteced\u00eancia para esse per\u00edodo!<\/p>\n<p>Aproveite e siga-nos nas nossas redes sociais \u2014 <a href=\"https:\/\/www.facebook.com\/MeuMundoPersonalizado?utm_source=blog&amp;utm_campaign=rc_blogpost\"><u>Facebook<\/u><\/a>, <a href=\"https:\/\/twitter.com\/MMPersonalizado?utm_source=blog&amp;utm_campaign=rc_blogpost\"><u>Twitter<\/u><\/a> e <a href=\"https:\/\/www.instagram.com\/meumundopersonalizado_br\/?utm_source=blog&amp;utm_campaign=rc_blogpost\"><u>Instagram<\/u><\/a> \u2014 para ficar por dentro de outras sugest\u00f5es para o dia a dia da sua fam\u00edlia!<\/p>\n","protected":false},"excerpt":{"rendered":"<p>As f\u00e9rias acabam e logo recome\u00e7a mais um ano letivo. Contudo, a transi\u00e7\u00e3o entre esses dois per\u00edodos nem sempre \u00e9 f\u00e1cil para os alunos ou mesmo para seus pais. Isso porque \u00e9 preciso se organizar com anteced\u00eancia para garantir que o seu filho entre no ritmo escolar na volta \u00e0s aulas. Para ajudar voc\u00ea nessa&#8230;<\/p>\n","protected":false},"author":8,"featured_media":420,"comment_status":"open","ping_status":"open","sticky":false,"template":"","format":"standard","meta":{"footnotes":""},"categories":[14],"tags":[],"class_list":["post-419","post","type-post","status-publish","format-standard","has-post-thumbnail","hentry","category-bem-estar-e-comportamento","main-post"],"yoast_head":"<!-- This site is optimized with the Yoast SEO plugin v14.1 - https:\/\/yoast.com\/wordpress\/plugins\/seo\/ -->\n<title>Volta \u00e0s aulas: aprenda a organizar rotina do seu filho - Blog Meu Mundo Personalizado<\/title>\n<meta name=\"description\" content=\"A transi\u00e7\u00e3o entre f\u00e9rias e volta \u00e0s aulas nem sempre \u00e9 f\u00e1cil para os alunos ou mesmo para seus pais. Para ajuda-la nessa miss\u00e3o, reunimos 5 dicas. Confira!\" \/>\n<meta name=\"robots\" content=\"index, follow\" \/>\n<meta name=\"googlebot\" content=\"index, follow, max-snippet:-1, max-image-preview:large, max-video-preview:-1\" \/>\n<meta name=\"bingbot\" content=\"index, follow, max-snippet:-1, max-image-preview:large, max-video-preview:-1\" \/>\n<link rel=\"canonical\" href=\"https:\/\/meumundopersonalizado.com.br\/blog\/volta-as-aulas-aprenda-a-organizar-rotina-do-seu-filho\/\" \/>\n<meta property=\"og:locale\" content=\"pt_BR\" \/>\n<meta property=\"og:type\" content=\"article\" \/>\n<meta property=\"og:title\" content=\"Volta \u00e0s aulas: aprenda a organizar rotina do seu filho - Blog Meu Mundo Personalizado\" \/>\n<meta property=\"og:description\" content=\"A transi\u00e7\u00e3o entre f\u00e9rias e volta \u00e0s aulas nem sempre \u00e9 f\u00e1cil para os alunos ou mesmo para seus pais. Para ajuda-la nessa miss\u00e3o, reunimos 5 dicas. Confira!\" \/>\n<meta property=\"og:url\" content=\"https:\/\/meumundopersonalizado.com.br\/blog\/volta-as-aulas-aprenda-a-organizar-rotina-do-seu-filho\/\" \/>\n<meta property=\"og:site_name\" content=\"Blog Meu Mundo Personalizado\" \/>\n<meta property=\"article:published_time\" content=\"2017-02-21T19:23:46+00:00\" \/>\n<meta property=\"article:modified_time\" content=\"2017-03-03T13:21:12+00:00\" \/>\n<meta property=\"og:image\" content=\"https:\/\/meumundopersonalizado.com.br\/blog\/wp-content\/uploads\/2017\/02\/70100-volta-as-aulas-aprenda-a-organizar-rotina-do-seu-filho.jpg\" \/>\n\t<meta property=\"og:image:width\" content=\"1000\" \/>\n\t<meta property=\"og:image:height\" content=\"668\" \/>\n<meta name=\"twitter:card\" content=\"summary\" \/>\n<script type=\"application\/ld+json\" class=\"yoast-schema-graph\">{\"@context\":\"https:\/\/schema.org\",\"@graph\":[{\"@type\":\"Organization\",\"@id\":\"https:\/\/meumundopersonalizado.com.br\/blog\/#organization\",\"name\":\"Meu Mundo Personalizado\",\"url\":\"https:\/\/meumundopersonalizado.com.br\/blog\/\",\"sameAs\":[],\"logo\":{\"@type\":\"ImageObject\",\"@id\":\"https:\/\/meumundopersonalizado.com.br\/blog\/#logo\",\"inLanguage\":\"pt-BR\",\"url\":\"https:\/\/meumundopersonalizado.com.br\/blog\/wp-content\/uploads\/2016\/06\/Logo-transparent-background.png\",\"width\":600,\"height\":600,\"caption\":\"Meu Mundo Personalizado\"},\"image\":{\"@id\":\"https:\/\/meumundopersonalizado.com.br\/blog\/#logo\"}},{\"@type\":\"WebSite\",\"@id\":\"https:\/\/meumundopersonalizado.com.br\/blog\/#website\",\"url\":\"https:\/\/meumundopersonalizado.com.br\/blog\/\",\"name\":\"Blog Meu Mundo Personalizado\",\"description\":\"Ideias e Novidades\",\"publisher\":{\"@id\":\"https:\/\/meumundopersonalizado.com.br\/blog\/#organization\"},\"potentialAction\":[{\"@type\":\"SearchAction\",\"target\":\"https:\/\/meumundopersonalizado.com.br\/blog\/?s={search_term_string}\",\"query-input\":\"required name=search_term_string\"}],\"inLanguage\":\"pt-BR\"},{\"@type\":\"ImageObject\",\"@id\":\"https:\/\/meumundopersonalizado.com.br\/blog\/volta-as-aulas-aprenda-a-organizar-rotina-do-seu-filho\/#primaryimage\",\"inLanguage\":\"pt-BR\",\"url\":\"https:\/\/meumundopersonalizado.com.br\/blog\/wp-content\/uploads\/2017\/02\/70100-volta-as-aulas-aprenda-a-organizar-rotina-do-seu-filho.jpg\",\"width\":1000,\"height\":668,\"caption\":\"Como organizar a rotina dos filhos na volta \\u00e0s aulas\"},{\"@type\":\"WebPage\",\"@id\":\"https:\/\/meumundopersonalizado.com.br\/blog\/volta-as-aulas-aprenda-a-organizar-rotina-do-seu-filho\/#webpage\",\"url\":\"https:\/\/meumundopersonalizado.com.br\/blog\/volta-as-aulas-aprenda-a-organizar-rotina-do-seu-filho\/\",\"name\":\"Volta \\u00e0s aulas: aprenda a organizar rotina do seu filho - Blog Meu Mundo Personalizado\",\"isPartOf\":{\"@id\":\"https:\/\/meumundopersonalizado.com.br\/blog\/#website\"},\"primaryImageOfPage\":{\"@id\":\"https:\/\/meumundopersonalizado.com.br\/blog\/volta-as-aulas-aprenda-a-organizar-rotina-do-seu-filho\/#primaryimage\"},\"datePublished\":\"2017-02-21T19:23:46+00:00\",\"dateModified\":\"2017-03-03T13:21:12+00:00\",\"description\":\"A transi\\u00e7\\u00e3o entre f\\u00e9rias e volta \\u00e0s aulas nem sempre \\u00e9 f\\u00e1cil para os alunos ou mesmo para seus pais. Para ajuda-la nessa miss\\u00e3o, reunimos 5 dicas. Confira!\",\"inLanguage\":\"pt-BR\",\"potentialAction\":[{\"@type\":\"ReadAction\",\"target\":[\"https:\/\/meumundopersonalizado.com.br\/blog\/volta-as-aulas-aprenda-a-organizar-rotina-do-seu-filho\/\"]}]},{\"@type\":\"Article\",\"@id\":\"https:\/\/meumundopersonalizado.com.br\/blog\/volta-as-aulas-aprenda-a-organizar-rotina-do-seu-filho\/#article\",\"isPartOf\":{\"@id\":\"https:\/\/meumundopersonalizado.com.br\/blog\/volta-as-aulas-aprenda-a-organizar-rotina-do-seu-filho\/#webpage\"},\"author\":{\"@id\":\"https:\/\/meumundopersonalizado.com.br\/blog\/#\/schema\/person\/a4b9fb62ff169939ab37204f837678fb\"},\"headline\":\"Volta \\u00e0s aulas: aprenda a organizar rotina do seu filho\",\"datePublished\":\"2017-02-21T19:23:46+00:00\",\"dateModified\":\"2017-03-03T13:21:12+00:00\",\"commentCount\":0,\"mainEntityOfPage\":{\"@id\":\"https:\/\/meumundopersonalizado.com.br\/blog\/volta-as-aulas-aprenda-a-organizar-rotina-do-seu-filho\/#webpage\"},\"publisher\":{\"@id\":\"https:\/\/meumundopersonalizado.com.br\/blog\/#organization\"},\"image\":{\"@id\":\"https:\/\/meumundopersonalizado.com.br\/blog\/volta-as-aulas-aprenda-a-organizar-rotina-do-seu-filho\/#primaryimage\"},\"articleSection\":\"Bem-estar e Comportamento\",\"inLanguage\":\"pt-BR\",\"potentialAction\":[{\"@type\":\"CommentAction\",\"name\":\"Comment\",\"target\":[\"https:\/\/meumundopersonalizado.com.br\/blog\/volta-as-aulas-aprenda-a-organizar-rotina-do-seu-filho\/#respond\"]}]},{\"@type\":[\"Person\"],\"@id\":\"https:\/\/meumundopersonalizado.com.br\/blog\/#\/schema\/person\/a4b9fb62ff169939ab37204f837678fb\",\"name\":\"Meu Mundo Personalizado\",\"image\":{\"@type\":\"ImageObject\",\"@id\":\"https:\/\/meumundopersonalizado.com.br\/blog\/#personlogo\",\"inLanguage\":\"pt-BR\",\"url\":\"https:\/\/secure.gravatar.com\/avatar\/f8a7230fe1a7085ce436609e79559303?s=96&d=mm&r=g\",\"caption\":\"Meu Mundo Personalizado\"}}]}<\/script>\n<!-- \/ Yoast SEO plugin. -->","_links":{"self":[{"href":"https:\/\/meumundopersonalizado.com.br\/blog\/wp-json\/wp\/v2\/posts\/419"}],"collection":[{"href":"https:\/\/meumundopersonalizado.com.br\/blog\/wp-json\/wp\/v2\/posts"}],"about":[{"href":"https:\/\/meumundopersonalizado.com.br\/blog\/wp-json\/wp\/v2\/types\/post"}],"author":[{"embeddable":true,"href":"https:\/\/meumundopersonalizado.com.br\/blog\/wp-json\/wp\/v2\/users\/8"}],"replies":[{"embeddable":true,"href":"https:\/\/meumundopersonalizado.com.br\/blog\/wp-json\/wp\/v2\/comments?post=419"}],"version-history":[{"count":2,"href":"https:\/\/meumundopersonalizado.com.br\/blog\/wp-json\/wp\/v2\/posts\/419\/revisions"}],"predecessor-version":[{"id":443,"href":"https:\/\/meumundopersonalizado.com.br\/blog\/wp-json\/wp\/v2\/posts\/419\/revisions\/443"}],"wp:featuredmedia":[{"embeddable":true,"href":"https:\/\/meumundopersonalizado.com.br\/blog\/wp-json\/wp\/v2\/media\/420"}],"wp:attachment":[{"href":"https:\/\/meumundopersonalizado.com.br\/blog\/wp-json\/wp\/v2\/media?parent=419"}],"wp:term":[{"taxonomy":"category","embeddable":true,"href":"https:\/\/meumundopersonalizado.com.br\/blog\/wp-json\/wp\/v2\/categories?post=419"},{"taxonomy":"post_tag","embeddable":true,"href":"https:\/\/meumundopersonalizado.com.br\/blog\/wp-json\/wp\/v2\/tags?post=419"}],"curies":[{"name":"wp","href":"https:\/\/api.w.org\/{rel}","templated":true}]}}