{"id":49,"date":"2016-06-17T11:00:34","date_gmt":"2016-06-17T14:00:34","guid":{"rendered":"http:\/\/meumundopersonalizado.com.br\/blog\/?p=49"},"modified":"2017-03-03T10:55:32","modified_gmt":"2017-03-03T13:55:32","slug":"pedagogia-waldorf-entenda-mais-sobre-esse-metodo","status":"publish","type":"post","link":"https:\/\/meumundopersonalizado.com.br\/blog\/pedagogia-waldorf-entenda-mais-sobre-esse-metodo\/","title":{"rendered":"Pedagogia Waldorf: entenda mais sobre esse m\u00e9todo!"},"content":{"rendered":"<p>Educar uma crian\u00e7a \u00e9 uma tarefa muito importante, n\u00e3o \u00e9 mesmo? Todos n\u00f3s queremos que nossos filhos se deem bem com o conte\u00fado escolar e que saiam da escola preparados para a vida. Afinal, de que adianta ir bem nas provas e n\u00e3o estar em sintonia com o mundo \u00e0 nossa volta? Justamente pensando em juntar o aprendizado de conte\u00fado \u00e0 viv\u00eancia do mundo, surgiu a pedagogia Waldorf.<\/p>\n<p>Esse m\u00e9todo j\u00e1 tem quase cem anos e \u00e9 considerado inovador at\u00e9 os dias de hoje. Neste artigo, vamos contar tudo o que voc\u00ea precisa saber sobre a pedagogia Waldorf e como ela vai ajudar o seu filho a ter uma educa\u00e7\u00e3o libertadora e diferenciada. Confira!<\/p>\n<p><!--more--><\/p>\n<h2>Como surgiu esse m\u00e9todo?<\/h2>\n<p>Em 1919, o artista, fil\u00f3sofo e cientista austr\u00edaco Rudolph Steiner foi convidado a fundar uma escola para os filhos dos funcion\u00e1rios da f\u00e1brica de cigarros Waldorf-Astoria. Para isso, ele utilizou o modelo de pensamento da antroposofia, que \u00e9 uma forma de conhecimento filos\u00f3fico que valoriza o ser humano e o seu conhecimento da natureza e de si mesmo. Essa foi a base de toda a pedagogia Waldorf, como foi chamada.<\/p>\n<h2>Como funciona a pedagogia Waldorf?<\/h2>\n<p>A base desse m\u00e9todo pedag\u00f3gico \u00e9 o autoconhecimento e o conhecimento da natureza. A forma de conhecer, isto \u00e9, de aprender, acontece por meio da viv\u00eancia, e n\u00e3o apenas por informa\u00e7\u00f5es e conte\u00fado. As experi\u00eancias dos alunos, principalmente de 0 a 14 anos, s\u00e3o mais valorizadas do que o racioc\u00ednio l\u00f3gico ou a capacidade de decorar mat\u00e9rias.<\/p>\n<p>Tamb\u00e9m n\u00e3o h\u00e1 repet\u00eancia, pois acredita-se que o conte\u00fado aprendido deve estar em sincronia perfeita com a idade da crian\u00e7a. N\u00e3o h\u00e1 provas, e o \u00fanico m\u00e9todo de avalia\u00e7\u00e3o \u00e9 um relat\u00f3rio por escrito sobre cada crian\u00e7a, que descreve suas caracter\u00edsticas individuais e o n\u00edvel de maturidade.<\/p>\n<p>A pedagogia Waldorf divide o ensino em ciclos de 7 anos. Vamos entender melhor essa parte:<\/p>\n<h3>Primeiro ciclo (0 a 7 anos)<\/h3>\n<p>Nessa fase, entende-se que a crian\u00e7a deve aprender atividades motoras (a\u00e7\u00e3o e brincadeiras) e desenvolver uma no\u00e7\u00e3o rica do espa\u00e7o que a cerca. Os professores devem encoraj\u00e1-la a descobrir e apreciar a natureza e o meio em que vive, sempre buscando uma sintonia com ele.<\/p>\n<h3>Segundo ciclo (7 a 14 anos)<\/h3>\n<p>Nessa fase, a crian\u00e7a aprende o conte\u00fado de uma forma que desenvolva sua rela\u00e7\u00e3o com a autoridade. N\u00e3o a autoridade no sentido pejorativo da palavra, mas no sentido necess\u00e1rio para a organiza\u00e7\u00e3o social.<\/p>\n<p>Ela deve reconhecer a autoridade nos pais e nos professores, pois na pedagogia Waldorf, acredita-se que uma crian\u00e7a que seja submetida a regimes de autoridade muito severos pode acabar percebendo o mundo como opressor e assustador.<\/p>\n<p>Por outro lado, sem um m\u00ednimo de rigidez no dia a dia, a crian\u00e7a n\u00e3o \u00e9 capaz de reconhecer autoridade e acaba por desrespeitar o limite das outras pessoas. Dessa forma, ela pode apresentar at\u00e9 um quadro de crise de identidade.<\/p>\n<h3>Terceiro ciclo (14 a 21 anos)<\/h3>\n<p>Aqui come\u00e7a a adolesc\u00eancia. Esse \u00e9 um tempo de afirma\u00e7\u00e3o e tamb\u00e9m de crise de identidade e ruptura com as autoridades reconhecidas na fase anterior. \u00c9poca de descobertas e experi\u00eancias, \u00e9 nessa fase que o adolescente constr\u00f3i a sua identidade, muitas vezes negando tudo que lhe \u00e9 apresentado. Saber quem ele <strong>n\u00e3o \u00e9<\/strong> pode ser o primeiro passo para descobrir quem ele realmente <strong>\u00e9<\/strong>.<\/p>\n<p>\u00c9 curioso que, s\u00f3 a partir dessa fase, o computador \u00e9 utilizado em sala de aula. Acredita-se que o elemento l\u00f3gico-simb\u00f3lico (a forma como n\u00f3s, seres humanos, transformamos o conhecimento em s\u00edmbolos e ideias intelectuais) deve ser a \u00faltima fase do aprendizado. Por esse mesmo motivo, \u00e9 s\u00f3 nesse terceiro ciclo que a ci\u00eancia (f\u00edsica, qu\u00edmica e biologia) passa a fazer parte do curr\u00edculo escolar.<\/p>\n<h2>Qual \u00e9 o grande diferencial?<\/h2>\n<p>Segundo a opini\u00e3o de alguns pais, a pedagogia Waldorf forma jovens com vasta cultura, criatividade e capacidade de concentra\u00e7\u00e3o. Por causa do envolvimento dessa teoria com as artes (que s\u00e3o ensinadas desde cedo), \u00e9 comum que as crian\u00e7as Waldorf apresentem uma profunda sensibilidade.<\/p>\n<p>E voc\u00ea? Conhece algu\u00e9m educado pela pedagogia Waldorf? Tem alguma experi\u00eancia educativa que queira compartilhar? Deixe um coment\u00e1rio!<\/p>\n","protected":false},"excerpt":{"rendered":"<p>Educar uma crian\u00e7a \u00e9 uma tarefa muito importante, n\u00e3o \u00e9 mesmo? Todos n\u00f3s queremos que nossos filhos se deem bem com o conte\u00fado escolar e que saiam da escola preparados para a vida. Afinal, de que adianta ir bem nas provas e n\u00e3o estar em sintonia com o mundo \u00e0 nossa volta? Justamente pensando em&#8230;<\/p>\n","protected":false},"author":2,"featured_media":51,"comment_status":"open","ping_status":"open","sticky":false,"template":"","format":"standard","meta":{"footnotes":""},"categories":[14],"tags":[],"class_list":["post-49","post","type-post","status-publish","format-standard","has-post-thumbnail","hentry","category-bem-estar-e-comportamento","main-post"],"yoast_head":"<!-- This site is optimized with the Yoast SEO plugin v14.1 - https:\/\/yoast.com\/wordpress\/plugins\/seo\/ -->\n<title>Pedagogia Waldorf: entenda mais sobre esse m\u00e9todo! - Blog Meu Mundo Personalizado<\/title>\n<meta name=\"description\" content=\"D\u00favidas sobre o que \u00e9 a pedagogia Waldorf? Leia nosso post para entender melhor como esse m\u00e9todo surgiu, o que ele envolve e os ciclos em que se subdivide!\" \/>\n<meta name=\"robots\" content=\"index, follow\" \/>\n<meta name=\"googlebot\" content=\"index, follow, max-snippet:-1, max-image-preview:large, max-video-preview:-1\" \/>\n<meta name=\"bingbot\" content=\"index, follow, max-snippet:-1, max-image-preview:large, max-video-preview:-1\" \/>\n<link rel=\"canonical\" href=\"https:\/\/meumundopersonalizado.com.br\/blog\/pedagogia-waldorf-entenda-mais-sobre-esse-metodo\/\" \/>\n<meta property=\"og:locale\" content=\"pt_BR\" \/>\n<meta property=\"og:type\" content=\"article\" \/>\n<meta property=\"og:title\" content=\"Pedagogia Waldorf: entenda mais sobre esse m\u00e9todo! - Blog Meu Mundo Personalizado\" \/>\n<meta property=\"og:description\" content=\"D\u00favidas sobre o que \u00e9 a pedagogia Waldorf? Leia nosso post para entender melhor como esse m\u00e9todo surgiu, o que ele envolve e os ciclos em que se subdivide!\" \/>\n<meta property=\"og:url\" content=\"https:\/\/meumundopersonalizado.com.br\/blog\/pedagogia-waldorf-entenda-mais-sobre-esse-metodo\/\" \/>\n<meta property=\"og:site_name\" content=\"Blog Meu Mundo Personalizado\" \/>\n<meta property=\"article:published_time\" content=\"2016-06-17T14:00:34+00:00\" \/>\n<meta property=\"article:modified_time\" content=\"2017-03-03T13:55:32+00:00\" \/>\n<meta property=\"og:image\" content=\"https:\/\/meumundopersonalizado.com.br\/blog\/wp-content\/uploads\/2016\/06\/Pedagogia_Waldorf_entenda_mais_sobre_esse_m\u00e9todo.jpg.jpeg\" \/>\n\t<meta property=\"og:image:width\" content=\"816\" \/>\n\t<meta property=\"og:image:height\" content=\"613\" \/>\n<meta name=\"twitter:card\" content=\"summary\" \/>\n<script type=\"application\/ld+json\" class=\"yoast-schema-graph\">{\"@context\":\"https:\/\/schema.org\",\"@graph\":[{\"@type\":\"Organization\",\"@id\":\"https:\/\/meumundopersonalizado.com.br\/blog\/#organization\",\"name\":\"Meu Mundo Personalizado\",\"url\":\"https:\/\/meumundopersonalizado.com.br\/blog\/\",\"sameAs\":[],\"logo\":{\"@type\":\"ImageObject\",\"@id\":\"https:\/\/meumundopersonalizado.com.br\/blog\/#logo\",\"inLanguage\":\"pt-BR\",\"url\":\"https:\/\/meumundopersonalizado.com.br\/blog\/wp-content\/uploads\/2016\/06\/Logo-transparent-background.png\",\"width\":600,\"height\":600,\"caption\":\"Meu Mundo Personalizado\"},\"image\":{\"@id\":\"https:\/\/meumundopersonalizado.com.br\/blog\/#logo\"}},{\"@type\":\"WebSite\",\"@id\":\"https:\/\/meumundopersonalizado.com.br\/blog\/#website\",\"url\":\"https:\/\/meumundopersonalizado.com.br\/blog\/\",\"name\":\"Blog Meu Mundo Personalizado\",\"description\":\"Ideias e Novidades\",\"publisher\":{\"@id\":\"https:\/\/meumundopersonalizado.com.br\/blog\/#organization\"},\"potentialAction\":[{\"@type\":\"SearchAction\",\"target\":\"https:\/\/meumundopersonalizado.com.br\/blog\/?s={search_term_string}\",\"query-input\":\"required name=search_term_string\"}],\"inLanguage\":\"pt-BR\"},{\"@type\":\"ImageObject\",\"@id\":\"https:\/\/meumundopersonalizado.com.br\/blog\/pedagogia-waldorf-entenda-mais-sobre-esse-metodo\/#primaryimage\",\"inLanguage\":\"pt-BR\",\"url\":\"https:\/\/meumundopersonalizado.com.br\/blog\/wp-content\/uploads\/2016\/06\/Pedagogia_Waldorf_entenda_mais_sobre_esse_m\\u00e9todo.jpg.jpeg\",\"width\":816,\"height\":613,\"caption\":\"Post para pais e m\\u00e3es que explica o m\\u00e9todo de ensino Waldorf - como surgiu e os ciclos de ensino desde a inf\\u00e2ncia at\\u00e9 a adolesc\\u00eancia\"},{\"@type\":\"WebPage\",\"@id\":\"https:\/\/meumundopersonalizado.com.br\/blog\/pedagogia-waldorf-entenda-mais-sobre-esse-metodo\/#webpage\",\"url\":\"https:\/\/meumundopersonalizado.com.br\/blog\/pedagogia-waldorf-entenda-mais-sobre-esse-metodo\/\",\"name\":\"Pedagogia Waldorf: entenda mais sobre esse m\\u00e9todo! - Blog Meu Mundo Personalizado\",\"isPartOf\":{\"@id\":\"https:\/\/meumundopersonalizado.com.br\/blog\/#website\"},\"primaryImageOfPage\":{\"@id\":\"https:\/\/meumundopersonalizado.com.br\/blog\/pedagogia-waldorf-entenda-mais-sobre-esse-metodo\/#primaryimage\"},\"datePublished\":\"2016-06-17T14:00:34+00:00\",\"dateModified\":\"2017-03-03T13:55:32+00:00\",\"description\":\"D\\u00favidas sobre o que \\u00e9 a pedagogia Waldorf? Leia nosso post para entender melhor como esse m\\u00e9todo surgiu, o que ele envolve e os ciclos em que se subdivide!\",\"inLanguage\":\"pt-BR\",\"potentialAction\":[{\"@type\":\"ReadAction\",\"target\":[\"https:\/\/meumundopersonalizado.com.br\/blog\/pedagogia-waldorf-entenda-mais-sobre-esse-metodo\/\"]}]},{\"@type\":\"Article\",\"@id\":\"https:\/\/meumundopersonalizado.com.br\/blog\/pedagogia-waldorf-entenda-mais-sobre-esse-metodo\/#article\",\"isPartOf\":{\"@id\":\"https:\/\/meumundopersonalizado.com.br\/blog\/pedagogia-waldorf-entenda-mais-sobre-esse-metodo\/#webpage\"},\"author\":{\"@id\":\"https:\/\/meumundopersonalizado.com.br\/blog\/#\/schema\/person\/7152250683ecb9cb4b7c612c699d48a6\"},\"headline\":\"Pedagogia Waldorf: entenda mais sobre esse m\\u00e9todo!\",\"datePublished\":\"2016-06-17T14:00:34+00:00\",\"dateModified\":\"2017-03-03T13:55:32+00:00\",\"commentCount\":0,\"mainEntityOfPage\":{\"@id\":\"https:\/\/meumundopersonalizado.com.br\/blog\/pedagogia-waldorf-entenda-mais-sobre-esse-metodo\/#webpage\"},\"publisher\":{\"@id\":\"https:\/\/meumundopersonalizado.com.br\/blog\/#organization\"},\"image\":{\"@id\":\"https:\/\/meumundopersonalizado.com.br\/blog\/pedagogia-waldorf-entenda-mais-sobre-esse-metodo\/#primaryimage\"},\"articleSection\":\"Bem-estar e Comportamento\",\"inLanguage\":\"pt-BR\",\"potentialAction\":[{\"@type\":\"CommentAction\",\"name\":\"Comment\",\"target\":[\"https:\/\/meumundopersonalizado.com.br\/blog\/pedagogia-waldorf-entenda-mais-sobre-esse-metodo\/#respond\"]}]},{\"@type\":[\"Person\"],\"@id\":\"https:\/\/meumundopersonalizado.com.br\/blog\/#\/schema\/person\/7152250683ecb9cb4b7c612c699d48a6\",\"name\":\"Meu Mundo Personalizado\",\"image\":{\"@type\":\"ImageObject\",\"@id\":\"https:\/\/meumundopersonalizado.com.br\/blog\/#personlogo\",\"inLanguage\":\"pt-BR\",\"url\":\"https:\/\/secure.gravatar.com\/avatar\/01147ea0fb838750523bfccf1bad0be1?s=96&d=mm&r=g\",\"caption\":\"Meu Mundo Personalizado\"}}]}<\/script>\n<!-- \/ Yoast SEO plugin. -->","_links":{"self":[{"href":"https:\/\/meumundopersonalizado.com.br\/blog\/wp-json\/wp\/v2\/posts\/49"}],"collection":[{"href":"https:\/\/meumundopersonalizado.com.br\/blog\/wp-json\/wp\/v2\/posts"}],"about":[{"href":"https:\/\/meumundopersonalizado.com.br\/blog\/wp-json\/wp\/v2\/types\/post"}],"author":[{"embeddable":true,"href":"https:\/\/meumundopersonalizado.com.br\/blog\/wp-json\/wp\/v2\/users\/2"}],"replies":[{"embeddable":true,"href":"https:\/\/meumundopersonalizado.com.br\/blog\/wp-json\/wp\/v2\/comments?post=49"}],"version-history":[{"count":3,"href":"https:\/\/meumundopersonalizado.com.br\/blog\/wp-json\/wp\/v2\/posts\/49\/revisions"}],"predecessor-version":[{"id":516,"href":"https:\/\/meumundopersonalizado.com.br\/blog\/wp-json\/wp\/v2\/posts\/49\/revisions\/516"}],"wp:featuredmedia":[{"embeddable":true,"href":"https:\/\/meumundopersonalizado.com.br\/blog\/wp-json\/wp\/v2\/media\/51"}],"wp:attachment":[{"href":"https:\/\/meumundopersonalizado.com.br\/blog\/wp-json\/wp\/v2\/media?parent=49"}],"wp:term":[{"taxonomy":"category","embeddable":true,"href":"https:\/\/meumundopersonalizado.com.br\/blog\/wp-json\/wp\/v2\/categories?post=49"},{"taxonomy":"post_tag","embeddable":true,"href":"https:\/\/meumundopersonalizado.com.br\/blog\/wp-json\/wp\/v2\/tags?post=49"}],"curies":[{"name":"wp","href":"https:\/\/api.w.org\/{rel}","templated":true}]}}