{"id":527,"date":"2017-03-08T11:24:50","date_gmt":"2017-03-08T14:24:50","guid":{"rendered":"https:\/\/meumundopersonalizado.com.br\/blog\/5-frutas-hidratantes-para-voce-manter-a-saude-de-seu-filho-no-verao\/"},"modified":"2017-03-08T13:24:04","modified_gmt":"2017-03-08T16:24:04","slug":"5-frutas-hidratantes-para-voce-manter-a-saude-de-seu-filho-no-verao","status":"publish","type":"post","link":"https:\/\/meumundopersonalizado.com.br\/blog\/5-frutas-hidratantes-para-voce-manter-a-saude-de-seu-filho-no-verao\/","title":{"rendered":"5 frutas hidratantes para voc\u00ea manter a sa\u00fade de seu filho no ver\u00e3o"},"content":{"rendered":"<p>Durante o per\u00edodo de calor intenso, t\u00edpico do ver\u00e3o brasileiro, \u00e9 comum que crian\u00e7as \u2014 principalmente os beb\u00eas \u2014 sofram desidrata\u00e7\u00e3o.<\/p>\n<p>Por isso, \u00e9 importante que as crian\u00e7as tomem bastante l\u00edquido ao longo do dia, principalmente \u00e1gua. Al\u00e9m de \u00e1gua, a <a href=\"https:\/\/meumundopersonalizado.com.br\/blog\/ele-nao-quer-comer-e-agora-o-que-fazer-quando-as-criancas-se-negam-comer\/?utm_source=blog&amp;utm_campaign=rc_blogpost\"><u>dieta<\/u><\/a> tamb\u00e9m deve ser equilibrada, e o consumo das chamadas frutas hidratantes \u00e9 fundamental para ajudar a manter a <a href=\"https:\/\/meumundopersonalizado.com.br\/blog\/saude-infantil-12-doencas-mais-comuns-no-verao-e-como-evita-las\/?utm_source=blog&amp;utm_campaign=rc_blogpost\"><u>sa\u00fade<\/u><\/a> dos pequenos no per\u00edodo mais quente do ano.<\/p>\n<p><!--more--><\/p>\n<p>Frutas hidratantes s\u00e3o aquelas que possuem alto teor de \u00e1gua e ajudam a repor o l\u00edquido no organismo que, em dias muito quentes, s\u00e3o perdidos rapidamente. A desidrata\u00e7\u00e3o ocorre quando h\u00e1 grande perda de \u00e1gua no organismo e essas perdas n\u00e3o s\u00e3o repostas. Se a crian\u00e7a apresenta sintomas como tontura, fraqueza, dores de cabe\u00e7a e apatia, ela pode estar desidratada.<\/p>\n<p>No caso dos beb\u00eas desidratados, os sintomas s\u00e3o: choro sem l\u00e1grimas, fraldas secas muito tempo, urina escura e com odor muito forte, l\u00e1bios e boca secos, irritabilidade e apatia. Vale ressaltar que casos de desidrata\u00e7\u00e3o graves podem levar \u00e0 morte.<\/p>\n<p>Como voc\u00ea viu, a desidrata\u00e7\u00e3o \u00e9 coisa s\u00e9ria. Por isso, preparamos uma lista com 5 frutas hidratantes para voc\u00ea incluir na dieta dos pequenos e manter a desidrata\u00e7\u00e3o bem longe deles. Confira!<\/p>\n<h2>1. Melancia<\/h2>\n<p>A melancia est\u00e1 entre as frutas com maior concentra\u00e7\u00e3o de \u00e1gua: 92%. Al\u00e9m de ser altamente hidratante, ela ainda elimina toxinas do organismo, \u00e9 rica em vitamina C \u2014 que ajuda a curar feridas e a formar tecido cicatrizante. No caso de crian\u00e7as com diabetes, o consumo da melancia deve ser feito com modera\u00e7\u00e3o, pois pode elevar o \u00edndice glic\u00eamico rapidamente.<\/p>\n<h2>2. Laranja<\/h2>\n<p>A laranja tamb\u00e9m est\u00e1 na lista de frutas hidratantes, pois cont\u00e9m 87% de \u00e1gua. Ela \u00e9 rica em vitamina C, que tem um alto poder desintoxicante, refrescante, al\u00e9m de refor\u00e7ar o sistema imunol\u00f3gico e facilitar a digest\u00e3o. O baga\u00e7o da laranja cont\u00e9m muitos nutrientes e o ideal \u00e9 aproveit\u00e1-lo quando fizer sucos para a crian\u00e7ada e elas tomarem ao longo do dia.<\/p>\n<h2>3. Morango<\/h2>\n<p>O morango cont\u00e9m 92% de \u00e1gua, al\u00e9m de ser rico em vitamina C \u2014 inclusive tem mais concentra\u00e7\u00e3o dessa vitamina do que a laranja \u2014, pot\u00e1ssio e magn\u00e9sio. Al\u00e9m disso, o sabor e a cor da fruta fazem com que ela seja bem aceita pelas <a href=\"https:\/\/meumundopersonalizado.com.br\/blog\/5-receitas-de-lanches-da-tarde-saudaveis-para-as-criancas\/?utm_source=blog&amp;utm_campaign=rc_blogpost\" target=\"_blank\">crian\u00e7as<\/a>. O morango \u00e9 diur\u00e9tico e possui boa quantidade\u00a0de fibras, o que facilita o tr\u00e2nsito intestinal, evitando a pris\u00e3o de ventre nos pequenos.<\/p>\n<h2>4. Ameixa vermelha<\/h2>\n<p>A ameixa vermelha est\u00e1 entre as frutas hidratantes que deve ser inclu\u00edda na dieta das crian\u00e7as. Al\u00e9m de ser uma fruta adocicada \u2014 o que pode agradar os pequenos \u2014, a ameixa cont\u00e9m 80% de \u00e1gua, \u00e9 rica em vitaminas do complexo B, vitamina C, fibras, pot\u00e1ssio, c\u00e1lcio, entre outros nutrientes.<\/p>\n<p>Al\u00e9m de contribuir com a hidrata\u00e7\u00e3o dos seus filhos, a ameixa ajuda a acelerar o metabolismo e aumentar a imunidade dos pequenos, entre outros benef\u00edcios.<\/p>\n<h2>5. Abacaxi<\/h2>\n<p>O abacaxi cont\u00e9m 85% de \u00e1gua, o que o torna uma fruta muito hidratante. Ele \u00e9 rico em vitaminas do complexo B, vitamina C, pot\u00e1ssio, s\u00f3dio, magn\u00e9sio, f\u00f3sforo, c\u00e1lcio, e ainda \u00e9 desintoxicante e antioxidante. O abacaxi ainda ajuda na digest\u00e3o, por isso \u00e9 bom dar \u00e0s crian\u00e7as o suco da fruta ap\u00f3s o almo\u00e7o.<\/p>\n<p>Vale ressaltar que nada pode substituir a \u00e1gua, pois ela \u00e9 a principal subst\u00e2ncia do corpo humano. Por isso, mesmo que seus filhos consumam por\u00e7\u00f5es de frutas hidratantes diariamente, eles devem beber a quantidade de \u00e1gua recomendada para sua faixa et\u00e1ria.<\/p>\n<p>Gostou do post? Quer receber outras dicas de como manter em dia a sa\u00fade dos seus filhos? Ent\u00e3o assine nossa newsletter e fique por dentro de outros conte\u00fados como este!<\/p>\n","protected":false},"excerpt":{"rendered":"<p>Durante o per\u00edodo de calor intenso, t\u00edpico do ver\u00e3o brasileiro, \u00e9 comum que crian\u00e7as \u2014 principalmente os beb\u00eas \u2014 sofram desidrata\u00e7\u00e3o. Por isso, \u00e9 importante que as crian\u00e7as tomem bastante l\u00edquido ao longo do dia, principalmente \u00e1gua. Al\u00e9m de \u00e1gua, a dieta tamb\u00e9m deve ser equilibrada, e o consumo das chamadas frutas hidratantes \u00e9 fundamental&#8230;<\/p>\n","protected":false},"author":8,"featured_media":528,"comment_status":"open","ping_status":"open","sticky":false,"template":"","format":"standard","meta":{"footnotes":""},"categories":[14],"tags":[],"class_list":["post-527","post","type-post","status-publish","format-standard","has-post-thumbnail","hentry","category-bem-estar-e-comportamento","main-post"],"yoast_head":"<!-- This site is optimized with the Yoast SEO plugin v14.1 - https:\/\/yoast.com\/wordpress\/plugins\/seo\/ -->\n<title>5 frutas hidratantes para voc\u00ea manter a sa\u00fade de seu filho no ver\u00e3o - Blog Meu Mundo Personalizado<\/title>\n<meta name=\"description\" content=\"Neste post, lista com 5 frutas hidratantes para voc\u00ea incluir na dieta dos pequenos e manter a desidrata\u00e7\u00e3o bem longe deles. Confira!\" \/>\n<meta name=\"robots\" content=\"index, follow\" \/>\n<meta name=\"googlebot\" content=\"index, follow, max-snippet:-1, max-image-preview:large, max-video-preview:-1\" \/>\n<meta name=\"bingbot\" content=\"index, follow, max-snippet:-1, max-image-preview:large, max-video-preview:-1\" \/>\n<link rel=\"canonical\" href=\"https:\/\/meumundopersonalizado.com.br\/blog\/5-frutas-hidratantes-para-voce-manter-a-saude-de-seu-filho-no-verao\/\" \/>\n<meta property=\"og:locale\" content=\"pt_BR\" \/>\n<meta property=\"og:type\" content=\"article\" \/>\n<meta property=\"og:title\" content=\"5 frutas hidratantes para voc\u00ea manter a sa\u00fade de seu filho no ver\u00e3o - Blog Meu Mundo Personalizado\" \/>\n<meta property=\"og:description\" content=\"Neste post, lista com 5 frutas hidratantes para voc\u00ea incluir na dieta dos pequenos e manter a desidrata\u00e7\u00e3o bem longe deles. Confira!\" \/>\n<meta property=\"og:url\" content=\"https:\/\/meumundopersonalizado.com.br\/blog\/5-frutas-hidratantes-para-voce-manter-a-saude-de-seu-filho-no-verao\/\" \/>\n<meta property=\"og:site_name\" content=\"Blog Meu Mundo Personalizado\" \/>\n<meta property=\"article:published_time\" content=\"2017-03-08T14:24:50+00:00\" \/>\n<meta property=\"article:modified_time\" content=\"2017-03-08T16:24:04+00:00\" \/>\n<meta property=\"og:image\" content=\"https:\/\/meumundopersonalizado.com.br\/blog\/wp-content\/uploads\/2017\/03\/72072-5-frutas-hidratantes-para-voce-manter-a-saude-de-seu-filho-no-verao.jpg\" \/>\n\t<meta property=\"og:image:width\" content=\"1000\" \/>\n\t<meta property=\"og:image:height\" content=\"667\" \/>\n<meta name=\"twitter:card\" content=\"summary\" \/>\n<script type=\"application\/ld+json\" class=\"yoast-schema-graph\">{\"@context\":\"https:\/\/schema.org\",\"@graph\":[{\"@type\":\"Organization\",\"@id\":\"https:\/\/meumundopersonalizado.com.br\/blog\/#organization\",\"name\":\"Meu Mundo Personalizado\",\"url\":\"https:\/\/meumundopersonalizado.com.br\/blog\/\",\"sameAs\":[],\"logo\":{\"@type\":\"ImageObject\",\"@id\":\"https:\/\/meumundopersonalizado.com.br\/blog\/#logo\",\"inLanguage\":\"pt-BR\",\"url\":\"https:\/\/meumundopersonalizado.com.br\/blog\/wp-content\/uploads\/2016\/06\/Logo-transparent-background.png\",\"width\":600,\"height\":600,\"caption\":\"Meu Mundo Personalizado\"},\"image\":{\"@id\":\"https:\/\/meumundopersonalizado.com.br\/blog\/#logo\"}},{\"@type\":\"WebSite\",\"@id\":\"https:\/\/meumundopersonalizado.com.br\/blog\/#website\",\"url\":\"https:\/\/meumundopersonalizado.com.br\/blog\/\",\"name\":\"Blog Meu Mundo Personalizado\",\"description\":\"Ideias e Novidades\",\"publisher\":{\"@id\":\"https:\/\/meumundopersonalizado.com.br\/blog\/#organization\"},\"potentialAction\":[{\"@type\":\"SearchAction\",\"target\":\"https:\/\/meumundopersonalizado.com.br\/blog\/?s={search_term_string}\",\"query-input\":\"required name=search_term_string\"}],\"inLanguage\":\"pt-BR\"},{\"@type\":\"ImageObject\",\"@id\":\"https:\/\/meumundopersonalizado.com.br\/blog\/5-frutas-hidratantes-para-voce-manter-a-saude-de-seu-filho-no-verao\/#primaryimage\",\"inLanguage\":\"pt-BR\",\"url\":\"https:\/\/meumundopersonalizado.com.br\/blog\/wp-content\/uploads\/2017\/03\/72072-5-frutas-hidratantes-para-voce-manter-a-saude-de-seu-filho-no-verao.jpg\",\"width\":1000,\"height\":667,\"caption\":\"Lista de 5 frutas com bastante teor de \\u00e1gua para manter as crian\\u00e7as hidratadas no ver\\u00e3o\"},{\"@type\":\"WebPage\",\"@id\":\"https:\/\/meumundopersonalizado.com.br\/blog\/5-frutas-hidratantes-para-voce-manter-a-saude-de-seu-filho-no-verao\/#webpage\",\"url\":\"https:\/\/meumundopersonalizado.com.br\/blog\/5-frutas-hidratantes-para-voce-manter-a-saude-de-seu-filho-no-verao\/\",\"name\":\"5 frutas hidratantes para voc\\u00ea manter a sa\\u00fade de seu filho no ver\\u00e3o - Blog Meu Mundo Personalizado\",\"isPartOf\":{\"@id\":\"https:\/\/meumundopersonalizado.com.br\/blog\/#website\"},\"primaryImageOfPage\":{\"@id\":\"https:\/\/meumundopersonalizado.com.br\/blog\/5-frutas-hidratantes-para-voce-manter-a-saude-de-seu-filho-no-verao\/#primaryimage\"},\"datePublished\":\"2017-03-08T14:24:50+00:00\",\"dateModified\":\"2017-03-08T16:24:04+00:00\",\"description\":\"Neste post, lista com 5 frutas hidratantes para voc\\u00ea incluir na dieta dos pequenos e manter a desidrata\\u00e7\\u00e3o bem longe deles. Confira!\",\"inLanguage\":\"pt-BR\",\"potentialAction\":[{\"@type\":\"ReadAction\",\"target\":[\"https:\/\/meumundopersonalizado.com.br\/blog\/5-frutas-hidratantes-para-voce-manter-a-saude-de-seu-filho-no-verao\/\"]}]},{\"@type\":\"Article\",\"@id\":\"https:\/\/meumundopersonalizado.com.br\/blog\/5-frutas-hidratantes-para-voce-manter-a-saude-de-seu-filho-no-verao\/#article\",\"isPartOf\":{\"@id\":\"https:\/\/meumundopersonalizado.com.br\/blog\/5-frutas-hidratantes-para-voce-manter-a-saude-de-seu-filho-no-verao\/#webpage\"},\"author\":{\"@id\":\"https:\/\/meumundopersonalizado.com.br\/blog\/#\/schema\/person\/a4b9fb62ff169939ab37204f837678fb\"},\"headline\":\"5 frutas hidratantes para voc\\u00ea manter a sa\\u00fade de seu filho no ver\\u00e3o\",\"datePublished\":\"2017-03-08T14:24:50+00:00\",\"dateModified\":\"2017-03-08T16:24:04+00:00\",\"commentCount\":0,\"mainEntityOfPage\":{\"@id\":\"https:\/\/meumundopersonalizado.com.br\/blog\/5-frutas-hidratantes-para-voce-manter-a-saude-de-seu-filho-no-verao\/#webpage\"},\"publisher\":{\"@id\":\"https:\/\/meumundopersonalizado.com.br\/blog\/#organization\"},\"image\":{\"@id\":\"https:\/\/meumundopersonalizado.com.br\/blog\/5-frutas-hidratantes-para-voce-manter-a-saude-de-seu-filho-no-verao\/#primaryimage\"},\"articleSection\":\"Bem-estar e Comportamento\",\"inLanguage\":\"pt-BR\",\"potentialAction\":[{\"@type\":\"CommentAction\",\"name\":\"Comment\",\"target\":[\"https:\/\/meumundopersonalizado.com.br\/blog\/5-frutas-hidratantes-para-voce-manter-a-saude-de-seu-filho-no-verao\/#respond\"]}]},{\"@type\":[\"Person\"],\"@id\":\"https:\/\/meumundopersonalizado.com.br\/blog\/#\/schema\/person\/a4b9fb62ff169939ab37204f837678fb\",\"name\":\"Meu Mundo Personalizado\",\"image\":{\"@type\":\"ImageObject\",\"@id\":\"https:\/\/meumundopersonalizado.com.br\/blog\/#personlogo\",\"inLanguage\":\"pt-BR\",\"url\":\"https:\/\/secure.gravatar.com\/avatar\/f8a7230fe1a7085ce436609e79559303?s=96&d=mm&r=g\",\"caption\":\"Meu Mundo Personalizado\"}}]}<\/script>\n<!-- \/ Yoast SEO plugin. -->","_links":{"self":[{"href":"https:\/\/meumundopersonalizado.com.br\/blog\/wp-json\/wp\/v2\/posts\/527"}],"collection":[{"href":"https:\/\/meumundopersonalizado.com.br\/blog\/wp-json\/wp\/v2\/posts"}],"about":[{"href":"https:\/\/meumundopersonalizado.com.br\/blog\/wp-json\/wp\/v2\/types\/post"}],"author":[{"embeddable":true,"href":"https:\/\/meumundopersonalizado.com.br\/blog\/wp-json\/wp\/v2\/users\/8"}],"replies":[{"embeddable":true,"href":"https:\/\/meumundopersonalizado.com.br\/blog\/wp-json\/wp\/v2\/comments?post=527"}],"version-history":[{"count":2,"href":"https:\/\/meumundopersonalizado.com.br\/blog\/wp-json\/wp\/v2\/posts\/527\/revisions"}],"predecessor-version":[{"id":530,"href":"https:\/\/meumundopersonalizado.com.br\/blog\/wp-json\/wp\/v2\/posts\/527\/revisions\/530"}],"wp:featuredmedia":[{"embeddable":true,"href":"https:\/\/meumundopersonalizado.com.br\/blog\/wp-json\/wp\/v2\/media\/528"}],"wp:attachment":[{"href":"https:\/\/meumundopersonalizado.com.br\/blog\/wp-json\/wp\/v2\/media?parent=527"}],"wp:term":[{"taxonomy":"category","embeddable":true,"href":"https:\/\/meumundopersonalizado.com.br\/blog\/wp-json\/wp\/v2\/categories?post=527"},{"taxonomy":"post_tag","embeddable":true,"href":"https:\/\/meumundopersonalizado.com.br\/blog\/wp-json\/wp\/v2\/tags?post=527"}],"curies":[{"name":"wp","href":"https:\/\/api.w.org\/{rel}","templated":true}]}}