{"id":561,"date":"2017-04-24T16:01:15","date_gmt":"2017-04-24T19:01:15","guid":{"rendered":"https:\/\/meumundopersonalizado.com.br\/blog\/quando-e-o-momento-ideal-de-colocar-seu-filho-na-escola\/"},"modified":"2017-04-24T16:01:15","modified_gmt":"2017-04-24T19:01:15","slug":"quando-e-o-momento-ideal-de-colocar-seu-filho-na-escola","status":"publish","type":"post","link":"https:\/\/meumundopersonalizado.com.br\/blog\/quando-e-o-momento-ideal-de-colocar-seu-filho-na-escola\/","title":{"rendered":"Quando \u00e9 o momento ideal de colocar seu filho na escola?"},"content":{"rendered":"<p><span>Vivenciamos uma \u00e9poca em que a escolariza\u00e7\u00e3o dos filhos \u00e9 uma preocupa\u00e7\u00e3o cada vez mais constante para os pais. Desde j\u00e1, anunciamos que n\u00e3o existe idade ideal para colocar uma crian\u00e7a na escola. A idade de in\u00edcio da escolariza\u00e7\u00e3o obrigat\u00f3ria, segundo a legisla\u00e7\u00e3o brasileira atual, \u00e9 aos 4 anos, mas os especialistas explicam que desde os 2 anos a crian\u00e7a j\u00e1 est\u00e1 apta a ir \u00e0 escola.<\/span><\/p>\n<p><span>O objetivo deste texto \u00e9 apresentar alguns aspectos que devem ser levados em considera\u00e7\u00e3o para saber quando \u00e9 o melhor momento para colocar o seu filho na escola.<\/span><\/p>\n<h2><span>As condi\u00e7\u00f5es da educa\u00e7\u00e3o infantil<\/span><\/h2>\n<p><span>Segundo a <\/span><a href=\"http:\/\/www.planalto.gov.br\/ccivil_03\/constituicao\/emendas\/emc\/emc59.htm?utm_source=blog&amp;utm_campaign=rc_blogpost\"><u>emenda constitucional n. 59, de 11 de novembro de 2009<\/u><\/a><span>, h\u00e1 obrigatoriedade, por parte do governo, de educar os seus cidad\u00e3os dos 4 aos 17 anos. A educa\u00e7\u00e3o infantil, fase primordial da educa\u00e7\u00e3o b\u00e1sica, tem como objetivo o <\/span><a href=\"https:\/\/meumundopersonalizado.com.br\/blog\/como-a-natureza-beneficia-o-desenvolvimento-infantil\/?utm_source=blog&amp;utm_campaign=rc_blogpost\"><u>desenvolvimento<\/u><\/a><span> integral da crian\u00e7a, em todos os seus aspectos, diz a lei.<\/span><\/p>\n<p><span>Na escola, as crian\u00e7as come\u00e7am a aprender conceitos de n\u00fameros, letras e educa\u00e7\u00e3o psicomotora, o que ser\u00e1 essencial para obter o conhecimento posterior. Portanto, deve-se come\u00e7ar ap\u00f3s os 2 anos. Entre 0 e 2 anos, colocar a crian\u00e7a na escola depender\u00e1 das condi\u00e7\u00f5es da fam\u00edlia.<\/span><\/p>\n<p><span>N\u00e3o h\u00e1 um indicador que determine se seu filho est\u00e1 pronto para ir \u00e0 escola. Os especialistas est\u00e3o de acordo de que as necessidades de desenvolvimento da crian\u00e7a devem ser avaliadas em diferentes \u00e1reas.<\/span><\/p>\n<p><span>Todos os pais desejam que seu filho seja bem sucedido, e para isso, pensam que quanto mais cedo matricul\u00e1-lo numa institui\u00e7\u00e3o de ensino, mais \u00eaxito ter\u00e1. Por um lado, isso pode ser verdade em parte, pois a socializa\u00e7\u00e3o, a media\u00e7\u00e3o da aprendizagem e o contato com ambientes diferentes estimulam o desenvolvimento cognitivo da crian\u00e7a.<\/span><\/p>\n<p><span>Por outro lado, alguns pais ficam receosos em enviar os seus filhos muito cedo para a escola, pois temem que seus filhos possam desenvolver alguma patologia, j\u00e1 que possuem sistema imunol\u00f3gico fr\u00e1gil e est\u00e3o em contato direto com outros seres humanos. Sabe-se que as vacinas que a crian\u00e7a recebe at\u00e9 primeiro ano s\u00f3 podem surtir melhor efeito ap\u00f3s o segundo ano. Assim, ter cautela \u00e9 importante.<\/span><\/p>\n<p><span>Algumas institui\u00e7\u00f5es s\u00e3o aptas a receber crian\u00e7as, de acordo com sua especialidade e idade dos alunos. Dessa forma, \u00e9 poss\u00edvel matricular em creche, jardim de inf\u00e2ncia e col\u00e9gio. Acompanhe as especificidades de cada uma.<\/span><\/p>\n<h2><span>A creche<\/span><\/h2>\n<p><span>Normalmente, a idade mais adequada para que seu filho comece ir para a creche \u00e9 entre os 18 e 24 meses de idade. Leva-se em conta que, a partir dos 18 meses, o beb\u00ea possua mais autonomia: come\u00e7a a caminhar, diz as primeiras palavras, aprende a brincar com outras crian\u00e7as e o contato materno j\u00e1 n\u00e3o \u00e9 t\u00e3o necess\u00e1rio. <\/span><\/p>\n<p><span>Especialistas indicam que, durante os primeiros anos de vida, o melhor lugar para seu beb\u00ea \u00e9 a sua casa. A figura da m\u00e3e e do pai, ou na sua aus\u00eancia, de uma figura representativa que o beb\u00ea possa tomar como refer\u00eancia durante seus primeiros anos de vida, \u00e9 necess\u00e1ria para o desenvolvimento emocional do beb\u00ea.<\/span><\/p>\n<p><span>Mesmo tendo contato com profissionais da creche, que oferecem cuidados maternos, eles n\u00e3o suprem as necessidades do seu filho, pois o importante \u00e9 o <\/span><a href=\"https:\/\/meumundopersonalizado.com.br\/blog\/3-tecnicas-para-desenvolvimento-psiquico-das-criancas\/?utm_source=blog&amp;utm_campaign=rc_blogpost\"><u>desenvolvimento ps\u00edquico<\/u><\/a><span> e oferecer ao beb\u00ea o que ele necessita em termos de afeto. Portanto, quando a crian\u00e7a tem menos de 2 anos, o recomend\u00e1vel \u00e9 ficar em casa com seus pais.<\/span><\/p>\n<p><span>De todo modo, se n\u00e3o se pode estar com a crian\u00e7a durante os primeiros anos de vida, deve-se coloc\u00e1-lo numa creche. O lugar deve ser dirigido por profissionais especializados em atender a menores de 2 anos e que d\u00ea aten\u00e7\u00e3o individualizada e estimulante para que o beb\u00ea se sinta querido como se estivesse em casa. Uma boa pesquisa de mercado vale a pena.<\/span><\/p>\n<h2><span>O jardim de inf\u00e2ncia<\/span><\/h2>\n<p><span>No jardim de inf\u00e2ncia, a crian\u00e7a fica sob cuidado de profissionais especializados em ouvi-la e atender suas necessidades por meio de infraestrutura adequada tanto f\u00edsica quanto emocionalmente. Uma boa institui\u00e7\u00e3o deve ser sempre bem equipada, tanto em infraestrutura, quanto em pessoal.<\/span><\/p>\n<p><span>Os la\u00e7os da m\u00e3e com o filho, sobretudo nos primeiros anos de vida, s\u00e3o de fundamental import\u00e2ncia para a sua constitui\u00e7\u00e3o ps\u00edquica. Somente aquela m\u00e3e que n\u00e3o tem nenhuma outra alternativa pode pensar em separar-se do seu filho, colocando-o numa institui\u00e7\u00e3o.<\/span><\/p>\n<p><span>Ainda assim, \u00e9 prefer\u00edvel que a crian\u00e7a continue no seio familiar com tias ou av\u00f3s. Contudo, se matricular o filho num jardim de inf\u00e2ncia \u00e9 a \u00fanica alternativa, a m\u00e3e pode faz\u00ea-lo sem culpa ou receio, pois \u00e9 parte constituinte da sociedade moderna tal comportamento.<\/span><\/p>\n<p><span>Se a m\u00e3e deseja enviar o filho para o jardim de inf\u00e2ncia, porque trabalha e n\u00e3o tem outra op\u00e7\u00e3o, sugere-se buscar espa\u00e7os que deem op\u00e7\u00e3o de livre tr\u00e2mite \u00e0 crian\u00e7a. Al\u00e9m disso, esses locais devem incentivar a participa\u00e7\u00e3o de m\u00e3es, pais e av\u00f3s nas atividades. At\u00e9 os 3 anos de idades, a crian\u00e7a necessita de condi\u00e7\u00f5es ideais para o seu desenvolvimento saud\u00e1vel. Enfim, o ambiente deve ser o mais acolhedor poss\u00edvel, mas j\u00e1 com algumas caracter\u00edsticas de escola.<\/span><\/p>\n<p><span>A idade dos 3 aos 5 anos \u00e9 a melhor fase para a socializa\u00e7\u00e3o no jardim de inf\u00e2ncia. Deve-se lembrar que, at\u00e9 a escola prim\u00e1ria, n\u00e3o \u00e9 interessante que se exija da crian\u00e7a mais do que ela possa dar, caso contr\u00e1rio ela amadurecer\u00e1 precocemente.<\/span><\/p>\n<p><span>As crian\u00e7as s\u00e3o curiosas por natureza; deve-se estimular a curiosidade delas, mas n\u00e3o for\u00e7ar a aprendizagem, com <\/span><a href=\"https:\/\/meumundopersonalizado.com.br\/blog\/volta-as-aulas-aprenda-a-organizar-rotina-do-seu-filho\/?utm_source=blog&amp;utm_campaign=rc_blogpost\"><u>hor\u00e1rios e disciplinas<\/u><\/a><span> r\u00edgidos, nem fazer uso de repeti\u00e7\u00f5es ou est\u00edmulo-resposta na aquisi\u00e7\u00e3o de conhecimentos.<\/span><\/p>\n<h2><span>O col\u00e9gio<\/span><\/h2>\n<p><span>Se j\u00e1 passou a fase do jardim de inf\u00e2ncia, o col\u00e9gio \u00e9 a op\u00e7\u00e3o. Ali\u00e1s, \u00e9 obriga\u00e7\u00e3o, segundo a lei. H\u00e1 uma s\u00e9rie de fatores sociais, acad\u00eamicos e de desenvolvimento que devem ser considerados na hora de decidir matricular o seu filho na escola:<\/span><\/p>\n<ul>\n<li>\n<p><span>Entusiasmo para aprender. Ele gosta de explorar e descobrir coisas? O seu filho faz muitas perguntas? \u00c9 persistente quando encontra alguma dificuldade?<\/span><\/p>\n<\/li>\n<li>\n<p><span>Habilidades de <\/span><a href=\"https:\/\/meumundopersonalizado.com.br\/blog\/entenda-a-influencia-dos-idiomas-no-desenvolvimento-infantil\/?utm_source=blog&amp;utm_campaign=rc_blogpost\"><u>linguagem<\/u><\/a><span>. Sabe comunicar as suas necessidades? Expressa seus sentimentos de forma apropriada?<\/span><\/p>\n<\/li>\n<li>\n<p><span>Habilidade de escuta. Consegue seguir instru\u00e7\u00f5es simples? D\u00e1 conta de ouvir uma hist\u00f3ria inteira sem interromper? <\/span><\/p>\n<\/li>\n<li>\n<p><span>Desejo de independ\u00eancia. Consegue ficar longe dos pais durante o dia? Sabe cuidar dos seus objetos pessoais? Consegue seguir duas instru\u00e7\u00f5es seguidas? Cuida da higiene pessoal sem ajuda?<\/span><\/p>\n<\/li>\n<li>\n<p><span>Habilidade de intera\u00e7\u00e3o com outras crian\u00e7as e adultos. Consegue dividir, participar de grupos e solucionar problemas com outras pessoas?<\/span><\/p>\n<\/li>\n<li>\n<p><span>Habilidades motoras com as m\u00e3os. \u00c9 capaz de segurar e utilizar o l\u00e1pis? Sabe cortar com tesoura? Est\u00e1 aprendendo a escrever o nome?<\/span><\/p>\n<\/li>\n<li>\n<p><span>Conhecimento b\u00e1sico de letras e n\u00fameros. \u00c9 capaz de recitar o alfabeto e reconhecer algumas letras? Pode contar at\u00e9 10 e identificar os n\u00fameros de 1 a 5?<\/span><\/p>\n<\/li>\n<\/ul>\n<p><span>Enfim, o ingresso da crian\u00e7a no sistema educacional representa um momento desafiante para as fam\u00edlias. N\u00e3o s\u00f3 para os protagonistas que s\u00e3o as crian\u00e7as, mas para pais e m\u00e3es. Ver seu filho sair de casa pela primeira vez, para ficar sob cuidados de terceiros, implica num ato de confian\u00e7a muito importante.<\/span><\/p>\n<p><span>Para decidir corretamente \u00e9 muito importante dispor de boas informa\u00e7\u00f5es, conhecer a institui\u00e7\u00e3o mais adequada para o seu filho, bem como os profissionais que ali trabalham. Uma vez decidido, cabe a voc\u00ea confiar e proporcionar condi\u00e7\u00f5es para que a separa\u00e7\u00e3o n\u00e3o seja t\u00e3o forte para voc\u00ea e para ele. E que a escola possa ser um lugar aconchegante.<\/span><\/p>\n<p><span>Esperamos que voc\u00ea tenha gostado de saber mais sobre a idade certa para colocar o seu filho na escola. Para ter acesso a outros conte\u00fados como este, siga-nos no <\/span><a href=\"https:\/\/www.facebook.com\/MeuMundoPersonalizado?utm_source=blog&amp;utm_campaign=rc_blogpost\"><u>Facebook<\/u><\/a><span>, no <\/span><a href=\"https:\/\/twitter.com\/MMPersonalizado?utm_source=blog&amp;utm_campaign=rc_blogpost\"><u>Twitter<\/u><\/a><span> e no <\/span><u><a href=\"https:\/\/www.instagram.com\/meumundopersonalizado_br\/?utm_source=blog&amp;utm_campaign=rc_blogpost\">Instagram<\/a><font color=\"#000000\">.<\/font><\/u><\/p>\n","protected":false},"excerpt":{"rendered":"<p>Vivenciamos uma \u00e9poca em que a escolariza\u00e7\u00e3o dos filhos \u00e9 uma preocupa\u00e7\u00e3o cada vez mais constante para os pais. Desde j\u00e1, anunciamos que n\u00e3o existe idade ideal para colocar uma crian\u00e7a na escola. A idade de in\u00edcio da escolariza\u00e7\u00e3o obrigat\u00f3ria, segundo a legisla\u00e7\u00e3o brasileira atual, \u00e9 aos 4 anos, mas os especialistas explicam que desde&#8230;<\/p>\n","protected":false},"author":0,"featured_media":562,"comment_status":"open","ping_status":"open","sticky":false,"template":"","format":"standard","meta":{"footnotes":""},"categories":[14],"tags":[],"class_list":["post-561","post","type-post","status-publish","format-standard","has-post-thumbnail","hentry","category-bem-estar-e-comportamento","main-post"],"yoast_head":"<!-- This site is optimized with the Yoast SEO plugin v14.1 - https:\/\/yoast.com\/wordpress\/plugins\/seo\/ -->\n<title>Quando \u00e9 o momento ideal de colocar seu filho na escola? - Blog Meu Mundo Personalizado<\/title>\n<meta name=\"robots\" content=\"index, follow\" \/>\n<meta name=\"googlebot\" content=\"index, follow, max-snippet:-1, max-image-preview:large, max-video-preview:-1\" \/>\n<meta name=\"bingbot\" content=\"index, follow, max-snippet:-1, max-image-preview:large, max-video-preview:-1\" \/>\n<link rel=\"canonical\" href=\"https:\/\/meumundopersonalizado.com.br\/blog\/quando-e-o-momento-ideal-de-colocar-seu-filho-na-escola\/\" \/>\n<meta property=\"og:locale\" content=\"pt_BR\" \/>\n<meta property=\"og:type\" content=\"article\" \/>\n<meta property=\"og:title\" content=\"Quando \u00e9 o momento ideal de colocar seu filho na escola? - Blog Meu Mundo Personalizado\" \/>\n<meta property=\"og:description\" content=\"Vivenciamos uma \u00e9poca em que a escolariza\u00e7\u00e3o dos filhos \u00e9 uma preocupa\u00e7\u00e3o cada vez mais constante para os pais. Desde j\u00e1, anunciamos que n\u00e3o existe idade ideal para colocar uma crian\u00e7a na escola. A idade de in\u00edcio da escolariza\u00e7\u00e3o obrigat\u00f3ria, segundo a legisla\u00e7\u00e3o brasileira atual, \u00e9 aos 4 anos, mas os especialistas explicam que desde...\" \/>\n<meta property=\"og:url\" content=\"https:\/\/meumundopersonalizado.com.br\/blog\/quando-e-o-momento-ideal-de-colocar-seu-filho-na-escola\/\" \/>\n<meta property=\"og:site_name\" content=\"Blog Meu Mundo Personalizado\" \/>\n<meta property=\"article:published_time\" content=\"2017-04-24T19:01:15+00:00\" \/>\n<meta property=\"og:image\" content=\"https:\/\/meumundopersonalizado.com.br\/blog\/wp-content\/uploads\/2017\/04\/73806-quando-e-o-momento-ideal-de-colocar-seu-filho-na-escola.jpg\" \/>\n\t<meta property=\"og:image:width\" content=\"1000\" \/>\n\t<meta property=\"og:image:height\" content=\"667\" \/>\n<meta name=\"twitter:card\" content=\"summary\" \/>\n<script type=\"application\/ld+json\" class=\"yoast-schema-graph\">{\"@context\":\"https:\/\/schema.org\",\"@graph\":[{\"@type\":\"Organization\",\"@id\":\"https:\/\/meumundopersonalizado.com.br\/blog\/#organization\",\"name\":\"Meu Mundo Personalizado\",\"url\":\"https:\/\/meumundopersonalizado.com.br\/blog\/\",\"sameAs\":[],\"logo\":{\"@type\":\"ImageObject\",\"@id\":\"https:\/\/meumundopersonalizado.com.br\/blog\/#logo\",\"inLanguage\":\"pt-BR\",\"url\":\"https:\/\/meumundopersonalizado.com.br\/blog\/wp-content\/uploads\/2016\/06\/Logo-transparent-background.png\",\"width\":600,\"height\":600,\"caption\":\"Meu Mundo Personalizado\"},\"image\":{\"@id\":\"https:\/\/meumundopersonalizado.com.br\/blog\/#logo\"}},{\"@type\":\"WebSite\",\"@id\":\"https:\/\/meumundopersonalizado.com.br\/blog\/#website\",\"url\":\"https:\/\/meumundopersonalizado.com.br\/blog\/\",\"name\":\"Blog Meu Mundo Personalizado\",\"description\":\"Ideias e Novidades\",\"publisher\":{\"@id\":\"https:\/\/meumundopersonalizado.com.br\/blog\/#organization\"},\"potentialAction\":[{\"@type\":\"SearchAction\",\"target\":\"https:\/\/meumundopersonalizado.com.br\/blog\/?s={search_term_string}\",\"query-input\":\"required name=search_term_string\"}],\"inLanguage\":\"pt-BR\"},{\"@type\":\"ImageObject\",\"@id\":\"https:\/\/meumundopersonalizado.com.br\/blog\/quando-e-o-momento-ideal-de-colocar-seu-filho-na-escola\/#primaryimage\",\"inLanguage\":\"pt-BR\",\"url\":\"https:\/\/meumundopersonalizado.com.br\/blog\/wp-content\/uploads\/2017\/04\/73806-quando-e-o-momento-ideal-de-colocar-seu-filho-na-escola.jpg\",\"width\":1000,\"height\":667},{\"@type\":\"WebPage\",\"@id\":\"https:\/\/meumundopersonalizado.com.br\/blog\/quando-e-o-momento-ideal-de-colocar-seu-filho-na-escola\/#webpage\",\"url\":\"https:\/\/meumundopersonalizado.com.br\/blog\/quando-e-o-momento-ideal-de-colocar-seu-filho-na-escola\/\",\"name\":\"Quando \\u00e9 o momento ideal de colocar seu filho na escola? - Blog Meu Mundo Personalizado\",\"isPartOf\":{\"@id\":\"https:\/\/meumundopersonalizado.com.br\/blog\/#website\"},\"primaryImageOfPage\":{\"@id\":\"https:\/\/meumundopersonalizado.com.br\/blog\/quando-e-o-momento-ideal-de-colocar-seu-filho-na-escola\/#primaryimage\"},\"datePublished\":\"2017-04-24T19:01:15+00:00\",\"dateModified\":\"2017-04-24T19:01:15+00:00\",\"inLanguage\":\"pt-BR\",\"potentialAction\":[{\"@type\":\"ReadAction\",\"target\":[\"https:\/\/meumundopersonalizado.com.br\/blog\/quando-e-o-momento-ideal-de-colocar-seu-filho-na-escola\/\"]}]},{\"@type\":\"Article\",\"@id\":\"https:\/\/meumundopersonalizado.com.br\/blog\/quando-e-o-momento-ideal-de-colocar-seu-filho-na-escola\/#article\",\"isPartOf\":{\"@id\":\"https:\/\/meumundopersonalizado.com.br\/blog\/quando-e-o-momento-ideal-de-colocar-seu-filho-na-escola\/#webpage\"},\"author\":{\"@id\":\"\"},\"headline\":\"Quando \\u00e9 o momento ideal de colocar seu filho na escola?\",\"datePublished\":\"2017-04-24T19:01:15+00:00\",\"dateModified\":\"2017-04-24T19:01:15+00:00\",\"commentCount\":0,\"mainEntityOfPage\":{\"@id\":\"https:\/\/meumundopersonalizado.com.br\/blog\/quando-e-o-momento-ideal-de-colocar-seu-filho-na-escola\/#webpage\"},\"publisher\":{\"@id\":\"https:\/\/meumundopersonalizado.com.br\/blog\/#organization\"},\"image\":{\"@id\":\"https:\/\/meumundopersonalizado.com.br\/blog\/quando-e-o-momento-ideal-de-colocar-seu-filho-na-escola\/#primaryimage\"},\"articleSection\":\"Bem-estar e Comportamento\",\"inLanguage\":\"pt-BR\",\"potentialAction\":[{\"@type\":\"CommentAction\",\"name\":\"Comment\",\"target\":[\"https:\/\/meumundopersonalizado.com.br\/blog\/quando-e-o-momento-ideal-de-colocar-seu-filho-na-escola\/#respond\"]}]}]}<\/script>\n<!-- \/ Yoast SEO plugin. -->","_links":{"self":[{"href":"https:\/\/meumundopersonalizado.com.br\/blog\/wp-json\/wp\/v2\/posts\/561"}],"collection":[{"href":"https:\/\/meumundopersonalizado.com.br\/blog\/wp-json\/wp\/v2\/posts"}],"about":[{"href":"https:\/\/meumundopersonalizado.com.br\/blog\/wp-json\/wp\/v2\/types\/post"}],"replies":[{"embeddable":true,"href":"https:\/\/meumundopersonalizado.com.br\/blog\/wp-json\/wp\/v2\/comments?post=561"}],"version-history":[{"count":0,"href":"https:\/\/meumundopersonalizado.com.br\/blog\/wp-json\/wp\/v2\/posts\/561\/revisions"}],"wp:featuredmedia":[{"embeddable":true,"href":"https:\/\/meumundopersonalizado.com.br\/blog\/wp-json\/wp\/v2\/media\/562"}],"wp:attachment":[{"href":"https:\/\/meumundopersonalizado.com.br\/blog\/wp-json\/wp\/v2\/media?parent=561"}],"wp:term":[{"taxonomy":"category","embeddable":true,"href":"https:\/\/meumundopersonalizado.com.br\/blog\/wp-json\/wp\/v2\/categories?post=561"},{"taxonomy":"post_tag","embeddable":true,"href":"https:\/\/meumundopersonalizado.com.br\/blog\/wp-json\/wp\/v2\/tags?post=561"}],"curies":[{"name":"wp","href":"https:\/\/api.w.org\/{rel}","templated":true}]}}