{"id":563,"date":"2017-04-25T17:33:51","date_gmt":"2017-04-25T20:33:51","guid":{"rendered":"https:\/\/meumundopersonalizado.com.br\/blog\/conheca-os-beneficios-da-vitamina-d-para-as-criancas\/"},"modified":"2017-07-04T20:17:17","modified_gmt":"2017-07-04T23:17:17","slug":"conheca-os-beneficios-da-vitamina-d-para-as-criancas","status":"publish","type":"post","link":"https:\/\/meumundopersonalizado.com.br\/blog\/conheca-os-beneficios-da-vitamina-d-para-as-criancas\/","title":{"rendered":"Conhe\u00e7a os benef\u00edcios da vitamina D para as crian\u00e7as"},"content":{"rendered":"<p>A vitamina D atua em diversos sistemas do nosso organismo, por isso sua suplementa\u00e7\u00e3o \u00e9 t\u00e3o necess\u00e1ria para a sa\u00fade e deve ser feita ainda na inf\u00e2ncia. Tamb\u00e9m conhecida como vitamina do sol, a subst\u00e2ncia, na verdade, \u00e9 um horm\u00f4nio.<\/p>\n<p>Al\u00e9m de trabalhar na fixa\u00e7\u00e3o do c\u00e1lcio, a vitamina D est\u00e1 presente no processo de diferencia\u00e7\u00e3o celular e tem papel importante nos sistemas imunol\u00f3gico, metab\u00f3lico e cardiovascular.<\/p>\n<p><!--more--><\/p>\n<p>Entenda abaixo todos os benef\u00edcios da vitamina D para as crian\u00e7as, por quanto tempo elas devem tomar, como obter a subst\u00e2ncia e os problemas que seu excesso pode causar:<\/p>\n<h2>Quais s\u00e3o os benef\u00edcios da vitamina D para as crian\u00e7as?<\/h2>\n<p>A vitamina D \u00e9 muito importante para o desenvolvimento das crian\u00e7as porque atua na forma\u00e7\u00e3o dos ossos e dentes. Como nos primeiros anos de vida a crian\u00e7a est\u00e1 em constante crescimento, \u00e9 importante garantir a sa\u00fade da sua estrutura \u00f3ssea.<\/p>\n<p>A falta da vitamina D pode deixar a crian\u00e7a mais vulner\u00e1vel a fraturas e ao raquitismo (enfraquecimento dos ossos). H\u00e1 estudos que apontam que a car\u00eancia do nutriente tem rela\u00e7\u00e3o com o desenvolvimento do diabetes tipo 1, infec\u00e7\u00f5es respirat\u00f3rias, doen\u00e7as autoimunes e obesidade.<\/p>\n<h3>Ainda no \u00fatero<\/h3>\n<p>Ali\u00e1s, o impacto da vitamina D come\u00e7a ainda no \u00fatero: a gestante que toma vitamina D diminui os riscos de o beb\u00ea desenvolver alergias e outras doen\u00e7as respirat\u00f3rias. Na gravidez, a subst\u00e2ncia previne tamb\u00e9m o diabetes gestacional, pr\u00e9-ecl\u00e2mpsia e o parto prematuro.<\/p>\n<h2>Como obter vitamina D?<\/h2>\n<p>O melhor jeito de se obter a vitamina D \u00e9 se expondo ao sol: os raios UVB s\u00e3o respons\u00e1veis por ativar sua s\u00edntese no corpo e podem responder por at\u00e9 90% de nossas necessidades di\u00e1rias. Apenas 15 minutos di\u00e1rios com \u00e1reas do corpo descobertas s\u00e3o suficientes.<\/p>\n<p>Por\u00e9m, o grande problema \u00e9 que o melhor per\u00edodo do dia para fazer a s\u00edntese da vitamina D \u00e9 entre 10h e 15h, faixa de hor\u00e1rio perigosa por conta dos riscos do c\u00e2ncer de pele.<\/p>\n<h3>Presente em alguns alimentos<\/h3>\n<p>A subst\u00e2ncia tamb\u00e9m est\u00e1 presente, em doses bem baixas, em peixes gordos, como salm\u00e3o, sardinha e atum, al\u00e9m de ovos e derivados do leite. Por\u00e9m, receber a vitamina D por meio da alimenta\u00e7\u00e3o n\u00e3o supre nem 10% das necessidades di\u00e1rias de uma crian\u00e7a, por isso a import\u00e2ncia dos suplementos.<\/p>\n<h2>Em que idade deve ser feita a suplementa\u00e7\u00e3o em crian\u00e7as?<\/h2>\n<p>A <a href=\"https:\/\/www.sbp.com.br\/entrevistas-direto-ao-ponto\/vitamina-d-em-criancas-e-adolescentes\/?utm_source=blog&amp;utm_campaign=rc_blogpost\">Sociedade Brasileira de Pediatria (SBP) <\/a>recomenda a suplementa\u00e7\u00e3o da subst\u00e2ncia para o beb\u00ea que mama no peito a partir da primeira semana de vida. J\u00e1 para aqueles que tomam f\u00f3rmula, a entidade indica que o pediatra verifique o quanto ele est\u00e1 recebendo para que complete a dose do nutriente.<\/p>\n<p>Para a SBP, \u00e9 necess\u00e1ria a suplementa\u00e7\u00e3o di\u00e1ria de 400 UI de vitamina D do nascimento at\u00e9 o primeiro ano de vida, e de 600 UI para crian\u00e7as de 1 a 2 anos. Ap\u00f3s os 2 anos, recomenda-se <a href=\"https:\/\/meumundopersonalizado.com.br\/blog\/7-brincadeiras-de-rua-para-ensinar-para-o-seu-filho\/?utm_source=blog&amp;utm_campaign=rc_blogpost\">brincadeiras fora de casa<\/a> para que o pequeno se exponha ao sol, bem como uma alimenta\u00e7\u00e3o rica em nutrientes.<\/p>\n<h2>Por que o excesso da vitamina D \u00e9 perigoso?<\/h2>\n<p>Tomar vitamina D em excesso leva \u00e0 alta absor\u00e7\u00e3o de c\u00e1lcio, podendo ocasionar problemas renais e hep\u00e1ticos. Por isso, nunca d\u00ea o suplemento para o seu filho sem orienta\u00e7\u00e3o m\u00e9dica.<\/p>\n<p>Nosso conte\u00fado de sa\u00fade foi \u00fatil para voc\u00ea? Aproveite e compartilhe nossas dicas nas redes sociais!<\/p>\n","protected":false},"excerpt":{"rendered":"<p>A vitamina D atua em diversos sistemas do nosso organismo, por isso sua suplementa\u00e7\u00e3o \u00e9 t\u00e3o necess\u00e1ria para a sa\u00fade e deve ser feita ainda na inf\u00e2ncia. Tamb\u00e9m conhecida como vitamina do sol, a subst\u00e2ncia, na verdade, \u00e9 um horm\u00f4nio. Al\u00e9m de trabalhar na fixa\u00e7\u00e3o do c\u00e1lcio, a vitamina D est\u00e1 presente no processo de&#8230;<\/p>\n","protected":false},"author":8,"featured_media":564,"comment_status":"open","ping_status":"open","sticky":false,"template":"","format":"standard","meta":{"footnotes":""},"categories":[14],"tags":[],"class_list":["post-563","post","type-post","status-publish","format-standard","has-post-thumbnail","hentry","category-bem-estar-e-comportamento","main-post"],"yoast_head":"<!-- This site is optimized with the Yoast SEO plugin v14.1 - https:\/\/yoast.com\/wordpress\/plugins\/seo\/ -->\n<title>Conhe\u00e7a os benef\u00edcios da vitamina D para as crian\u00e7as - Blog Meu Mundo Personalizado<\/title>\n<meta name=\"description\" content=\"Entenda lendo este post sobre os benef\u00edcios da vitamina D p\/ as crian\u00e7as, por quanto tempo elas devem tomar, como obt\u00ea-la e os problemas que seu excesso pode causar.\" \/>\n<meta name=\"robots\" content=\"index, follow\" \/>\n<meta name=\"googlebot\" content=\"index, follow, max-snippet:-1, max-image-preview:large, max-video-preview:-1\" \/>\n<meta name=\"bingbot\" content=\"index, follow, max-snippet:-1, max-image-preview:large, max-video-preview:-1\" \/>\n<link rel=\"canonical\" href=\"https:\/\/meumundopersonalizado.com.br\/blog\/conheca-os-beneficios-da-vitamina-d-para-as-criancas\/\" \/>\n<meta property=\"og:locale\" content=\"pt_BR\" \/>\n<meta property=\"og:type\" content=\"article\" \/>\n<meta property=\"og:title\" content=\"Conhe\u00e7a os benef\u00edcios da vitamina D para as crian\u00e7as - Blog Meu Mundo Personalizado\" \/>\n<meta property=\"og:description\" content=\"Entenda lendo este post sobre os benef\u00edcios da vitamina D p\/ as crian\u00e7as, por quanto tempo elas devem tomar, como obt\u00ea-la e os problemas que seu excesso pode causar.\" \/>\n<meta property=\"og:url\" content=\"https:\/\/meumundopersonalizado.com.br\/blog\/conheca-os-beneficios-da-vitamina-d-para-as-criancas\/\" \/>\n<meta property=\"og:site_name\" content=\"Blog Meu Mundo Personalizado\" \/>\n<meta property=\"article:published_time\" content=\"2017-04-25T20:33:51+00:00\" \/>\n<meta property=\"article:modified_time\" content=\"2017-07-04T23:17:17+00:00\" \/>\n<meta property=\"og:image\" content=\"https:\/\/meumundopersonalizado.com.br\/blog\/wp-content\/uploads\/2017\/04\/84357-conheca-os-beneficios-da-vitamina-d-para-as-criancas.jpg\" \/>\n\t<meta property=\"og:image:width\" content=\"1999\" \/>\n\t<meta property=\"og:image:height\" content=\"1333\" \/>\n<meta name=\"twitter:card\" content=\"summary\" \/>\n<script type=\"application\/ld+json\" class=\"yoast-schema-graph\">{\"@context\":\"https:\/\/schema.org\",\"@graph\":[{\"@type\":\"Organization\",\"@id\":\"https:\/\/meumundopersonalizado.com.br\/blog\/#organization\",\"name\":\"Meu Mundo Personalizado\",\"url\":\"https:\/\/meumundopersonalizado.com.br\/blog\/\",\"sameAs\":[],\"logo\":{\"@type\":\"ImageObject\",\"@id\":\"https:\/\/meumundopersonalizado.com.br\/blog\/#logo\",\"inLanguage\":\"pt-BR\",\"url\":\"https:\/\/meumundopersonalizado.com.br\/blog\/wp-content\/uploads\/2016\/06\/Logo-transparent-background.png\",\"width\":600,\"height\":600,\"caption\":\"Meu Mundo Personalizado\"},\"image\":{\"@id\":\"https:\/\/meumundopersonalizado.com.br\/blog\/#logo\"}},{\"@type\":\"WebSite\",\"@id\":\"https:\/\/meumundopersonalizado.com.br\/blog\/#website\",\"url\":\"https:\/\/meumundopersonalizado.com.br\/blog\/\",\"name\":\"Blog Meu Mundo Personalizado\",\"description\":\"Ideias e Novidades\",\"publisher\":{\"@id\":\"https:\/\/meumundopersonalizado.com.br\/blog\/#organization\"},\"potentialAction\":[{\"@type\":\"SearchAction\",\"target\":\"https:\/\/meumundopersonalizado.com.br\/blog\/?s={search_term_string}\",\"query-input\":\"required name=search_term_string\"}],\"inLanguage\":\"pt-BR\"},{\"@type\":\"ImageObject\",\"@id\":\"https:\/\/meumundopersonalizado.com.br\/blog\/conheca-os-beneficios-da-vitamina-d-para-as-criancas\/#primaryimage\",\"inLanguage\":\"pt-BR\",\"url\":\"https:\/\/meumundopersonalizado.com.br\/blog\/wp-content\/uploads\/2017\/04\/84357-conheca-os-beneficios-da-vitamina-d-para-as-criancas.jpg\",\"width\":1999,\"height\":1333,\"caption\":\"Benef\\u00edcios D para as crian\\u00e7as\"},{\"@type\":\"WebPage\",\"@id\":\"https:\/\/meumundopersonalizado.com.br\/blog\/conheca-os-beneficios-da-vitamina-d-para-as-criancas\/#webpage\",\"url\":\"https:\/\/meumundopersonalizado.com.br\/blog\/conheca-os-beneficios-da-vitamina-d-para-as-criancas\/\",\"name\":\"Conhe\\u00e7a os benef\\u00edcios da vitamina D para as crian\\u00e7as - Blog Meu Mundo Personalizado\",\"isPartOf\":{\"@id\":\"https:\/\/meumundopersonalizado.com.br\/blog\/#website\"},\"primaryImageOfPage\":{\"@id\":\"https:\/\/meumundopersonalizado.com.br\/blog\/conheca-os-beneficios-da-vitamina-d-para-as-criancas\/#primaryimage\"},\"datePublished\":\"2017-04-25T20:33:51+00:00\",\"dateModified\":\"2017-07-04T23:17:17+00:00\",\"description\":\"Entenda lendo este post sobre os benef\\u00edcios da vitamina D p\/ as crian\\u00e7as, por quanto tempo elas devem tomar, como obt\\u00ea-la e os problemas que seu excesso pode causar.\",\"inLanguage\":\"pt-BR\",\"potentialAction\":[{\"@type\":\"ReadAction\",\"target\":[\"https:\/\/meumundopersonalizado.com.br\/blog\/conheca-os-beneficios-da-vitamina-d-para-as-criancas\/\"]}]},{\"@type\":\"Article\",\"@id\":\"https:\/\/meumundopersonalizado.com.br\/blog\/conheca-os-beneficios-da-vitamina-d-para-as-criancas\/#article\",\"isPartOf\":{\"@id\":\"https:\/\/meumundopersonalizado.com.br\/blog\/conheca-os-beneficios-da-vitamina-d-para-as-criancas\/#webpage\"},\"author\":{\"@id\":\"https:\/\/meumundopersonalizado.com.br\/blog\/#\/schema\/person\/a4b9fb62ff169939ab37204f837678fb\"},\"headline\":\"Conhe\\u00e7a os benef\\u00edcios da vitamina D para as crian\\u00e7as\",\"datePublished\":\"2017-04-25T20:33:51+00:00\",\"dateModified\":\"2017-07-04T23:17:17+00:00\",\"commentCount\":0,\"mainEntityOfPage\":{\"@id\":\"https:\/\/meumundopersonalizado.com.br\/blog\/conheca-os-beneficios-da-vitamina-d-para-as-criancas\/#webpage\"},\"publisher\":{\"@id\":\"https:\/\/meumundopersonalizado.com.br\/blog\/#organization\"},\"image\":{\"@id\":\"https:\/\/meumundopersonalizado.com.br\/blog\/conheca-os-beneficios-da-vitamina-d-para-as-criancas\/#primaryimage\"},\"articleSection\":\"Bem-estar e Comportamento\",\"inLanguage\":\"pt-BR\",\"potentialAction\":[{\"@type\":\"CommentAction\",\"name\":\"Comment\",\"target\":[\"https:\/\/meumundopersonalizado.com.br\/blog\/conheca-os-beneficios-da-vitamina-d-para-as-criancas\/#respond\"]}]},{\"@type\":[\"Person\"],\"@id\":\"https:\/\/meumundopersonalizado.com.br\/blog\/#\/schema\/person\/a4b9fb62ff169939ab37204f837678fb\",\"name\":\"Meu Mundo Personalizado\",\"image\":{\"@type\":\"ImageObject\",\"@id\":\"https:\/\/meumundopersonalizado.com.br\/blog\/#personlogo\",\"inLanguage\":\"pt-BR\",\"url\":\"https:\/\/secure.gravatar.com\/avatar\/f8a7230fe1a7085ce436609e79559303?s=96&d=mm&r=g\",\"caption\":\"Meu Mundo Personalizado\"}}]}<\/script>\n<!-- \/ Yoast SEO plugin. -->","_links":{"self":[{"href":"https:\/\/meumundopersonalizado.com.br\/blog\/wp-json\/wp\/v2\/posts\/563"}],"collection":[{"href":"https:\/\/meumundopersonalizado.com.br\/blog\/wp-json\/wp\/v2\/posts"}],"about":[{"href":"https:\/\/meumundopersonalizado.com.br\/blog\/wp-json\/wp\/v2\/types\/post"}],"author":[{"embeddable":true,"href":"https:\/\/meumundopersonalizado.com.br\/blog\/wp-json\/wp\/v2\/users\/8"}],"replies":[{"embeddable":true,"href":"https:\/\/meumundopersonalizado.com.br\/blog\/wp-json\/wp\/v2\/comments?post=563"}],"version-history":[{"count":2,"href":"https:\/\/meumundopersonalizado.com.br\/blog\/wp-json\/wp\/v2\/posts\/563\/revisions"}],"predecessor-version":[{"id":643,"href":"https:\/\/meumundopersonalizado.com.br\/blog\/wp-json\/wp\/v2\/posts\/563\/revisions\/643"}],"wp:featuredmedia":[{"embeddable":true,"href":"https:\/\/meumundopersonalizado.com.br\/blog\/wp-json\/wp\/v2\/media\/564"}],"wp:attachment":[{"href":"https:\/\/meumundopersonalizado.com.br\/blog\/wp-json\/wp\/v2\/media?parent=563"}],"wp:term":[{"taxonomy":"category","embeddable":true,"href":"https:\/\/meumundopersonalizado.com.br\/blog\/wp-json\/wp\/v2\/categories?post=563"},{"taxonomy":"post_tag","embeddable":true,"href":"https:\/\/meumundopersonalizado.com.br\/blog\/wp-json\/wp\/v2\/tags?post=563"}],"curies":[{"name":"wp","href":"https:\/\/api.w.org\/{rel}","templated":true}]}}