{"id":567,"date":"2017-05-05T13:13:43","date_gmt":"2017-05-05T16:13:43","guid":{"rendered":"https:\/\/meumundopersonalizado.com.br\/blog\/saude-infantil-cuidados-especiais-que-se-deve-tomar-com-os-pequenos-no-inverno\/"},"modified":"2017-05-05T13:13:43","modified_gmt":"2017-05-05T16:13:43","slug":"saude-infantil-cuidados-especiais-que-se-deve-tomar-com-os-pequenos-no-inverno","status":"publish","type":"post","link":"https:\/\/meumundopersonalizado.com.br\/blog\/saude-infantil-cuidados-especiais-que-se-deve-tomar-com-os-pequenos-no-inverno\/","title":{"rendered":"Sa\u00fade infantil: cuidados especiais que se deve tomar com os pequenos no inverno"},"content":{"rendered":"<p>O inverno \u00e9 conhecido como a \u00e9poca mais aconchegante do ano. Mas ele tamb\u00e9m tem a fama de ser a esta\u00e7\u00e3o dos resfriados, inflama\u00e7\u00f5es de garganta e outros problemas respirat\u00f3rios. Nesse momento, a sa\u00fade infantil deve estar em alerta.<\/p>\n<p>Os pais precisam tomar alguns cuidados para n\u00e3o deixarem seus filhos ainda mais vulner\u00e1veis nessa \u00e9poca do ano. Evitar lugares cheios de gente e manter a limpeza contra \u00e1caros podem garantir uma inverno livre de infec\u00e7\u00f5es.<\/p>\n<p>Quer saber mais? Acompanhe este artigo\u00a0e conhe\u00e7a algumas maneiras de preparar o seu filho para o inverno!<\/p>\n<h2>Coloque camadas de roupas em seu filho<\/h2>\n<p>A melhor maneira de deixar o filho quentinho durante a esta\u00e7\u00e3o fria \u00e9 vesti-lo em camadas. Ou seja, comece colocando nas crian\u00e7as roupas mais leves at\u00e9 chegar \u00e0s\u00a0mais pesadas. Assim, se caso ele animar <a href=\"https:\/\/meumundopersonalizado.com.br\/blog\/7-brincadeiras-de-rua-para-ensinar-para-o-seu-filho\/?utm_source=blog&amp;utm_campaign=rc_blogpost\" target=\"_blank\">brincar com um amigo<\/a>, vai tirar apenas uma pe\u00e7a ou outra, ficando agasalhado por mais tempo.<\/p>\n<p>Sobre os tecidos para as roupas, h\u00e1 muitas op\u00e7\u00f5es e funcionalidades. Por exemplo, as roupas feitas de algod\u00e3o mant\u00eam a crian\u00e7a aquecida e permitem que ela transpira confortavelmente. Tecidos de l\u00e3 e de n\u00e1ilon podem ser usados para agasalhar melhor a crian\u00e7a, pois s\u00e3o mais consistentes do que as roupas de algod\u00e3o.<\/p>\n<p>Se caso for sair com a crian\u00e7a, n\u00e3o se esque\u00e7a de luvas e gorros. As extremidades do nosso corpo costumam ficar mais geladas e, por isso, a\u00a0crian\u00e7a\u00a0precisa\u00a0agasalhar essas partes para se sentir\u00a0mais confort\u00e1vel.<\/p>\n<h2>Evite levar a crian\u00e7a para grandes aglomera\u00e7\u00f5es<\/h2>\n<p>Em \u00e9pocas frias, os v\u00edrus causadores de resfriados costuma circular bem em lugares com muita gente reunida. Por isso, tenha a aten\u00e7\u00e3o redobrada para a sa\u00fade infantil e evite levar seus filhos para esses lugares.<\/p>\n<p>Se for para ficar em casa, n\u00e3o deixe tudo fechado. Mesmo com o frio l\u00e1 fora, \u00e9 interessante que as janelas fiquem um pouco abertas para que bact\u00e9rias e fungos n\u00e3o se alojem em alguns espa\u00e7os da sua resid\u00eancia.<\/p>\n<h2>Deixe o quarto da crian\u00e7a umidificado<\/h2>\n<p>O inverno \u00e9 uma esta\u00e7\u00e3o seca. Por conta disso,\u00a0\u00e9 comum muitas crian\u00e7as adquirirem irrita\u00e7\u00f5es na pele e nas mucosas. Para evitar isso, deixe sua casa com um n\u00edvel de umidade superior \u00e0 atmosfera.<\/p>\n<p>Distribua pelos c\u00f4modos umidificadores de\u00a0ambientes, principalmente no quarto do seu filho. Aproveite o clima gostoso e \u00famido para <a href=\"https:\/\/meumundopersonalizado.com.br\/blog\/conheca-4-livros-infantis-sobre-princesas\/?utm_source=blog&amp;utm_campaign=rc_blogpost\" target=\"_blank\">ler livros infantis<\/a> para a crian\u00e7a dormir.<\/p>\n<h2>Mantenha o quarto da crian\u00e7a mais arejado<\/h2>\n<p>Sabe os bichinhos de pel\u00facia, tapetes, almofadas e cortinas do quarto do seu filho? Durante o inverno, tenha aten\u00e7\u00e3o redobrada com a\u00a0limpeza desses objetos. Isso porque eles podem abrigar os famosos\u00a0\u00e1caros, agentes causadores da maioria das alergias respirat\u00f3rias. Utilize aspirador de p\u00f3 para fazer a limpeza do quarto. Assim, voc\u00ea evita espalhar a poeira para toda a casa.<\/p>\n<p>Essas foram algumas recomenda\u00e7\u00f5es necess\u00e1rias para a sa\u00fade infantil. \u00c9 importante tamb\u00e9m que a crian\u00e7a esteja bem alimentada durante o inverno. Afinal, a imunidade do corpo deve estar bem preparada para eventuais invasores. Prepare\u00a0<a href=\"https:\/\/meumundopersonalizado.com.br\/blog\/5-receitas-de-lanches-da-tarde-saudaveis-para-as-criancas\/?utm_source=blog&amp;utm_campaign=rc_blogpost\" target=\"_blank\">lanches da tarde saud\u00e1veis<\/a> para seu filho e deixe-o distante de problemas de sa\u00fade.<\/p>\n<p>E a\u00ed, como voc\u00ea tem preparado o seu filho para o inverno? Conte para a gente deixando o seu coment\u00e1rio aqui no post!<\/p>\n","protected":false},"excerpt":{"rendered":"<p>O inverno \u00e9 conhecido como a \u00e9poca mais aconchegante do ano. Mas ele tamb\u00e9m tem a fama de ser a esta\u00e7\u00e3o dos resfriados, inflama\u00e7\u00f5es de garganta e outros problemas respirat\u00f3rios. Nesse momento, a sa\u00fade infantil deve estar em alerta. Os pais precisam tomar alguns cuidados para n\u00e3o deixarem seus filhos ainda mais vulner\u00e1veis nessa \u00e9poca&#8230;<\/p>\n","protected":false},"author":0,"featured_media":568,"comment_status":"open","ping_status":"open","sticky":false,"template":"","format":"standard","meta":{"footnotes":""},"categories":[14],"tags":[],"class_list":["post-567","post","type-post","status-publish","format-standard","has-post-thumbnail","hentry","category-bem-estar-e-comportamento","main-post"],"yoast_head":"<!-- This site is optimized with the Yoast SEO plugin v14.1 - https:\/\/yoast.com\/wordpress\/plugins\/seo\/ -->\n<title>Sa\u00fade infantil: cuidados especiais que se deve tomar com os pequenos no inverno - Blog Meu Mundo Personalizado<\/title>\n<meta name=\"robots\" content=\"index, follow\" \/>\n<meta name=\"googlebot\" content=\"index, follow, max-snippet:-1, max-image-preview:large, max-video-preview:-1\" \/>\n<meta name=\"bingbot\" content=\"index, follow, max-snippet:-1, max-image-preview:large, max-video-preview:-1\" \/>\n<link rel=\"canonical\" href=\"https:\/\/meumundopersonalizado.com.br\/blog\/saude-infantil-cuidados-especiais-que-se-deve-tomar-com-os-pequenos-no-inverno\/\" \/>\n<meta property=\"og:locale\" content=\"pt_BR\" \/>\n<meta property=\"og:type\" content=\"article\" \/>\n<meta property=\"og:title\" content=\"Sa\u00fade infantil: cuidados especiais que se deve tomar com os pequenos no inverno - Blog Meu Mundo Personalizado\" \/>\n<meta property=\"og:description\" content=\"O inverno \u00e9 conhecido como a \u00e9poca mais aconchegante do ano. Mas ele tamb\u00e9m tem a fama de ser a esta\u00e7\u00e3o dos resfriados, inflama\u00e7\u00f5es de garganta e outros problemas respirat\u00f3rios. Nesse momento, a sa\u00fade infantil deve estar em alerta. Os pais precisam tomar alguns cuidados para n\u00e3o deixarem seus filhos ainda mais vulner\u00e1veis nessa \u00e9poca...\" \/>\n<meta property=\"og:url\" content=\"https:\/\/meumundopersonalizado.com.br\/blog\/saude-infantil-cuidados-especiais-que-se-deve-tomar-com-os-pequenos-no-inverno\/\" \/>\n<meta property=\"og:site_name\" content=\"Blog Meu Mundo Personalizado\" \/>\n<meta property=\"article:published_time\" content=\"2017-05-05T16:13:43+00:00\" \/>\n<meta property=\"og:image\" content=\"https:\/\/meumundopersonalizado.com.br\/blog\/wp-content\/uploads\/2017\/05\/85597-saude-infantil-voce-sabe-como-cuidar-do-seu-filho-no-inverno.jpg\" \/>\n\t<meta property=\"og:image:width\" content=\"1000\" \/>\n\t<meta property=\"og:image:height\" content=\"667\" \/>\n<meta name=\"twitter:card\" content=\"summary\" \/>\n<script type=\"application\/ld+json\" class=\"yoast-schema-graph\">{\"@context\":\"https:\/\/schema.org\",\"@graph\":[{\"@type\":\"Organization\",\"@id\":\"https:\/\/meumundopersonalizado.com.br\/blog\/#organization\",\"name\":\"Meu Mundo Personalizado\",\"url\":\"https:\/\/meumundopersonalizado.com.br\/blog\/\",\"sameAs\":[],\"logo\":{\"@type\":\"ImageObject\",\"@id\":\"https:\/\/meumundopersonalizado.com.br\/blog\/#logo\",\"inLanguage\":\"pt-BR\",\"url\":\"https:\/\/meumundopersonalizado.com.br\/blog\/wp-content\/uploads\/2016\/06\/Logo-transparent-background.png\",\"width\":600,\"height\":600,\"caption\":\"Meu Mundo Personalizado\"},\"image\":{\"@id\":\"https:\/\/meumundopersonalizado.com.br\/blog\/#logo\"}},{\"@type\":\"WebSite\",\"@id\":\"https:\/\/meumundopersonalizado.com.br\/blog\/#website\",\"url\":\"https:\/\/meumundopersonalizado.com.br\/blog\/\",\"name\":\"Blog Meu Mundo Personalizado\",\"description\":\"Ideias e Novidades\",\"publisher\":{\"@id\":\"https:\/\/meumundopersonalizado.com.br\/blog\/#organization\"},\"potentialAction\":[{\"@type\":\"SearchAction\",\"target\":\"https:\/\/meumundopersonalizado.com.br\/blog\/?s={search_term_string}\",\"query-input\":\"required name=search_term_string\"}],\"inLanguage\":\"pt-BR\"},{\"@type\":\"ImageObject\",\"@id\":\"https:\/\/meumundopersonalizado.com.br\/blog\/saude-infantil-cuidados-especiais-que-se-deve-tomar-com-os-pequenos-no-inverno\/#primaryimage\",\"inLanguage\":\"pt-BR\",\"url\":\"https:\/\/meumundopersonalizado.com.br\/blog\/wp-content\/uploads\/2017\/05\/85597-saude-infantil-voce-sabe-como-cuidar-do-seu-filho-no-inverno.jpg\",\"width\":1000,\"height\":667},{\"@type\":\"WebPage\",\"@id\":\"https:\/\/meumundopersonalizado.com.br\/blog\/saude-infantil-cuidados-especiais-que-se-deve-tomar-com-os-pequenos-no-inverno\/#webpage\",\"url\":\"https:\/\/meumundopersonalizado.com.br\/blog\/saude-infantil-cuidados-especiais-que-se-deve-tomar-com-os-pequenos-no-inverno\/\",\"name\":\"Sa\\u00fade infantil: cuidados especiais que se deve tomar com os pequenos no inverno - Blog Meu Mundo Personalizado\",\"isPartOf\":{\"@id\":\"https:\/\/meumundopersonalizado.com.br\/blog\/#website\"},\"primaryImageOfPage\":{\"@id\":\"https:\/\/meumundopersonalizado.com.br\/blog\/saude-infantil-cuidados-especiais-que-se-deve-tomar-com-os-pequenos-no-inverno\/#primaryimage\"},\"datePublished\":\"2017-05-05T16:13:43+00:00\",\"dateModified\":\"2017-05-05T16:13:43+00:00\",\"inLanguage\":\"pt-BR\",\"potentialAction\":[{\"@type\":\"ReadAction\",\"target\":[\"https:\/\/meumundopersonalizado.com.br\/blog\/saude-infantil-cuidados-especiais-que-se-deve-tomar-com-os-pequenos-no-inverno\/\"]}]},{\"@type\":\"Article\",\"@id\":\"https:\/\/meumundopersonalizado.com.br\/blog\/saude-infantil-cuidados-especiais-que-se-deve-tomar-com-os-pequenos-no-inverno\/#article\",\"isPartOf\":{\"@id\":\"https:\/\/meumundopersonalizado.com.br\/blog\/saude-infantil-cuidados-especiais-que-se-deve-tomar-com-os-pequenos-no-inverno\/#webpage\"},\"author\":{\"@id\":\"\"},\"headline\":\"Sa\\u00fade infantil: cuidados especiais que se deve tomar com os pequenos no inverno\",\"datePublished\":\"2017-05-05T16:13:43+00:00\",\"dateModified\":\"2017-05-05T16:13:43+00:00\",\"commentCount\":0,\"mainEntityOfPage\":{\"@id\":\"https:\/\/meumundopersonalizado.com.br\/blog\/saude-infantil-cuidados-especiais-que-se-deve-tomar-com-os-pequenos-no-inverno\/#webpage\"},\"publisher\":{\"@id\":\"https:\/\/meumundopersonalizado.com.br\/blog\/#organization\"},\"image\":{\"@id\":\"https:\/\/meumundopersonalizado.com.br\/blog\/saude-infantil-cuidados-especiais-que-se-deve-tomar-com-os-pequenos-no-inverno\/#primaryimage\"},\"articleSection\":\"Bem-estar e Comportamento\",\"inLanguage\":\"pt-BR\",\"potentialAction\":[{\"@type\":\"CommentAction\",\"name\":\"Comment\",\"target\":[\"https:\/\/meumundopersonalizado.com.br\/blog\/saude-infantil-cuidados-especiais-que-se-deve-tomar-com-os-pequenos-no-inverno\/#respond\"]}]}]}<\/script>\n<!-- \/ Yoast SEO plugin. -->","_links":{"self":[{"href":"https:\/\/meumundopersonalizado.com.br\/blog\/wp-json\/wp\/v2\/posts\/567"}],"collection":[{"href":"https:\/\/meumundopersonalizado.com.br\/blog\/wp-json\/wp\/v2\/posts"}],"about":[{"href":"https:\/\/meumundopersonalizado.com.br\/blog\/wp-json\/wp\/v2\/types\/post"}],"replies":[{"embeddable":true,"href":"https:\/\/meumundopersonalizado.com.br\/blog\/wp-json\/wp\/v2\/comments?post=567"}],"version-history":[{"count":0,"href":"https:\/\/meumundopersonalizado.com.br\/blog\/wp-json\/wp\/v2\/posts\/567\/revisions"}],"wp:featuredmedia":[{"embeddable":true,"href":"https:\/\/meumundopersonalizado.com.br\/blog\/wp-json\/wp\/v2\/media\/568"}],"wp:attachment":[{"href":"https:\/\/meumundopersonalizado.com.br\/blog\/wp-json\/wp\/v2\/media?parent=567"}],"wp:term":[{"taxonomy":"category","embeddable":true,"href":"https:\/\/meumundopersonalizado.com.br\/blog\/wp-json\/wp\/v2\/categories?post=567"},{"taxonomy":"post_tag","embeddable":true,"href":"https:\/\/meumundopersonalizado.com.br\/blog\/wp-json\/wp\/v2\/tags?post=567"}],"curies":[{"name":"wp","href":"https:\/\/api.w.org\/{rel}","templated":true}]}}