{"id":636,"date":"2017-07-04T19:37:14","date_gmt":"2017-07-04T22:37:14","guid":{"rendered":"https:\/\/meumundopersonalizado.com.br\/blog\/?p=636"},"modified":"2017-07-04T19:52:24","modified_gmt":"2017-07-04T22:52:24","slug":"cuidados-com-a-pele-produtos-que-podem-ser-usados-na-gestacao","status":"publish","type":"post","link":"https:\/\/meumundopersonalizado.com.br\/blog\/cuidados-com-a-pele-produtos-que-podem-ser-usados-na-gestacao\/","title":{"rendered":"Cuidados com a pele e Produtos que podem ser usados na Gesta\u00e7\u00e3o &#8211; por Dra Helena Z Marchioro, dermatologista"},"content":{"rendered":"<p>S\u00e3o muitas as mudan\u00e7as na pele com a gravidez. Assim como todo o organismo, a pele tamb\u00e9m passa por mudan\u00e7as influenciadas pelas altera\u00e7\u00f5es hormonais caracter\u00edsticas deste per\u00edodo.\u00a0 Observa-se com maior frequ\u00eancia durante a gesta\u00e7\u00e3o: aumento de acne, colora\u00e7\u00e3o mais escura das axilas, virilhas e ar\u00e9olas mam\u00e1rias, surgimento de uma linha escura no abdome (chamada <em>lineanigra<\/em>), aparecimento de manchas no rosto (melasma), al\u00e9m das temidas estrias.<\/p>\n<p>Ent\u00e3o, o que a gestante pode fazer para se prevenir destes \u201cprobleminhas\u201d? Abaixo, eu listo os produtos que podem ser usados com tranquilidade e aqueles que devem ser evitados durante a gravidez. Confira!<\/p>\n<p><!--more--><\/p>\n<p>Bom, em primeiro lugar, deve consultar um m\u00e9dico dermatologista, para obter orienta\u00e7\u00f5es e saber quais produtos pode ou n\u00e3o usar durante a gravidez, j\u00e1 que algumas subst\u00e2ncias presentes nos cosm\u00e9ticos podem ser prejudiciais ao feto. Por exemplo, o uso de sabonetes antiacne contendo enxofre e \u00e1cido salic\u00edlico devem ser evitados durante a gesta\u00e7\u00e3o e a amamenta\u00e7\u00e3o, assim como hidratantes contendo ureia em porcentagem acima de 3%, entre outros. E com rela\u00e7\u00e3o aos produtos do dia-a-dia, como maquiagens, demaquilantes, filtros solares e tratamentos no sal\u00e3o de beleza?<\/p>\n<h2>Produtos do dia-a-dia<\/h2>\n<h3>Cosm\u00e9ticos<\/h3>\n<p>Em rela\u00e7\u00e3o aos cosm\u00e9ticos do dia-a-dia, como maquiagens e demaquilantes, por exemplo, seu uso est\u00e1 liberado, n\u00e3o h\u00e1 contraindica\u00e7\u00f5es. Por\u00e9m, a escolha dos produtos \u00e9 essencial. Como na gesta\u00e7\u00e3o a pele tende a ficar mais oleosa e propensa \u00e0 acne, selecione produtos n\u00e3o comedog\u00eanicos. Para evitar alergias, as maquiagens em base mineral s\u00e3o mais indicadas tamb\u00e9m. Cremes anti-rugas n\u00e3o devem conter \u00e1cido retin\u00f3ico ou seus derivados, como tretino\u00edna ou retinol.<\/p>\n<h3>Tratamentos de Sal\u00e3o de Beleza<\/h3>\n<p>Tratamentos de sal\u00e3o: este \u00e9 um assunto pol\u00eamico. Tinturas e escovas progressivas devem ser evitadas durante toda a gesta\u00e7\u00e3o e per\u00edodo de amamenta\u00e7\u00e3o. Embora alguns m\u00e9dicos permitam o uso ap\u00f3s o primeiro trimestre, n\u00e3o h\u00e1 estudos suficientes que comprovem a seguran\u00e7a do uso destas subst\u00e2ncias durante a gravidez e mesmo enquanto estiver amamentando.<\/p>\n<h3>Protetor Solar<\/h3>\n<p>E o Protetor Solar, pode ser utilizado? Deve!!! Essa \u00e9 a \u00fanica forma de se prevenir o surgimento do MELASMA, condi\u00e7\u00e3o que acomete cerca de 50% das gestantes e que se caracteriza por manchas escuras no rosto, que lembram uma m\u00e1scara. E, apesar de o melasma surgir durante a gravidez, por influ\u00eancia dos horm\u00f4nios, muitas vezes ele n\u00e3o desaparece ap\u00f3s o parto&#8230; Por isso, a preven\u00e7\u00e3o \u00e9 o melhor rem\u00e9dio neste caso.<\/p>\n<p>Mas qualquer filtro solar pode ser usado na gravidez?\u00a0 Segundo o mais recente Consenso de Fotoprote\u00e7\u00e3o da Sociedade Brasileira de Dermatologia, todos os filtros solares aprovados pela ANVISA, ou seja, todos aqueles comercializados no Brasil s\u00e3o seguros para o feto e podem sim serem utilizados na gesta\u00e7\u00e3o. A gestante deve procurar protetores solares com FPS 30 ou maior e tamb\u00e9m com alta prote\u00e7\u00e3o contra os raios UVA. Al\u00e9m disso, lembrar de reaplicar o filtro v\u00e1rias vezes ao dia e evitar a exposi\u00e7\u00e3o direta ao sol por longos per\u00edodos.<\/p>\n<h2>Estrias<\/h2>\n<p>E as ESTRIAS? \u00c9 poss\u00edvel evit\u00e1-las? Sim! Mas como? Controlando o ganho de peso e usando frequentemente lo\u00e7\u00f5es e cremes para hidrata\u00e7\u00e3o da pele. As estrias ocorrem quando a pele sofre um estiramento r\u00e1pido, por isso \u00e9 importante cuidar com o ganho de peso excessivo durante toda a gravidez, mas especialmente no \u00faltimo trimestre, quando elas costumam surgir. Mas se n\u00e3o tiver jeito e as estrias aparecerem, n\u00e3o se preocupe porque existem tratamentos eficazes. Procure um dermatologista!<\/p>\n<p>Espero que essas dicas tenham ajudado. Um grande abra\u00e7o e at\u00e9 a pr\u00f3xima!<\/p>\n<p>Escrito por:<\/p>\n<p><img loading=\"lazy\" decoding=\"async\" class=\" wp-image-84\" src=\"https:\/\/meumundopersonalizado.com.br\/blog\/wp-content\/uploads\/2016\/06\/Dra-Helena-Zenedin-Marchioro-2-300x100.png\" alt=\"Dicas para mam\u00e3es sobre pele de bebes recem nascidos\" width=\"435\" height=\"145\" srcset=\"https:\/\/meumundopersonalizado.com.br\/blog\/wp-content\/uploads\/2016\/06\/Dra-Helena-Zenedin-Marchioro-2-300x100.png 300w, https:\/\/meumundopersonalizado.com.br\/blog\/wp-content\/uploads\/2016\/06\/Dra-Helena-Zenedin-Marchioro-2.png 600w\" sizes=\"(max-width: 435px) 100vw, 435px\" \/><\/p>\n","protected":false},"excerpt":{"rendered":"<p>S\u00e3o muitas as mudan\u00e7as na pele com a gravidez. Assim como todo o organismo, a pele tamb\u00e9m passa por mudan\u00e7as influenciadas pelas altera\u00e7\u00f5es hormonais caracter\u00edsticas deste per\u00edodo.\u00a0 Observa-se com maior frequ\u00eancia durante a gesta\u00e7\u00e3o: aumento de acne, colora\u00e7\u00e3o mais escura das axilas, virilhas e ar\u00e9olas mam\u00e1rias, surgimento de uma linha escura no abdome (chamada lineanigra),&#8230;<\/p>\n","protected":false},"author":2,"featured_media":638,"comment_status":"open","ping_status":"open","sticky":false,"template":"","format":"standard","meta":{"footnotes":""},"categories":[1],"tags":[],"class_list":["post-636","post","type-post","status-publish","format-standard","has-post-thumbnail","hentry","category-novidades","main-post"],"yoast_head":"<!-- This site is optimized with the Yoast SEO plugin v14.1 - https:\/\/yoast.com\/wordpress\/plugins\/seo\/ -->\n<title>Produtos que podem ou n\u00e3o ser usados na pele durante a gesta\u00e7\u00e3o - blog Meu Mundo Personalizado<\/title>\n<meta name=\"description\" content=\"Confira em nosso post, escrito por nossa dermatologista de plant\u00e3o, os produtos que podem ser usados e aqueles que devem ser evitados durante a gesta\u00e7\u00e3o.\" \/>\n<meta name=\"robots\" content=\"index, follow\" \/>\n<meta name=\"googlebot\" content=\"index, follow, max-snippet:-1, max-image-preview:large, max-video-preview:-1\" \/>\n<meta name=\"bingbot\" content=\"index, follow, max-snippet:-1, max-image-preview:large, max-video-preview:-1\" \/>\n<link rel=\"canonical\" href=\"https:\/\/meumundopersonalizado.com.br\/blog\/cuidados-com-a-pele-produtos-que-podem-ser-usados-na-gestacao\/\" \/>\n<meta property=\"og:locale\" content=\"pt_BR\" \/>\n<meta property=\"og:type\" content=\"article\" \/>\n<meta property=\"og:title\" content=\"Produtos que podem ou n\u00e3o ser usados na pele durante a gesta\u00e7\u00e3o - blog Meu Mundo Personalizado\" \/>\n<meta property=\"og:description\" content=\"Confira em nosso post, escrito por nossa dermatologista de plant\u00e3o, os produtos que podem ser usados e aqueles que devem ser evitados durante a gesta\u00e7\u00e3o.\" \/>\n<meta property=\"og:url\" content=\"https:\/\/meumundopersonalizado.com.br\/blog\/cuidados-com-a-pele-produtos-que-podem-ser-usados-na-gestacao\/\" \/>\n<meta property=\"og:site_name\" content=\"Blog Meu Mundo Personalizado\" \/>\n<meta property=\"article:published_time\" content=\"2017-07-04T22:37:14+00:00\" \/>\n<meta property=\"article:modified_time\" content=\"2017-07-04T22:52:24+00:00\" \/>\n<meta property=\"og:image\" content=\"https:\/\/meumundopersonalizado.com.br\/blog\/wp-content\/uploads\/2017\/07\/Blg-Post-Helena-FOTO.png\" \/>\n\t<meta property=\"og:image:width\" content=\"604\" \/>\n\t<meta property=\"og:image:height\" content=\"270\" \/>\n<meta name=\"twitter:card\" content=\"summary\" \/>\n<script type=\"application\/ld+json\" class=\"yoast-schema-graph\">{\"@context\":\"https:\/\/schema.org\",\"@graph\":[{\"@type\":\"Organization\",\"@id\":\"https:\/\/meumundopersonalizado.com.br\/blog\/#organization\",\"name\":\"Meu Mundo Personalizado\",\"url\":\"https:\/\/meumundopersonalizado.com.br\/blog\/\",\"sameAs\":[],\"logo\":{\"@type\":\"ImageObject\",\"@id\":\"https:\/\/meumundopersonalizado.com.br\/blog\/#logo\",\"inLanguage\":\"pt-BR\",\"url\":\"https:\/\/meumundopersonalizado.com.br\/blog\/wp-content\/uploads\/2016\/06\/Logo-transparent-background.png\",\"width\":600,\"height\":600,\"caption\":\"Meu Mundo Personalizado\"},\"image\":{\"@id\":\"https:\/\/meumundopersonalizado.com.br\/blog\/#logo\"}},{\"@type\":\"WebSite\",\"@id\":\"https:\/\/meumundopersonalizado.com.br\/blog\/#website\",\"url\":\"https:\/\/meumundopersonalizado.com.br\/blog\/\",\"name\":\"Blog Meu Mundo Personalizado\",\"description\":\"Ideias e Novidades\",\"publisher\":{\"@id\":\"https:\/\/meumundopersonalizado.com.br\/blog\/#organization\"},\"potentialAction\":[{\"@type\":\"SearchAction\",\"target\":\"https:\/\/meumundopersonalizado.com.br\/blog\/?s={search_term_string}\",\"query-input\":\"required name=search_term_string\"}],\"inLanguage\":\"pt-BR\"},{\"@type\":\"ImageObject\",\"@id\":\"https:\/\/meumundopersonalizado.com.br\/blog\/cuidados-com-a-pele-produtos-que-podem-ser-usados-na-gestacao\/#primaryimage\",\"inLanguage\":\"pt-BR\",\"url\":\"https:\/\/meumundopersonalizado.com.br\/blog\/wp-content\/uploads\/2017\/07\/Blg-Post-Helena-FOTO.png\",\"width\":604,\"height\":270,\"caption\":\"Dicas da dermatologista Helena Zenedin Marchioro sobre produtos que podem ser usados e os que devem ser evitados durante a gravidez\"},{\"@type\":\"WebPage\",\"@id\":\"https:\/\/meumundopersonalizado.com.br\/blog\/cuidados-com-a-pele-produtos-que-podem-ser-usados-na-gestacao\/#webpage\",\"url\":\"https:\/\/meumundopersonalizado.com.br\/blog\/cuidados-com-a-pele-produtos-que-podem-ser-usados-na-gestacao\/\",\"name\":\"Produtos que podem ou n\\u00e3o ser usados na pele durante a gesta\\u00e7\\u00e3o - blog Meu Mundo Personalizado\",\"isPartOf\":{\"@id\":\"https:\/\/meumundopersonalizado.com.br\/blog\/#website\"},\"primaryImageOfPage\":{\"@id\":\"https:\/\/meumundopersonalizado.com.br\/blog\/cuidados-com-a-pele-produtos-que-podem-ser-usados-na-gestacao\/#primaryimage\"},\"datePublished\":\"2017-07-04T22:37:14+00:00\",\"dateModified\":\"2017-07-04T22:52:24+00:00\",\"description\":\"Confira em nosso post, escrito por nossa dermatologista de plant\\u00e3o, os produtos que podem ser usados e aqueles que devem ser evitados durante a gesta\\u00e7\\u00e3o.\",\"inLanguage\":\"pt-BR\",\"potentialAction\":[{\"@type\":\"ReadAction\",\"target\":[\"https:\/\/meumundopersonalizado.com.br\/blog\/cuidados-com-a-pele-produtos-que-podem-ser-usados-na-gestacao\/\"]}]},{\"@type\":\"Article\",\"@id\":\"https:\/\/meumundopersonalizado.com.br\/blog\/cuidados-com-a-pele-produtos-que-podem-ser-usados-na-gestacao\/#article\",\"isPartOf\":{\"@id\":\"https:\/\/meumundopersonalizado.com.br\/blog\/cuidados-com-a-pele-produtos-que-podem-ser-usados-na-gestacao\/#webpage\"},\"author\":{\"@id\":\"https:\/\/meumundopersonalizado.com.br\/blog\/#\/schema\/person\/7152250683ecb9cb4b7c612c699d48a6\"},\"headline\":\"Cuidados com a pele e Produtos que podem ser usados na Gesta\\u00e7\\u00e3o &#8211; por Dra Helena Z Marchioro, dermatologista\",\"datePublished\":\"2017-07-04T22:37:14+00:00\",\"dateModified\":\"2017-07-04T22:52:24+00:00\",\"commentCount\":0,\"mainEntityOfPage\":{\"@id\":\"https:\/\/meumundopersonalizado.com.br\/blog\/cuidados-com-a-pele-produtos-que-podem-ser-usados-na-gestacao\/#webpage\"},\"publisher\":{\"@id\":\"https:\/\/meumundopersonalizado.com.br\/blog\/#organization\"},\"image\":{\"@id\":\"https:\/\/meumundopersonalizado.com.br\/blog\/cuidados-com-a-pele-produtos-que-podem-ser-usados-na-gestacao\/#primaryimage\"},\"articleSection\":\"Novidades\",\"inLanguage\":\"pt-BR\",\"potentialAction\":[{\"@type\":\"CommentAction\",\"name\":\"Comment\",\"target\":[\"https:\/\/meumundopersonalizado.com.br\/blog\/cuidados-com-a-pele-produtos-que-podem-ser-usados-na-gestacao\/#respond\"]}]},{\"@type\":[\"Person\"],\"@id\":\"https:\/\/meumundopersonalizado.com.br\/blog\/#\/schema\/person\/7152250683ecb9cb4b7c612c699d48a6\",\"name\":\"Meu Mundo Personalizado\",\"image\":{\"@type\":\"ImageObject\",\"@id\":\"https:\/\/meumundopersonalizado.com.br\/blog\/#personlogo\",\"inLanguage\":\"pt-BR\",\"url\":\"https:\/\/secure.gravatar.com\/avatar\/01147ea0fb838750523bfccf1bad0be1?s=96&d=mm&r=g\",\"caption\":\"Meu Mundo Personalizado\"}}]}<\/script>\n<!-- \/ Yoast SEO plugin. -->","_links":{"self":[{"href":"https:\/\/meumundopersonalizado.com.br\/blog\/wp-json\/wp\/v2\/posts\/636"}],"collection":[{"href":"https:\/\/meumundopersonalizado.com.br\/blog\/wp-json\/wp\/v2\/posts"}],"about":[{"href":"https:\/\/meumundopersonalizado.com.br\/blog\/wp-json\/wp\/v2\/types\/post"}],"author":[{"embeddable":true,"href":"https:\/\/meumundopersonalizado.com.br\/blog\/wp-json\/wp\/v2\/users\/2"}],"replies":[{"embeddable":true,"href":"https:\/\/meumundopersonalizado.com.br\/blog\/wp-json\/wp\/v2\/comments?post=636"}],"version-history":[{"count":3,"href":"https:\/\/meumundopersonalizado.com.br\/blog\/wp-json\/wp\/v2\/posts\/636\/revisions"}],"predecessor-version":[{"id":640,"href":"https:\/\/meumundopersonalizado.com.br\/blog\/wp-json\/wp\/v2\/posts\/636\/revisions\/640"}],"wp:featuredmedia":[{"embeddable":true,"href":"https:\/\/meumundopersonalizado.com.br\/blog\/wp-json\/wp\/v2\/media\/638"}],"wp:attachment":[{"href":"https:\/\/meumundopersonalizado.com.br\/blog\/wp-json\/wp\/v2\/media?parent=636"}],"wp:term":[{"taxonomy":"category","embeddable":true,"href":"https:\/\/meumundopersonalizado.com.br\/blog\/wp-json\/wp\/v2\/categories?post=636"},{"taxonomy":"post_tag","embeddable":true,"href":"https:\/\/meumundopersonalizado.com.br\/blog\/wp-json\/wp\/v2\/tags?post=636"}],"curies":[{"name":"wp","href":"https:\/\/api.w.org\/{rel}","templated":true}]}}