{"id":651,"date":"2017-07-31T20:56:46","date_gmt":"2017-07-31T23:56:46","guid":{"rendered":"https:\/\/meumundopersonalizado.com.br\/blog\/avos-modernos-eles-ajudam-os-filhos-cuidam-dos-netos-e-trabalham-como\/"},"modified":"2017-07-31T20:56:46","modified_gmt":"2017-07-31T23:56:46","slug":"avos-modernos-eles-ajudam-os-filhos-cuidam-dos-netos-e-trabalham-como","status":"publish","type":"post","link":"https:\/\/meumundopersonalizado.com.br\/blog\/avos-modernos-eles-ajudam-os-filhos-cuidam-dos-netos-e-trabalham-como\/","title":{"rendered":"Av\u00f3s modernos: eles ajudam os filhos, cuidam dos netos e trabalham. Como?"},"content":{"rendered":"<p>Os av\u00f3s modernos parecem estar muito mais saud\u00e1veis e ativos: eles correm, trabalham, v\u00e3o na academia e cuidam dos netos. Entenda agora o que mudou para que nossos pais queridos consigam fazer tantas coisas e descubra o que pode acontecer quando existe a \u201cterceiriza\u00e7\u00e3o\u201d da educa\u00e7\u00e3o dos filhos aos av\u00f3s.<\/p>\n<h2>Como os av\u00f3s modernos ajudam?<\/h2>\n<p>Hoje em dia, os av\u00f3s trabalham quase como substitutos: em\u00a0casos em que os pais faleceram, abandonaram, s\u00e3o muito jovens ou, at\u00e9 mesmo, quando trabalham muito. A casa da v\u00f3 adquiriu um novo significado, passou de local de almo\u00e7o de domingo, para um ponto de encontro no qual netos convivem, brincam e crescem juntos.<\/p>\n<p>Os av\u00f3s modernos possuem muito mais energia, disposi\u00e7\u00e3o e mant\u00eam-se fisicamente ativos por mais tempo. Dessa forma, podem engajar-se em brincadeiras com os netos, correr atr\u00e1s deles, levantar e agachar com mais facilidade.<\/p>\n<p>Existe uma troca muito interessante\u00a0ap\u00f3s a revolu\u00e7\u00e3o da internet:\u00a0os av\u00f3s podem contar como era no tempo deles e as crian\u00e7as podem ensin\u00e1-los a navegar na web. \u00c9 muito inovadora essa partilha de conhecimentos da qual ambos saem com algo novo.<\/p>\n<p>Diante desse novo cen\u00e1rio, voc\u00ea deve estar se questionando sobre o\u00a0que mudou, correto? Confira o que contribuiu para essa altera\u00e7\u00e3o:<\/p>\n<h3>Av\u00f3s est\u00e3o mais ocupados<\/h3>\n<p>Os idosos n\u00e3o precisam mais ser dependentes de nada, nem ningu\u00e9m.\u00a0Assim como qualquer pessoa, est\u00e3o com a liberdade de ser e fazer o que quiserem. O mundo dividiu os tipos de av\u00f3s e\u00a0aqueles velhinhos cansados que s\u00f3 ficavam sentados\u00a0j\u00e1 est\u00e3o quase extintos.<\/p>\n<p>Existe uma porcentagem de\u00a0av\u00f3s que ainda est\u00e3o inseridos no mercado de trabalho e n\u00e3o possuem os recursos para tomar conta dos netos. Ainda h\u00e1 aqueles que querem viver e aproveitar as coisas, j\u00e1 que n\u00e3o t\u00eam mais tantas responsabilidades e, por isso, viajam e participam de diversas atividades.<\/p>\n<h3>A expectativa de vida aumentou<\/h3>\n<p>A expectativa m\u00e9dia de vida aumentou 40 anos nas \u00faltimas 11 d\u00e9cadas, <a href=\"http:\/\/agenciabrasil.ebc.com.br\/geral\/noticia\/2016-08\/ibge-expectativa-de-vida-dos-brasileiros-aumentou-mais-de-75-anos-em-11?utm_source=blog&amp;utm_campaign=rc_blogpost\">segundo o IBGE<\/a>. Em 2014, chegou-se a expectativa de vida m\u00e9dia de 75,4 anos. Isso significa que essa gera\u00e7\u00e3o de av\u00f3s poder\u00e1 ter entre 20 e 30 anos de conv\u00edvio com os netos.<\/p>\n<p>Os av\u00f3s modernos poder\u00e3o ver suas crian\u00e7as crescerem, terem filhos e conviver com os mesmos at\u00e9 que eles estejam na idade adulta. Muitos viver\u00e3o para ser bisav\u00f3s\u00a0\u2014\u00a0este acontecimento n\u00e3o ser\u00e1 mais uma raridade.<\/p>\n<h3>Ainda existem muitas adolescentes gr\u00e1vidas<\/h3>\n<p>Por outro lado, h\u00e1 um n\u00famero muito alto de filhos com pais incapazes de educar da maneira correta e isso pode acabar como responsabilidade dos av\u00f3s. Mesmo que a <a href=\"http:\/\/www.brasil.gov.br\/saude\/2017\/05\/numero-de-adolescentes-gravidas-cai-17-no-brasil?utm_source=blog&amp;utm_campaign=rc_blogpost\" target=\"_blank\">quantidade de adolescentes gr\u00e1vidas tenha ca\u00eddo<\/a> 17% entre 2004 e 2015, as crian\u00e7as de m\u00e3es entre 10 e 19 anos, representam 18% dos <a href=\"https:\/\/meumundopersonalizado.com.br\/blog\/estender-500-11-curiosidades-sobre-recem-nascidos-que-voce-tem-que-saber\/?utm_source=blog&amp;utm_campaign=rc_blogpost\" target=\"_blank\">nascidos vivos<\/a> brasileiros em 2015.<\/p>\n<h2>O que \u201cterceirizar\u201d seu filho pode causar?<\/h2>\n<p>Assim como a terceiriza\u00e7\u00e3o de\u00a0servi\u00e7os \u00e9 passar alguma atividade para outro fazer, crian\u00e7as tamb\u00e9m passam por terceiriza\u00e7\u00e3o. Seja o av\u00f4, av\u00f3 ou bab\u00e1, quando os respons\u00e1veis n\u00e3o s\u00e3o os pais, algumas interfer\u00eancias s\u00e9rias na educa\u00e7\u00e3o do seu filho podem acontecer. Veja a seguir algumas delas:<\/p>\n<h3>Quebra de v\u00ednculo<\/h3>\n<p>O papel, principalmente, da m\u00e3e \u00e9 essencial para a crian\u00e7a. A falta de tempo, de <a href=\"https:\/\/meumundopersonalizado.com.br\/blog\/dia-do-abraco-saiba-a-importancia-para-as-criancas\/?utm_source=blog&amp;utm_campaign=rc_blogpost\" target=\"_blank\">afeto<\/a> dos pais e a quebra desse v\u00ednculo importante pode trazer s\u00e9rias consequ\u00eancias, tais como a n\u00e3o valoriza\u00e7\u00e3o, a falta de respeito e cuidado com o pr\u00f3ximo.<\/p>\n<p>Isso acontece pelo fato da crian\u00e7a se sentir abandonada e n\u00e3o aprender a valorizar os sentimentos do outro, j\u00e1 que os seus pr\u00f3prios n\u00e3o foram valorizados.<\/p>\n<h3>Falta de educa\u00e7\u00e3o<\/h3>\n<p>A educa\u00e7\u00e3o vem, sim, de casa. A escola ensina e alfabetiza, mas a maneira de se comportar, pedir em vez de mandar, ter carinho e respeito com os outros, saber esperar a sua vez e reconhecer seus limites, quem ensina \u00e9 a fam\u00edlia. N\u00e3o \u00e9 correto exigir um comportamento do filho, se os <a href=\"https:\/\/meumundopersonalizado.com.br\/blog\/os-3-pecados-capitais-da-criacao-dos-filhos\/?utm_source=blog&amp;utm_campaign=rc_blogpost\" target=\"_blank\">respons\u00e1veis n\u00e3o tiveram tempo de ensin\u00e1-lo<\/a>, nem ficarem bravos com os av\u00f3s que tendem a ser mais divertidos do que \u201cdur\u00f5es\u201d.<\/p>\n<p>Essas s\u00e3o apenas duas das complica\u00e7\u00f5es que se pode ter ao terceirizar a cria\u00e7\u00e3o dos filhos. Existem muitas outras e, mesmo que os av\u00f3s modernos ajudem, eles n\u00e3o devem ser responsabilizados pela educa\u00e7\u00e3o dos netos. Se voc\u00ea gostou do nosso post e quer receber nossas novidades, assine nossa newsletter!<\/p>\n","protected":false},"excerpt":{"rendered":"<p>Os av\u00f3s modernos parecem estar muito mais saud\u00e1veis e ativos: eles correm, trabalham, v\u00e3o na academia e cuidam dos netos. Entenda agora o que mudou para que nossos pais queridos consigam fazer tantas coisas e descubra o que pode acontecer quando existe a \u201cterceiriza\u00e7\u00e3o\u201d da educa\u00e7\u00e3o dos filhos aos av\u00f3s. Como os av\u00f3s modernos ajudam?&#8230;<\/p>\n","protected":false},"author":1,"featured_media":652,"comment_status":"open","ping_status":"open","sticky":false,"template":"","format":"standard","meta":{"footnotes":""},"categories":[1],"tags":[],"class_list":["post-651","post","type-post","status-publish","format-standard","has-post-thumbnail","hentry","category-novidades","main-post"],"yoast_head":"<!-- This site is optimized with the Yoast SEO plugin v14.1 - https:\/\/yoast.com\/wordpress\/plugins\/seo\/ -->\n<title>Av\u00f3s modernos: eles ajudam os filhos, cuidam dos netos e trabalham. Como? - Blog Meu Mundo Personalizado<\/title>\n<meta name=\"robots\" content=\"index, follow\" \/>\n<meta name=\"googlebot\" content=\"index, follow, max-snippet:-1, max-image-preview:large, max-video-preview:-1\" \/>\n<meta name=\"bingbot\" content=\"index, follow, max-snippet:-1, max-image-preview:large, max-video-preview:-1\" \/>\n<link rel=\"canonical\" href=\"https:\/\/meumundopersonalizado.com.br\/blog\/avos-modernos-eles-ajudam-os-filhos-cuidam-dos-netos-e-trabalham-como\/\" \/>\n<meta property=\"og:locale\" content=\"pt_BR\" \/>\n<meta property=\"og:type\" content=\"article\" \/>\n<meta property=\"og:title\" content=\"Av\u00f3s modernos: eles ajudam os filhos, cuidam dos netos e trabalham. Como? - Blog Meu Mundo Personalizado\" \/>\n<meta property=\"og:description\" content=\"Os av\u00f3s modernos parecem estar muito mais saud\u00e1veis e ativos: eles correm, trabalham, v\u00e3o na academia e cuidam dos netos. Entenda agora o que mudou para que nossos pais queridos consigam fazer tantas coisas e descubra o que pode acontecer quando existe a \u201cterceiriza\u00e7\u00e3o\u201d da educa\u00e7\u00e3o dos filhos aos av\u00f3s. Como os av\u00f3s modernos ajudam?...\" \/>\n<meta property=\"og:url\" content=\"https:\/\/meumundopersonalizado.com.br\/blog\/avos-modernos-eles-ajudam-os-filhos-cuidam-dos-netos-e-trabalham-como\/\" \/>\n<meta property=\"og:site_name\" content=\"Blog Meu Mundo Personalizado\" \/>\n<meta property=\"article:published_time\" content=\"2017-07-31T23:56:46+00:00\" \/>\n<meta property=\"og:image\" content=\"https:\/\/meumundopersonalizado.com.br\/blog\/wp-content\/uploads\/2017\/07\/108531-avos-modernos-eles-ajudam-os-filhos-cuidam-dos-netos-e-trabalham-como.jpg\" \/>\n\t<meta property=\"og:image:width\" content=\"1000\" \/>\n\t<meta property=\"og:image:height\" content=\"667\" \/>\n<meta name=\"twitter:card\" content=\"summary\" \/>\n<script type=\"application\/ld+json\" class=\"yoast-schema-graph\">{\"@context\":\"https:\/\/schema.org\",\"@graph\":[{\"@type\":\"Organization\",\"@id\":\"https:\/\/meumundopersonalizado.com.br\/blog\/#organization\",\"name\":\"Meu Mundo Personalizado\",\"url\":\"https:\/\/meumundopersonalizado.com.br\/blog\/\",\"sameAs\":[],\"logo\":{\"@type\":\"ImageObject\",\"@id\":\"https:\/\/meumundopersonalizado.com.br\/blog\/#logo\",\"inLanguage\":\"pt-BR\",\"url\":\"https:\/\/meumundopersonalizado.com.br\/blog\/wp-content\/uploads\/2016\/06\/Logo-transparent-background.png\",\"width\":600,\"height\":600,\"caption\":\"Meu Mundo Personalizado\"},\"image\":{\"@id\":\"https:\/\/meumundopersonalizado.com.br\/blog\/#logo\"}},{\"@type\":\"WebSite\",\"@id\":\"https:\/\/meumundopersonalizado.com.br\/blog\/#website\",\"url\":\"https:\/\/meumundopersonalizado.com.br\/blog\/\",\"name\":\"Blog Meu Mundo Personalizado\",\"description\":\"Ideias e Novidades\",\"publisher\":{\"@id\":\"https:\/\/meumundopersonalizado.com.br\/blog\/#organization\"},\"potentialAction\":[{\"@type\":\"SearchAction\",\"target\":\"https:\/\/meumundopersonalizado.com.br\/blog\/?s={search_term_string}\",\"query-input\":\"required name=search_term_string\"}],\"inLanguage\":\"pt-BR\"},{\"@type\":\"ImageObject\",\"@id\":\"https:\/\/meumundopersonalizado.com.br\/blog\/avos-modernos-eles-ajudam-os-filhos-cuidam-dos-netos-e-trabalham-como\/#primaryimage\",\"inLanguage\":\"pt-BR\",\"url\":\"https:\/\/meumundopersonalizado.com.br\/blog\/wp-content\/uploads\/2017\/07\/108531-avos-modernos-eles-ajudam-os-filhos-cuidam-dos-netos-e-trabalham-como.jpg\",\"width\":1000,\"height\":667},{\"@type\":\"WebPage\",\"@id\":\"https:\/\/meumundopersonalizado.com.br\/blog\/avos-modernos-eles-ajudam-os-filhos-cuidam-dos-netos-e-trabalham-como\/#webpage\",\"url\":\"https:\/\/meumundopersonalizado.com.br\/blog\/avos-modernos-eles-ajudam-os-filhos-cuidam-dos-netos-e-trabalham-como\/\",\"name\":\"Av\\u00f3s modernos: eles ajudam os filhos, cuidam dos netos e trabalham. Como? - Blog Meu Mundo Personalizado\",\"isPartOf\":{\"@id\":\"https:\/\/meumundopersonalizado.com.br\/blog\/#website\"},\"primaryImageOfPage\":{\"@id\":\"https:\/\/meumundopersonalizado.com.br\/blog\/avos-modernos-eles-ajudam-os-filhos-cuidam-dos-netos-e-trabalham-como\/#primaryimage\"},\"datePublished\":\"2017-07-31T23:56:46+00:00\",\"dateModified\":\"2017-07-31T23:56:46+00:00\",\"inLanguage\":\"pt-BR\",\"potentialAction\":[{\"@type\":\"ReadAction\",\"target\":[\"https:\/\/meumundopersonalizado.com.br\/blog\/avos-modernos-eles-ajudam-os-filhos-cuidam-dos-netos-e-trabalham-como\/\"]}]},{\"@type\":\"Article\",\"@id\":\"https:\/\/meumundopersonalizado.com.br\/blog\/avos-modernos-eles-ajudam-os-filhos-cuidam-dos-netos-e-trabalham-como\/#article\",\"isPartOf\":{\"@id\":\"https:\/\/meumundopersonalizado.com.br\/blog\/avos-modernos-eles-ajudam-os-filhos-cuidam-dos-netos-e-trabalham-como\/#webpage\"},\"author\":{\"@id\":\"https:\/\/meumundopersonalizado.com.br\/blog\/#\/schema\/person\/6a3dd8dd91add330c0f97fb27a5328b6\"},\"headline\":\"Av\\u00f3s modernos: eles ajudam os filhos, cuidam dos netos e trabalham. Como?\",\"datePublished\":\"2017-07-31T23:56:46+00:00\",\"dateModified\":\"2017-07-31T23:56:46+00:00\",\"commentCount\":0,\"mainEntityOfPage\":{\"@id\":\"https:\/\/meumundopersonalizado.com.br\/blog\/avos-modernos-eles-ajudam-os-filhos-cuidam-dos-netos-e-trabalham-como\/#webpage\"},\"publisher\":{\"@id\":\"https:\/\/meumundopersonalizado.com.br\/blog\/#organization\"},\"image\":{\"@id\":\"https:\/\/meumundopersonalizado.com.br\/blog\/avos-modernos-eles-ajudam-os-filhos-cuidam-dos-netos-e-trabalham-como\/#primaryimage\"},\"articleSection\":\"Novidades\",\"inLanguage\":\"pt-BR\",\"potentialAction\":[{\"@type\":\"CommentAction\",\"name\":\"Comment\",\"target\":[\"https:\/\/meumundopersonalizado.com.br\/blog\/avos-modernos-eles-ajudam-os-filhos-cuidam-dos-netos-e-trabalham-como\/#respond\"]}]},{\"@type\":[\"Person\"],\"@id\":\"https:\/\/meumundopersonalizado.com.br\/blog\/#\/schema\/person\/6a3dd8dd91add330c0f97fb27a5328b6\",\"name\":\"GN10\",\"image\":{\"@type\":\"ImageObject\",\"@id\":\"https:\/\/meumundopersonalizado.com.br\/blog\/#personlogo\",\"inLanguage\":\"pt-BR\",\"url\":\"https:\/\/secure.gravatar.com\/avatar\/afe7efc0ead283286a67c3247d43a460?s=96&d=mm&r=g\",\"caption\":\"GN10\"}}]}<\/script>\n<!-- \/ Yoast SEO plugin. -->","_links":{"self":[{"href":"https:\/\/meumundopersonalizado.com.br\/blog\/wp-json\/wp\/v2\/posts\/651"}],"collection":[{"href":"https:\/\/meumundopersonalizado.com.br\/blog\/wp-json\/wp\/v2\/posts"}],"about":[{"href":"https:\/\/meumundopersonalizado.com.br\/blog\/wp-json\/wp\/v2\/types\/post"}],"author":[{"embeddable":true,"href":"https:\/\/meumundopersonalizado.com.br\/blog\/wp-json\/wp\/v2\/users\/1"}],"replies":[{"embeddable":true,"href":"https:\/\/meumundopersonalizado.com.br\/blog\/wp-json\/wp\/v2\/comments?post=651"}],"version-history":[{"count":0,"href":"https:\/\/meumundopersonalizado.com.br\/blog\/wp-json\/wp\/v2\/posts\/651\/revisions"}],"wp:featuredmedia":[{"embeddable":true,"href":"https:\/\/meumundopersonalizado.com.br\/blog\/wp-json\/wp\/v2\/media\/652"}],"wp:attachment":[{"href":"https:\/\/meumundopersonalizado.com.br\/blog\/wp-json\/wp\/v2\/media?parent=651"}],"wp:term":[{"taxonomy":"category","embeddable":true,"href":"https:\/\/meumundopersonalizado.com.br\/blog\/wp-json\/wp\/v2\/categories?post=651"},{"taxonomy":"post_tag","embeddable":true,"href":"https:\/\/meumundopersonalizado.com.br\/blog\/wp-json\/wp\/v2\/tags?post=651"}],"curies":[{"name":"wp","href":"https:\/\/api.w.org\/{rel}","templated":true}]}}