{"id":653,"date":"2017-07-31T21:06:23","date_gmt":"2017-08-01T00:06:23","guid":{"rendered":"https:\/\/meumundopersonalizado.com.br\/blog\/musica-para-recem-nascidos-montando-uma-trilha-sonora-para-seu-bebe\/"},"modified":"2018-12-06T18:36:58","modified_gmt":"2018-12-06T20:36:58","slug":"musica-para-recem-nascidos-montando-uma-trilha-sonora-para-seu-bebe","status":"publish","type":"post","link":"https:\/\/meumundopersonalizado.com.br\/blog\/musica-para-recem-nascidos-montando-uma-trilha-sonora-para-seu-bebe\/","title":{"rendered":"M\u00fasica para rec\u00e9m-nascidos: montando uma trilha sonora para seu beb\u00ea"},"content":{"rendered":"<p>Voc\u00ea j\u00e1 reparou no poder que a m\u00fasica tem? Ela diverte, acalma, inspira&#8230; enfim, ela afeta positivamente\u00a0a vida de todos n\u00f3s.<\/p>\n<p>Contudo, h\u00e1 uma fase da vida em que as melodias desempenham um papel ainda mais especial: logo <a href=\"https:\/\/meumundopersonalizado.com.br\/blog\/estender-500-11-curiosidades-sobre-recem-nascidos-que-voce-tem-que-saber\/?utm_source=blog&amp;utm_campaign=rc_blogpost\" target=\"_blank\" rel=\"noopener noreferrer\">ap\u00f3s o nascimento<\/a>. A m\u00fasica para rec\u00e9m-nascidos estimula o desenvolvimento e representa uma s\u00e9rie de vantagens para os pequenos.<\/p>\n<p>Gostou do assunto? Continue acompanhando o post e\u00a0saiba como os sons afetam o beb\u00ea, al\u00e9m de descobrir\u00a0como montar a trilha sonora ideal!<\/p>\n<h2>Uma rela\u00e7\u00e3o que come\u00e7a na barriga<\/h2>\n<p>A rela\u00e7\u00e3o entre m\u00fasica e beb\u00ea come\u00e7a a ser constru\u00edda ainda na <a href=\"https:\/\/meumundopersonalizado.com.br\/blog\/cuidados-com-a-pele-produtos-que-podem-ser-usados-na-gestacao\/?utm_source=blog&amp;utm_campaign=rc_blogpost\" target=\"_blank\" rel=\"noopener noreferrer\">gesta\u00e7\u00e3o<\/a>, quando a crian\u00e7a\u00a0come\u00e7a a escutar (a partir da 20\u00aa semana, aproximadamente). Nesse per\u00edodo, os sons aumentam a atividade cerebral e contribuem para que o v\u00ednculo entre m\u00e3e e beb\u00ea se fortale\u00e7a. Um fato que mostra o qu\u00e3o forte \u00e9 o papel da m\u00fasica j\u00e1 nesse momento \u00e9 a cria\u00e7\u00e3o de playlists para o momento do parto.<\/p>\n<p>Ap\u00f3s o nascimento, as can\u00e7\u00f5es continuam desempenhando um importante papel. Muitos estudos mostram que o beb\u00ea fica mais calmo ao ouvir sons que escutava quando ainda estava na barriga.<\/p>\n<p><!--more--><\/p>\n<p>Expor o rec\u00e9m-nascido ao mundo musical \u00e9 uma forma de estimular a capacidade cognitiva e\u00a0cerebral, j\u00e1 que os sons\u00a0ajudam a desenvolver a linguagem mais r\u00e1pido, bem como aumentar a facilidade na hora de aprender novas l\u00ednguas. Al\u00e9m disso, essa rela\u00e7\u00e3o com a m\u00fasica ajuda (e muito!) nos futuros relacionamentos interpessoais.<\/p>\n<p>Sendo assim, o constante contato com diversas melodias\u00a0contribui para o desenvolvimento das capacidades sensitivas, intelectuais, motoras, lingu\u00edsticas e\u00a0emocionais. Ou seja, trilha sonora \u00e9 um item que n\u00e3o pode faltar no &#8220;enxoval&#8221;!<\/p>\n<h2>Montando uma trilha sonora com m\u00fasica para rec\u00e9m-nascidos<\/h2>\n<p>Esse certamente \u00e9 o principal questionamento dos pais, afinal, todos querem saber quais os melhores sons e can\u00e7\u00f5es. A verdade \u00e9 que n\u00e3o existe uma m\u00fasica certa ou errada, apenas a que est\u00e1 de acordo com o estado da crian\u00e7a.<\/p>\n<p>Se o beb\u00ea est\u00e1 muito agitado, por exemplo, uma m\u00fasica mais calma pode ajud\u00e1-lo a relaxar e at\u00e9 mesmo pegar no sono. J\u00e1 as m\u00fasicas mais animadas devem ser usadas quando ele est\u00e1 mais ativo, pois vai ajudar na estimula\u00e7\u00e3o.<\/p>\n<p><a href=\"https:\/\/meumundopersonalizado.com.br\/blog\/5-bandas-infantis-que-voce-precisa-conhecer\/?utm_source=blog&amp;utm_campaign=rc_blogpost\" target=\"_blank\" rel=\"noopener noreferrer\">M\u00fasicas<\/a> instrumentais e com letras divertidas s\u00e3o boas op\u00e7\u00f5es para compor a trilha sonora e ainda ajudar na constru\u00e7\u00e3o do vocabul\u00e1rio infantil. Com o tempo, \u00e9 claro que a crian\u00e7a apresentar\u00e1 sinais de prefer\u00eancia por um\u00a0ou outro som. Contudo, at\u00e9 esse momento chegar, o ideal \u00e9 oferecer can\u00e7\u00f5es relaxantes e tranquilas.<\/p>\n<h2>Buscando inspira\u00e7\u00e3o em outras playlists<\/h2>\n<p>Diante da import\u00e2ncia da m\u00fasica no desenvolvimento da crian\u00e7a desde o per\u00edodo da gesta\u00e7\u00e3o, muitas playlists s\u00e3o criadas com o intuito de facilitar o processo de inser\u00e7\u00e3o da m\u00fasica na rotina, visto que nem sempre os pais t\u00eam tempo de montar uma trilha sonora com a dedica\u00e7\u00e3o que gostariam. Por outro lado, essas sele\u00e7\u00f5es prontas tamb\u00e9m servem para inspirar a constru\u00e7\u00e3o de outras, de acordo com o gosto pessoal de cada um.<\/p>\n<p>Felizmente, h\u00e1 muitas apenas esperando pelo play. A <a href=\"https:\/\/open.spotify.com\/album\/1gHVip7qoSI4brVAVX9wag?play=true&amp;utm_source=blog&amp;utm_campaign=rc_blogpost\" target=\"_blank\" rel=\"noopener noreferrer\">Arca de No\u00e9<\/a>, por exemplo, est\u00e1 dispon\u00edvel no Spotify e \u00e9 composta por\u00a0poemas cantados por nomes conhecidos como Caetano Veloso, Marisa Monte, Seu Jorge e v\u00e1rios outros.<\/p>\n<p>No YouTube, tamb\u00e9m \u00e9 poss\u00edvel encontrar v\u00e1rias sele\u00e7\u00f5es de f\u00e1cil acesso. Para pais que buscam uma trilha sonora relaxante para a hora do sono, h\u00e1 a op\u00e7\u00e3o de escutar <a href=\"https:\/\/www.youtube.com\/watch?v=vU0fYzuypXg&amp;utm_source=blog&amp;utm_campaign=rc_blogpost\" target=\"_blank\" rel=\"noopener noreferrer\">8 horas de m\u00fasica para ajudar a dormir<\/a>.<\/p>\n<p><a href=\"https:\/\/open.spotify.com\/user\/1244283765\/playlist\/3Spg7TaRjyLQqOAvUdMndo?utm_source=blog&amp;utm_campaign=rc_blogpost\" target=\"_blank\" rel=\"noopener noreferrer\">Play Sleep Music<\/a> \u00e9 outra sele\u00e7\u00e3o dispon\u00edvel no Spotify e traz 13 vers\u00f5es tranquilas e relaxantes de algumas cantigas de ninar e m\u00fasicas cl\u00e1ssicas.<\/p>\n<p>O <a href=\"https:\/\/meumundopersonalizado.com.br\/blog\/entenda-a-importancia-do-ursinho-de-pelucia-para-o-desenvolvimento-infantil\/?utm_source=blog&amp;utm_campaign=rc_blogpost\" target=\"_blank\" rel=\"noopener noreferrer\">desenvolvimento infantil<\/a> \u00e9 um processo incr\u00edvel\u00a0e n\u00e3o h\u00e1 nada melhor do que contribuir para isso atrav\u00e9s do uso da m\u00fasica para rec\u00e9m-nascidos. Como vimos, s\u00e3o muitos os benef\u00edcios das can\u00e7\u00f5es para os pequenos, desde o momento em que ele desenvolve a capacidade de audi\u00e7\u00e3o \u2014 ainda na barriga!<\/p>\n<p>O que voc\u00ea acha do uso da m\u00fasica como ferramenta para estimular o beb\u00ea? Gostou do assunto abordado no post? Acompanhe nossas psotagens no <a href=\"https:\/\/www.facebook.com\/MeuMundoPersonalizado?utm_source=blog&amp;utm_campaign=rc_blogpost\" target=\"_blank\" rel=\"noopener noreferrer\">Facebook<\/a>, <a href=\"https:\/\/www.instagram.com\/meumundopersonalizado_br\/?utm_source=blog&amp;utm_campaign=rc_blogpost\" target=\"_blank\" rel=\"noopener noreferrer\">Instagram<\/a>, <a href=\"https:\/\/twitter.com\/MMPersonalizado?utm_source=blog&amp;utm_campaign=rc_blogpost\" target=\"_blank\" rel=\"noopener noreferrer\">Twitter<\/a>, <a href=\"https:\/\/br.pinterest.com\/meumundopersona\/?utm_source=blog&amp;utm_campaign=rc_blogpost\" target=\"_blank\" rel=\"noopener noreferrer\">Pinterest<\/a> e <a href=\"https:\/\/plus.google.com\/112366024915941161616\/posts?utm_source=blog&amp;utm_campaign=rc_blogpost\" target=\"_blank\" rel=\"noopener noreferrer\">Google+<\/a> para ficar sabendo das pr\u00f3ximas novidades!<\/p>\n","protected":false},"excerpt":{"rendered":"<p>Voc\u00ea j\u00e1 reparou no poder que a m\u00fasica tem? Ela diverte, acalma, inspira&#8230; enfim, ela afeta positivamente\u00a0a vida de todos n\u00f3s. Contudo, h\u00e1 uma fase da vida em que as melodias desempenham um papel ainda mais especial: logo ap\u00f3s o nascimento. A m\u00fasica para rec\u00e9m-nascidos estimula o desenvolvimento e representa uma s\u00e9rie de vantagens para&#8230;<\/p>\n","protected":false},"author":1,"featured_media":654,"comment_status":"open","ping_status":"open","sticky":false,"template":"","format":"standard","meta":{"footnotes":""},"categories":[14],"tags":[],"class_list":["post-653","post","type-post","status-publish","format-standard","has-post-thumbnail","hentry","category-bem-estar-e-comportamento","main-post"],"yoast_head":"<!-- This site is optimized with the Yoast SEO plugin v14.1 - https:\/\/yoast.com\/wordpress\/plugins\/seo\/ -->\n<title>M\u00fasica para rec\u00e9m-nascidos: montando uma trilha sonora para seu beb\u00ea - Blog Meu Mundo Personalizado<\/title>\n<meta name=\"robots\" content=\"index, follow\" \/>\n<meta name=\"googlebot\" content=\"index, follow, max-snippet:-1, max-image-preview:large, max-video-preview:-1\" \/>\n<meta name=\"bingbot\" content=\"index, follow, max-snippet:-1, max-image-preview:large, max-video-preview:-1\" \/>\n<link rel=\"canonical\" href=\"https:\/\/meumundopersonalizado.com.br\/blog\/musica-para-recem-nascidos-montando-uma-trilha-sonora-para-seu-bebe\/\" \/>\n<meta property=\"og:locale\" content=\"pt_BR\" \/>\n<meta property=\"og:type\" content=\"article\" \/>\n<meta property=\"og:title\" content=\"M\u00fasica para rec\u00e9m-nascidos: montando uma trilha sonora para seu beb\u00ea - Blog Meu Mundo Personalizado\" \/>\n<meta property=\"og:description\" content=\"Voc\u00ea j\u00e1 reparou no poder que a m\u00fasica tem? Ela diverte, acalma, inspira&#8230; enfim, ela afeta positivamente\u00a0a vida de todos n\u00f3s. Contudo, h\u00e1 uma fase da vida em que as melodias desempenham um papel ainda mais especial: logo ap\u00f3s o nascimento. A m\u00fasica para rec\u00e9m-nascidos estimula o desenvolvimento e representa uma s\u00e9rie de vantagens para...\" \/>\n<meta property=\"og:url\" content=\"https:\/\/meumundopersonalizado.com.br\/blog\/musica-para-recem-nascidos-montando-uma-trilha-sonora-para-seu-bebe\/\" \/>\n<meta property=\"og:site_name\" content=\"Blog Meu Mundo Personalizado\" \/>\n<meta property=\"article:published_time\" content=\"2017-08-01T00:06:23+00:00\" \/>\n<meta property=\"article:modified_time\" content=\"2018-12-06T20:36:58+00:00\" \/>\n<meta property=\"og:image\" content=\"https:\/\/meumundopersonalizado.com.br\/blog\/wp-content\/uploads\/2017\/07\/106431-musica-para-recem-nascidos-montando-uma-trilha-sonora-para-seu-bebe.jpg\" \/>\n\t<meta property=\"og:image:width\" content=\"2000\" \/>\n\t<meta property=\"og:image:height\" content=\"1334\" \/>\n<meta name=\"twitter:card\" content=\"summary\" \/>\n<script type=\"application\/ld+json\" class=\"yoast-schema-graph\">{\"@context\":\"https:\/\/schema.org\",\"@graph\":[{\"@type\":\"Organization\",\"@id\":\"https:\/\/meumundopersonalizado.com.br\/blog\/#organization\",\"name\":\"Meu Mundo Personalizado\",\"url\":\"https:\/\/meumundopersonalizado.com.br\/blog\/\",\"sameAs\":[],\"logo\":{\"@type\":\"ImageObject\",\"@id\":\"https:\/\/meumundopersonalizado.com.br\/blog\/#logo\",\"inLanguage\":\"pt-BR\",\"url\":\"https:\/\/meumundopersonalizado.com.br\/blog\/wp-content\/uploads\/2016\/06\/Logo-transparent-background.png\",\"width\":600,\"height\":600,\"caption\":\"Meu Mundo Personalizado\"},\"image\":{\"@id\":\"https:\/\/meumundopersonalizado.com.br\/blog\/#logo\"}},{\"@type\":\"WebSite\",\"@id\":\"https:\/\/meumundopersonalizado.com.br\/blog\/#website\",\"url\":\"https:\/\/meumundopersonalizado.com.br\/blog\/\",\"name\":\"Blog Meu Mundo Personalizado\",\"description\":\"Ideias e Novidades\",\"publisher\":{\"@id\":\"https:\/\/meumundopersonalizado.com.br\/blog\/#organization\"},\"potentialAction\":[{\"@type\":\"SearchAction\",\"target\":\"https:\/\/meumundopersonalizado.com.br\/blog\/?s={search_term_string}\",\"query-input\":\"required name=search_term_string\"}],\"inLanguage\":\"pt-BR\"},{\"@type\":\"ImageObject\",\"@id\":\"https:\/\/meumundopersonalizado.com.br\/blog\/musica-para-recem-nascidos-montando-uma-trilha-sonora-para-seu-bebe\/#primaryimage\",\"inLanguage\":\"pt-BR\",\"url\":\"https:\/\/meumundopersonalizado.com.br\/blog\/wp-content\/uploads\/2017\/07\/106431-musica-para-recem-nascidos-montando-uma-trilha-sonora-para-seu-bebe.jpg\",\"width\":2000,\"height\":1334},{\"@type\":\"WebPage\",\"@id\":\"https:\/\/meumundopersonalizado.com.br\/blog\/musica-para-recem-nascidos-montando-uma-trilha-sonora-para-seu-bebe\/#webpage\",\"url\":\"https:\/\/meumundopersonalizado.com.br\/blog\/musica-para-recem-nascidos-montando-uma-trilha-sonora-para-seu-bebe\/\",\"name\":\"M\\u00fasica para rec\\u00e9m-nascidos: montando uma trilha sonora para seu beb\\u00ea - Blog Meu Mundo Personalizado\",\"isPartOf\":{\"@id\":\"https:\/\/meumundopersonalizado.com.br\/blog\/#website\"},\"primaryImageOfPage\":{\"@id\":\"https:\/\/meumundopersonalizado.com.br\/blog\/musica-para-recem-nascidos-montando-uma-trilha-sonora-para-seu-bebe\/#primaryimage\"},\"datePublished\":\"2017-08-01T00:06:23+00:00\",\"dateModified\":\"2018-12-06T20:36:58+00:00\",\"inLanguage\":\"pt-BR\",\"potentialAction\":[{\"@type\":\"ReadAction\",\"target\":[\"https:\/\/meumundopersonalizado.com.br\/blog\/musica-para-recem-nascidos-montando-uma-trilha-sonora-para-seu-bebe\/\"]}]},{\"@type\":\"Article\",\"@id\":\"https:\/\/meumundopersonalizado.com.br\/blog\/musica-para-recem-nascidos-montando-uma-trilha-sonora-para-seu-bebe\/#article\",\"isPartOf\":{\"@id\":\"https:\/\/meumundopersonalizado.com.br\/blog\/musica-para-recem-nascidos-montando-uma-trilha-sonora-para-seu-bebe\/#webpage\"},\"author\":{\"@id\":\"https:\/\/meumundopersonalizado.com.br\/blog\/#\/schema\/person\/6a3dd8dd91add330c0f97fb27a5328b6\"},\"headline\":\"M\\u00fasica para rec\\u00e9m-nascidos: montando uma trilha sonora para seu beb\\u00ea\",\"datePublished\":\"2017-08-01T00:06:23+00:00\",\"dateModified\":\"2018-12-06T20:36:58+00:00\",\"commentCount\":0,\"mainEntityOfPage\":{\"@id\":\"https:\/\/meumundopersonalizado.com.br\/blog\/musica-para-recem-nascidos-montando-uma-trilha-sonora-para-seu-bebe\/#webpage\"},\"publisher\":{\"@id\":\"https:\/\/meumundopersonalizado.com.br\/blog\/#organization\"},\"image\":{\"@id\":\"https:\/\/meumundopersonalizado.com.br\/blog\/musica-para-recem-nascidos-montando-uma-trilha-sonora-para-seu-bebe\/#primaryimage\"},\"articleSection\":\"Bem-estar e Comportamento\",\"inLanguage\":\"pt-BR\",\"potentialAction\":[{\"@type\":\"CommentAction\",\"name\":\"Comment\",\"target\":[\"https:\/\/meumundopersonalizado.com.br\/blog\/musica-para-recem-nascidos-montando-uma-trilha-sonora-para-seu-bebe\/#respond\"]}]},{\"@type\":[\"Person\"],\"@id\":\"https:\/\/meumundopersonalizado.com.br\/blog\/#\/schema\/person\/6a3dd8dd91add330c0f97fb27a5328b6\",\"name\":\"GN10\",\"image\":{\"@type\":\"ImageObject\",\"@id\":\"https:\/\/meumundopersonalizado.com.br\/blog\/#personlogo\",\"inLanguage\":\"pt-BR\",\"url\":\"https:\/\/secure.gravatar.com\/avatar\/afe7efc0ead283286a67c3247d43a460?s=96&d=mm&r=g\",\"caption\":\"GN10\"}}]}<\/script>\n<!-- \/ Yoast SEO plugin. -->","_links":{"self":[{"href":"https:\/\/meumundopersonalizado.com.br\/blog\/wp-json\/wp\/v2\/posts\/653"}],"collection":[{"href":"https:\/\/meumundopersonalizado.com.br\/blog\/wp-json\/wp\/v2\/posts"}],"about":[{"href":"https:\/\/meumundopersonalizado.com.br\/blog\/wp-json\/wp\/v2\/types\/post"}],"author":[{"embeddable":true,"href":"https:\/\/meumundopersonalizado.com.br\/blog\/wp-json\/wp\/v2\/users\/1"}],"replies":[{"embeddable":true,"href":"https:\/\/meumundopersonalizado.com.br\/blog\/wp-json\/wp\/v2\/comments?post=653"}],"version-history":[{"count":1,"href":"https:\/\/meumundopersonalizado.com.br\/blog\/wp-json\/wp\/v2\/posts\/653\/revisions"}],"predecessor-version":[{"id":710,"href":"https:\/\/meumundopersonalizado.com.br\/blog\/wp-json\/wp\/v2\/posts\/653\/revisions\/710"}],"wp:featuredmedia":[{"embeddable":true,"href":"https:\/\/meumundopersonalizado.com.br\/blog\/wp-json\/wp\/v2\/media\/654"}],"wp:attachment":[{"href":"https:\/\/meumundopersonalizado.com.br\/blog\/wp-json\/wp\/v2\/media?parent=653"}],"wp:term":[{"taxonomy":"category","embeddable":true,"href":"https:\/\/meumundopersonalizado.com.br\/blog\/wp-json\/wp\/v2\/categories?post=653"},{"taxonomy":"post_tag","embeddable":true,"href":"https:\/\/meumundopersonalizado.com.br\/blog\/wp-json\/wp\/v2\/tags?post=653"}],"curies":[{"name":"wp","href":"https:\/\/api.w.org\/{rel}","templated":true}]}}