{"id":657,"date":"2017-08-02T22:39:32","date_gmt":"2017-08-03T01:39:32","guid":{"rendered":"https:\/\/meumundopersonalizado.com.br\/blog\/como-o-pai-esta-assumindo-e-contribuindo-mais-na-criacao-dos-filhos\/"},"modified":"2017-08-28T15:51:40","modified_gmt":"2017-08-28T18:51:40","slug":"como-o-pai-esta-assumindo-e-contribuindo-mais-na-criacao-dos-filhos","status":"publish","type":"post","link":"https:\/\/meumundopersonalizado.com.br\/blog\/como-o-pai-esta-assumindo-e-contribuindo-mais-na-criacao-dos-filhos\/","title":{"rendered":"Como o pai est\u00e1 assumindo e contribuindo mais na cria\u00e7\u00e3o dos filhos"},"content":{"rendered":"<p>Foi-se o tempo em que somente a mulher era a respons\u00e1vel pelos cuidados com os filhos! Cada vez mais\u00a0essa tarefa tamb\u00e9m \u00e9 exercida de forma natural pelo pai. Ainda \u00e9 preciso mudar a mentalidade machista da nossa sociedade; por\u00e9m, aos poucos, m\u00e3e e pai passam a participar ativamente da <a href=\"https:\/\/meumundopersonalizado.com.br\/blog\/os-3-pecados-capitais-da-criacao-dos-filhos\/?utm_source=blog&amp;utm_campaign=rc_blogpost\" target=\"_blank\" rel=\"noopener noreferrer\">cria\u00e7\u00e3o dos filhos<\/a> em diversas fam\u00edlias.<\/p>\n<p>No post de hoje, veja como a sociedade vem mudando nesse sentido e outros benef\u00edcios que a participa\u00e7\u00e3o paterna pode proporcionar \u00e0s crian\u00e7as e jovens. Acompanhe!<\/p>\n<p><!--more--><\/p>\n<h2>Ambiente familiar mais saud\u00e1vel<\/h2>\n<p>Hoje, a mulher \u00e9 criada para construir uma carreira, sem precisar largar tudo depois que o filho nasce. Sabemos como se torna dif\u00edcil <a href=\"https:\/\/meumundopersonalizado.com.br\/blog\/casamento-e-filhos-entenda-a-importancia-de-conciliar\/?utm_source=blog&amp;utm_campaign=rc_blogpost\" target=\"_blank\" rel=\"noopener noreferrer\">conciliar<\/a> o trabalho com os cuidados da casa e filhos \u2014 a chamada tripla jornada que as m\u00e3es s\u00e3o obrigadas a enfrentar.<\/p>\n<p>Al\u00e9m de trazer um esgotamento f\u00edsico e mental para a mulher, esse cen\u00e1rio faz com que ela tenha cada vez menos <a href=\"https:\/\/meumundopersonalizado.com.br\/blog\/4-dicas-para-maes-de-como-aproveitar-melhor-o-tempo-com-o-filho\/?utm_source=blog&amp;utm_campaign=rc_blogpost\" target=\"_blank\" rel=\"noopener noreferrer\">tempo de qualidade ao lado dos seus filhos<\/a>. Ent\u00e3o, quando o pai passa a se responsabilizar junto com a m\u00e3e com tudo o que envolve a cria\u00e7\u00e3o dos filhos, a rela\u00e7\u00e3o entre todos da fam\u00edlia se torna mais saud\u00e1vel e feliz.<\/p>\n<h2>Entendimento de que n\u00e3o se trata de uma \u201cajudinha\u201d<\/h2>\n<p>Mas\u00a0n\u00e3o estamos falando do pai dar uma \u201cajudinha\u201d, como ir trocar a fralda do beb\u00ea porque a mulher est\u00e1 ao telefone. \u00c9 ser pai de verdade, realizando os cuidados com os filhos de forma natural e espont\u00e2nea.<\/p>\n<p>Planejar as refei\u00e7\u00f5es das crian\u00e7as, participar da <a href=\"https:\/\/meumundopersonalizado.com.br\/blog\/volta-as-aulas-aprenda-a-organizar-rotina-do-seu-filho\/?utm_source=blog&amp;utm_campaign=rc_blogpost\" target=\"_blank\" rel=\"noopener noreferrer\">rotina escolar<\/a> e reuni\u00f5es com professores, <a href=\"https:\/\/meumundopersonalizado.com.br\/blog\/inspire-se-aprenda-como-contar-historias-e-surpreenda-seu-filho\/?utm_source=blog&amp;utm_campaign=rc_blogpost\" target=\"_blank\" rel=\"noopener noreferrer\">contar hist\u00f3rias<\/a> antes de dormir, levar ao pediatra e para tomar vacinas \u2014 tudo isso pode, e deve, ser feito tamb\u00e9m pelo pai.<\/p>\n<p>Quando o pai assume a responsabilidade com esses cuidados, ele se aproxima mais das crian\u00e7as e adolescentes, transmitindo confian\u00e7a e, \u00e9 claro, carinho.<\/p>\n<h2>Oportunidade de aprendizado para o pai<\/h2>\n<p>Muita gente ainda considera estranho, afinal, h\u00e1 aquela ideia de que homem n\u00e3o sabe cozinhar ou escolher uma roupa para a filha. Realmente, muitos n\u00e3o sabem, mas podem aprender! Afinal, a mulher tamb\u00e9m n\u00e3o nasce sabendo ser m\u00e3e, mas supera todas as dificuldades.<\/p>\n<p>Nesse ponto, \u00e9 importante que a m\u00e3e tamb\u00e9m permita essa participa\u00e7\u00e3o! H\u00e1 aquelas que pegam todas as tarefas para si por perfeccionismo, ou porque acham que os maridos n\u00e3o v\u00e3o conseguir ajudar. O casal deve trabalhar esse ponto lado a lado.<\/p>\n<h2>Novos pais, ou \u201cp\u00e3es\u201d<\/h2>\n<p>Com a <a href=\"http:\/\/www.planalto.gov.br\/ccivil_03\/_ato2011-2014\/2014\/lei\/l13058.htm?utm_source=blog&amp;utm_campaign=rc_blogpost\" target=\"_blank\" rel=\"noopener noreferrer\">Lei 13.058\/2014<\/a>, ficou estabelecida a guarda compartilhada. Sendo assim, em muitas fam\u00edlias na qual o casal \u00e9 separado,\u00a0a guarda da crian\u00e7a \u00e9 dividida entre os dois. Dessa forma, os pais podem assumir\u00a0uma participa\u00e7\u00e3o maior na vida dos filhos, mesmo morando em outra casa.<\/p>\n<p>H\u00e1, ainda, situa\u00e7\u00f5es de pais que criam os filhos sozinhos, sem a m\u00e3e \u2014 os chamados \u201cp\u00e3es\u201d. Eles d\u00e3o muito bem conta do recado, conciliando trabalho e fam\u00edlia. Outro cen\u00e1rio poss\u00edvel s\u00e3o os casais homoafetivos com filhos: dois pais que assumem a cria\u00e7\u00e3o das crian\u00e7as e fazem um trabalho maravilhoso.<\/p>\n<h2>Filhos e pais mais felizes<\/h2>\n<p>O relat\u00f3rio <a href=\"https:\/\/sowf.men-care.org\/?utm_source=blog&amp;utm_campaign=rc_blogpost\">State of the World&#8217;s Fathers<\/a> (&#8220;O Estado dos Pais do Mundo&#8221;), da organiza\u00e7\u00e3o ativista <em>MenCare<\/em>, analisou cerca de 700 pesquisas de v\u00e1rios pa\u00edses e apontou que os filhos crescem mais felizes e s\u00e3o mais bem-educados quando h\u00e1 participa\u00e7\u00e3o ativa do pai na sua cria\u00e7\u00e3o desde cedo.<\/p>\n<p>Os benef\u00edcios dessa conviv\u00eancia tamb\u00e9m se estendem para os pr\u00f3prios pais, que apresentam melhoras em sua sa\u00fade f\u00edsica e mental.<\/p>\n<h2>Mudan\u00e7a de cultura<\/h2>\n<p>Estamos falando de uma mudan\u00e7a de cultura: brincar de casinha e boneca tamb\u00e9m pode fazer parte da inf\u00e2ncia dos meninos. Filhos homens podem, sim, ajudar nas tarefas dom\u00e9sticas, como arrumar a cama e lavar a lou\u00e7a. Aos poucos, \u00e9 poss\u00edvel mudarmos a sociedade para melhor.<\/p>\n<p>Toda a fam\u00edlia s\u00f3 tem a ganhar quando os pais passam a participar de forma ativa de tudo o que envolve a cria\u00e7\u00e3o dos filhos. Outro ponto de destaque \u00e9 que, enquanto a m\u00e3e transmite cuidado, o pai transmite\u00a0seguran\u00e7a; por isso, o resultado dessa rela\u00e7\u00e3o mais pr\u00f3xima s\u00e3o crian\u00e7as mais seguras e confiantes para enfrentar o mundo.<\/p>\n<p>Agora voc\u00ea j\u00e1 sabe como \u00e9 importante que pais e m\u00e3es participem juntos dos cuidados com os filhos! Para mais conte\u00fado como este, siga-nos no <a href=\"https:\/\/www.facebook.com\/MeuMundoPersonalizado?utm_source=blog&amp;utm_campaign=rc_blogpost\" target=\"_blank\" rel=\"noopener noreferrer\">Facebook<\/a>, no <a href=\"https:\/\/www.instagram.com\/meumundopersonalizado_br\/?utm_source=blog&amp;utm_campaign=rc_blogpost\" target=\"_blank\" rel=\"noopener noreferrer\">Instagram<\/a> e no <a href=\"https:\/\/br.pinterest.com\/meumundopersona\/?utm_source=blog&amp;utm_campaign=rc_blogpost\" target=\"_blank\" rel=\"noopener noreferrer\">Pinterest<\/a>!<\/p>\n","protected":false},"excerpt":{"rendered":"<p>Foi-se o tempo em que somente a mulher era a respons\u00e1vel pelos cuidados com os filhos! Cada vez mais\u00a0essa tarefa tamb\u00e9m \u00e9 exercida de forma natural pelo pai. Ainda \u00e9 preciso mudar a mentalidade machista da nossa sociedade; por\u00e9m, aos poucos, m\u00e3e e pai passam a participar ativamente da cria\u00e7\u00e3o dos filhos em diversas fam\u00edlias&#8230;.<\/p>\n","protected":false},"author":1,"featured_media":658,"comment_status":"open","ping_status":"open","sticky":false,"template":"","format":"standard","meta":{"footnotes":""},"categories":[1],"tags":[],"class_list":["post-657","post","type-post","status-publish","format-standard","has-post-thumbnail","hentry","category-novidades","main-post"],"yoast_head":"<!-- This site is optimized with the Yoast SEO plugin v14.1 - https:\/\/yoast.com\/wordpress\/plugins\/seo\/ -->\n<title>Como o pai est\u00e1 assumindo e contribuindo mais na cria\u00e7\u00e3o dos filhos - Blog Meu Mundo Personalizado<\/title>\n<meta name=\"description\" content=\"Neste post, veja como a sociedade vem mudando nesse sentido e outros benef\u00edcios que a participa\u00e7\u00e3o paterna pode proporcionar \u00e0s crian\u00e7as e jovens. Confira!\" \/>\n<meta name=\"robots\" content=\"index, follow\" \/>\n<meta name=\"googlebot\" content=\"index, follow, max-snippet:-1, max-image-preview:large, max-video-preview:-1\" \/>\n<meta name=\"bingbot\" content=\"index, follow, max-snippet:-1, max-image-preview:large, max-video-preview:-1\" \/>\n<link rel=\"canonical\" href=\"https:\/\/meumundopersonalizado.com.br\/blog\/como-o-pai-esta-assumindo-e-contribuindo-mais-na-criacao-dos-filhos\/\" \/>\n<meta property=\"og:locale\" content=\"pt_BR\" \/>\n<meta property=\"og:type\" content=\"article\" \/>\n<meta property=\"og:title\" content=\"Como o pai est\u00e1 assumindo e contribuindo mais na cria\u00e7\u00e3o dos filhos - Blog Meu Mundo Personalizado\" \/>\n<meta property=\"og:description\" content=\"Neste post, veja como a sociedade vem mudando nesse sentido e outros benef\u00edcios que a participa\u00e7\u00e3o paterna pode proporcionar \u00e0s crian\u00e7as e jovens. Confira!\" \/>\n<meta property=\"og:url\" content=\"https:\/\/meumundopersonalizado.com.br\/blog\/como-o-pai-esta-assumindo-e-contribuindo-mais-na-criacao-dos-filhos\/\" \/>\n<meta property=\"og:site_name\" content=\"Blog Meu Mundo Personalizado\" \/>\n<meta property=\"article:published_time\" content=\"2017-08-03T01:39:32+00:00\" \/>\n<meta property=\"article:modified_time\" content=\"2017-08-28T18:51:40+00:00\" \/>\n<meta property=\"og:image\" content=\"https:\/\/meumundopersonalizado.com.br\/blog\/wp-content\/uploads\/2017\/08\/110756-como-o-pai-esta-assumindo-e-contribuindo-mais-na-criacao-dos-filhos.jpg\" \/>\n\t<meta property=\"og:image:width\" content=\"1000\" \/>\n\t<meta property=\"og:image:height\" content=\"667\" \/>\n<meta name=\"twitter:card\" content=\"summary\" \/>\n<script type=\"application\/ld+json\" class=\"yoast-schema-graph\">{\"@context\":\"https:\/\/schema.org\",\"@graph\":[{\"@type\":\"Organization\",\"@id\":\"https:\/\/meumundopersonalizado.com.br\/blog\/#organization\",\"name\":\"Meu Mundo Personalizado\",\"url\":\"https:\/\/meumundopersonalizado.com.br\/blog\/\",\"sameAs\":[],\"logo\":{\"@type\":\"ImageObject\",\"@id\":\"https:\/\/meumundopersonalizado.com.br\/blog\/#logo\",\"inLanguage\":\"pt-BR\",\"url\":\"https:\/\/meumundopersonalizado.com.br\/blog\/wp-content\/uploads\/2016\/06\/Logo-transparent-background.png\",\"width\":600,\"height\":600,\"caption\":\"Meu Mundo Personalizado\"},\"image\":{\"@id\":\"https:\/\/meumundopersonalizado.com.br\/blog\/#logo\"}},{\"@type\":\"WebSite\",\"@id\":\"https:\/\/meumundopersonalizado.com.br\/blog\/#website\",\"url\":\"https:\/\/meumundopersonalizado.com.br\/blog\/\",\"name\":\"Blog Meu Mundo Personalizado\",\"description\":\"Ideias e Novidades\",\"publisher\":{\"@id\":\"https:\/\/meumundopersonalizado.com.br\/blog\/#organization\"},\"potentialAction\":[{\"@type\":\"SearchAction\",\"target\":\"https:\/\/meumundopersonalizado.com.br\/blog\/?s={search_term_string}\",\"query-input\":\"required name=search_term_string\"}],\"inLanguage\":\"pt-BR\"},{\"@type\":\"ImageObject\",\"@id\":\"https:\/\/meumundopersonalizado.com.br\/blog\/como-o-pai-esta-assumindo-e-contribuindo-mais-na-criacao-dos-filhos\/#primaryimage\",\"inLanguage\":\"pt-BR\",\"url\":\"https:\/\/meumundopersonalizado.com.br\/blog\/wp-content\/uploads\/2017\/08\/110756-como-o-pai-esta-assumindo-e-contribuindo-mais-na-criacao-dos-filhos.jpg\",\"width\":1000,\"height\":667,\"caption\":\"O aumento das responsabilidades e e envolvimento dos pais na cria\\u00e7\\u00e3o das crian\\u00e7as\"},{\"@type\":\"WebPage\",\"@id\":\"https:\/\/meumundopersonalizado.com.br\/blog\/como-o-pai-esta-assumindo-e-contribuindo-mais-na-criacao-dos-filhos\/#webpage\",\"url\":\"https:\/\/meumundopersonalizado.com.br\/blog\/como-o-pai-esta-assumindo-e-contribuindo-mais-na-criacao-dos-filhos\/\",\"name\":\"Como o pai est\\u00e1 assumindo e contribuindo mais na cria\\u00e7\\u00e3o dos filhos - Blog Meu Mundo Personalizado\",\"isPartOf\":{\"@id\":\"https:\/\/meumundopersonalizado.com.br\/blog\/#website\"},\"primaryImageOfPage\":{\"@id\":\"https:\/\/meumundopersonalizado.com.br\/blog\/como-o-pai-esta-assumindo-e-contribuindo-mais-na-criacao-dos-filhos\/#primaryimage\"},\"datePublished\":\"2017-08-03T01:39:32+00:00\",\"dateModified\":\"2017-08-28T18:51:40+00:00\",\"description\":\"Neste post, veja como a sociedade vem mudando nesse sentido e outros benef\\u00edcios que a participa\\u00e7\\u00e3o paterna pode proporcionar \\u00e0s crian\\u00e7as e jovens. Confira!\",\"inLanguage\":\"pt-BR\",\"potentialAction\":[{\"@type\":\"ReadAction\",\"target\":[\"https:\/\/meumundopersonalizado.com.br\/blog\/como-o-pai-esta-assumindo-e-contribuindo-mais-na-criacao-dos-filhos\/\"]}]},{\"@type\":\"Article\",\"@id\":\"https:\/\/meumundopersonalizado.com.br\/blog\/como-o-pai-esta-assumindo-e-contribuindo-mais-na-criacao-dos-filhos\/#article\",\"isPartOf\":{\"@id\":\"https:\/\/meumundopersonalizado.com.br\/blog\/como-o-pai-esta-assumindo-e-contribuindo-mais-na-criacao-dos-filhos\/#webpage\"},\"author\":{\"@id\":\"https:\/\/meumundopersonalizado.com.br\/blog\/#\/schema\/person\/6a3dd8dd91add330c0f97fb27a5328b6\"},\"headline\":\"Como o pai est\\u00e1 assumindo e contribuindo mais na cria\\u00e7\\u00e3o dos filhos\",\"datePublished\":\"2017-08-03T01:39:32+00:00\",\"dateModified\":\"2017-08-28T18:51:40+00:00\",\"commentCount\":0,\"mainEntityOfPage\":{\"@id\":\"https:\/\/meumundopersonalizado.com.br\/blog\/como-o-pai-esta-assumindo-e-contribuindo-mais-na-criacao-dos-filhos\/#webpage\"},\"publisher\":{\"@id\":\"https:\/\/meumundopersonalizado.com.br\/blog\/#organization\"},\"image\":{\"@id\":\"https:\/\/meumundopersonalizado.com.br\/blog\/como-o-pai-esta-assumindo-e-contribuindo-mais-na-criacao-dos-filhos\/#primaryimage\"},\"articleSection\":\"Novidades\",\"inLanguage\":\"pt-BR\",\"potentialAction\":[{\"@type\":\"CommentAction\",\"name\":\"Comment\",\"target\":[\"https:\/\/meumundopersonalizado.com.br\/blog\/como-o-pai-esta-assumindo-e-contribuindo-mais-na-criacao-dos-filhos\/#respond\"]}]},{\"@type\":[\"Person\"],\"@id\":\"https:\/\/meumundopersonalizado.com.br\/blog\/#\/schema\/person\/6a3dd8dd91add330c0f97fb27a5328b6\",\"name\":\"GN10\",\"image\":{\"@type\":\"ImageObject\",\"@id\":\"https:\/\/meumundopersonalizado.com.br\/blog\/#personlogo\",\"inLanguage\":\"pt-BR\",\"url\":\"https:\/\/secure.gravatar.com\/avatar\/afe7efc0ead283286a67c3247d43a460?s=96&d=mm&r=g\",\"caption\":\"GN10\"}}]}<\/script>\n<!-- \/ Yoast SEO plugin. -->","_links":{"self":[{"href":"https:\/\/meumundopersonalizado.com.br\/blog\/wp-json\/wp\/v2\/posts\/657"}],"collection":[{"href":"https:\/\/meumundopersonalizado.com.br\/blog\/wp-json\/wp\/v2\/posts"}],"about":[{"href":"https:\/\/meumundopersonalizado.com.br\/blog\/wp-json\/wp\/v2\/types\/post"}],"author":[{"embeddable":true,"href":"https:\/\/meumundopersonalizado.com.br\/blog\/wp-json\/wp\/v2\/users\/1"}],"replies":[{"embeddable":true,"href":"https:\/\/meumundopersonalizado.com.br\/blog\/wp-json\/wp\/v2\/comments?post=657"}],"version-history":[{"count":2,"href":"https:\/\/meumundopersonalizado.com.br\/blog\/wp-json\/wp\/v2\/posts\/657\/revisions"}],"predecessor-version":[{"id":684,"href":"https:\/\/meumundopersonalizado.com.br\/blog\/wp-json\/wp\/v2\/posts\/657\/revisions\/684"}],"wp:featuredmedia":[{"embeddable":true,"href":"https:\/\/meumundopersonalizado.com.br\/blog\/wp-json\/wp\/v2\/media\/658"}],"wp:attachment":[{"href":"https:\/\/meumundopersonalizado.com.br\/blog\/wp-json\/wp\/v2\/media?parent=657"}],"wp:term":[{"taxonomy":"category","embeddable":true,"href":"https:\/\/meumundopersonalizado.com.br\/blog\/wp-json\/wp\/v2\/categories?post=657"},{"taxonomy":"post_tag","embeddable":true,"href":"https:\/\/meumundopersonalizado.com.br\/blog\/wp-json\/wp\/v2\/tags?post=657"}],"curies":[{"name":"wp","href":"https:\/\/api.w.org\/{rel}","templated":true}]}}