{"id":659,"date":"2017-08-15T12:06:04","date_gmt":"2017-08-15T15:06:04","guid":{"rendered":"https:\/\/meumundopersonalizado.com.br\/blog\/uso-do-polvo-de-pelucia-e-croche-como-ele-ajuda-bebes-prematuros\/"},"modified":"2017-08-28T15:49:29","modified_gmt":"2017-08-28T18:49:29","slug":"uso-do-polvo-de-pelucia-e-croche-como-ele-ajuda-bebes-prematuros","status":"publish","type":"post","link":"https:\/\/meumundopersonalizado.com.br\/blog\/uso-do-polvo-de-pelucia-e-croche-como-ele-ajuda-bebes-prematuros\/","title":{"rendered":"Uso do polvo de croch\u00ea: como ele ajuda beb\u00eas prematuros?"},"content":{"rendered":"<p>Voc\u00ea sabia que o uso de polvo de pel\u00facia ou\u00a0croch\u00ea pode ajudar no desenvolvimento de beb\u00eas prematuros? No <em>post<\/em> de hoje, vamos explicar como isso acontece e detalhar a iniciativa, abordando seu surgimento e aplica\u00e7\u00f5es recentes. Acompanhe!<\/p>\n<p><!--more--><\/p>\n<h2>Como tudo come\u00e7ou?<\/h2>\n<p>Criado na Dinamarca em 2013, o <a href=\"https:\/\/www.spruttegruppen.dk\/danish-octo-project-english\/?utm_source=blog&amp;utm_campaign=rc_blogpost\" target=\"_blank\" rel=\"noopener noreferrer\">Octo Project<\/a>\u00a0(Projeto Polvo, em tradu\u00e7\u00e3o livre)\u00a0foi proposto por um grupo de volunt\u00e1rios para auxiliar <a href=\"https:\/\/meumundopersonalizado.com.br\/blog\/6-ideias-de-presentes-para-recem-nascidos-meninos\/?utm_source=blog&amp;utm_campaign=rc_blogpost\">rec\u00e9m-nascido<\/a><a href=\"http:\/\/meumundopersonalizado.com.br\/blog\/6-ideias-de-presentes-para-recem-nascidos-meninos\/?utm_source=blog&amp;utm_campaign=rc_blogpost\" target=\"_blank\" rel=\"noopener noreferrer\">s<\/a> prematuros a se sentirem seguros e confort\u00e1veis em incubadoras das maternidades.<\/p>\n<p>O que\u00a0inicialmente pareceu uma ideia muito simples acabou trazendo resultados surpreendentes: os m\u00e9dicos do Hospital Universit\u00e1rio de Aarhus registraram aumento de oxig\u00eanio no sangue e melhorias nos sistemas card\u00edaco e respirat\u00f3rio dos beb\u00eas observados que ganharam uma companhia de oito tent\u00e1culos.<\/p>\n<h2>Como os polvos auxiliam os beb\u00eas prematuros?<\/h2>\n<p>O motivo para o resultado positivo \u00e9 rela\u00e7\u00e3o de semelhan\u00e7a entre o tent\u00e1culo e o cord\u00e3o umbilical, fazendo com que os rec\u00e9m-nascidos lembrem do per\u00edodo em que estavam no \u00fatero e, por isso, sintam-se mais seguros e confort\u00e1veis.<\/p>\n<p>Para a cria\u00e7\u00e3o do polvo com essa finalidade, a recomenda\u00e7\u00e3o\u00a0\u00e9 que o material utilizado seja 100% algod\u00e3o e os tent\u00e1culos n\u00e3o ultrapassem 22 cent\u00edmetros.<\/p>\n<p>Nesses quatro anos, a ideia se espalhou ao redor do mundo, chegando\u00a0inclusive ao Brasil. O nosso Minist\u00e9rio da Sa\u00fade publicou a <a href=\"https:\/\/drive.google.com\/file\/d\/0BwnyUakxL-JgZ2t3UnZPdm43Uzg\/view?utm_source=blog&amp;utm_campaign=rc_blogpost\">nota t\u00e9cnica 08\/2017<\/a>, em abril deste ano, afirmando que a utiliza\u00e7\u00e3o dos polvos de forma l\u00fadica pode auxiliar na recupera\u00e7\u00e3o de beb\u00eas prematuros internados.<\/p>\n<h2>H\u00e1 algumas hist\u00f3rias de sucesso?<\/h2>\n<p>Foram muitos relatos de \u00eaxito e tamb\u00e9m in\u00fameras fotos nas redes sociais de beb\u00eas fofos abra\u00e7ados com seu polvo amigo. Voc\u00ea j\u00e1 deve ter se deparado com alguma, embora talvez n\u00e3o conhecesse os benef\u00edcios para a sa\u00fade dos pequenos.<\/p>\n<p>A equipe neonatal do Hospital Poole, em Dorset, na Inglaterra, resolveu comprar a ideia e presentear seus pequenos pacientes com um octo. Kat Smith, m\u00e3e de g\u00eameas prematuras \u2014 nascidas com apenas 28 semanas \u2014, relatou que o contato com o polvo possibilitou a <a href=\"http:\/\/prematuridade.com\/index.php\/noticia-mod-interna\/a-incrivel-razao-porque-um-polvo-de-croche-pode-ajudar-um-prematuro-a-viver-8401?utm_source=blog&amp;utm_campaign=rc_blogpost\" target=\"_blank\" rel=\"noopener noreferrer\">sensa\u00e7\u00e3o de seguran\u00e7a em suas filhas<\/a>. Hoje em dia, as crian\u00e7as est\u00e3o muito bem.<\/p>\n<p>Outro caso de sucesso aconteceu com a empres\u00e1ria brasileira Kika Duarte, que deu \u00e0 luz\u00a0um <a href=\"http:\/\/estilo.uol.com.br\/gravidez-e-filhos\/noticias\/redacao\/2017\/03\/28\/para-acalmar-bebes-prematuros-voluntarios-fazem-polvos-de-croche.htm?utm_source=blog&amp;utm_campaign=rc_blogpost\" target=\"_blank\" rel=\"noopener noreferrer\">menino prematuro com 27 semanas<\/a>. A m\u00e3e disse que o beb\u00ea evoluiu com a tranquilidade fornecida pelo bichinho, fazendo com que o impulso de arrancar os fios a que estava conectado na Unidade de Tratamento Intensivo (UTI) diminu\u00edsse.<\/p>\n<p>Al\u00e9m do uso em prematuros com fins de recupera\u00e7\u00e3o, uma dica \u00e9 utilizar o polvo ou outros objetos tamb\u00e9m com crian\u00e7as que nasceram no tempo normal. Sentir seguran\u00e7a e conforto s\u00e3o sensa\u00e7\u00f5es ben\u00e9ficas a todos, n\u00e3o \u00e9 mesmo?<\/p>\n<p>A naninha, por exemplo, ajuda os beb\u00eas a <a href=\"http:\/\/meumundopersonalizado.com.br\/blog\/5-dicas-indispensaveis-sobre-a-naninha-do-bebe\/?utm_source=blog&amp;utm_campaign=rc_blogpost\" target=\"_blank\" rel=\"noopener noreferrer\">suprirem o sentimento de ang\u00fastia, solid\u00e3o ou tristeza na aus\u00eancia dos pais<\/a>. Seja para o seu filho, para presentear as crian\u00e7as de sua fam\u00edlia e de seus amigos ou ainda ser o mimo para os papais e as mam\u00e3es de uma empresa, ela\u00a0\u00e9 uma boa ideia. O polvo de pel\u00facia\/croch\u00ea e a <a href=\"https:\/\/meumundopersonalizado.com.br\/?s=naninha&amp;post_type=product&amp;utm_source=blog&amp;utm_campaign=rc_blogpost\">naninha<\/a> s\u00e3o lembran\u00e7as que unem criatividade e bem-estar.<\/p>\n<p>Gostou de nosso <em>post<\/em>? Que tal compartilh\u00e1-lo em suas redes sociais e mostrar essa interessante iniciativa\u00a0aos seus amigos e familiares?<\/p>\n","protected":false},"excerpt":{"rendered":"<p>Voc\u00ea sabia que o uso de polvo de pel\u00facia ou\u00a0croch\u00ea pode ajudar no desenvolvimento de beb\u00eas prematuros? No post de hoje, vamos explicar como isso acontece e detalhar a iniciativa, abordando seu surgimento e aplica\u00e7\u00f5es recentes. Acompanhe!<\/p>\n","protected":false},"author":2,"featured_media":660,"comment_status":"open","ping_status":"open","sticky":false,"template":"","format":"standard","meta":{"footnotes":""},"categories":[14],"tags":[],"class_list":["post-659","post","type-post","status-publish","format-standard","has-post-thumbnail","hentry","category-bem-estar-e-comportamento","main-post"],"yoast_head":"<!-- This site is optimized with the Yoast SEO plugin v14.1 - https:\/\/yoast.com\/wordpress\/plugins\/seo\/ -->\n<title>Uso do polvo de croch\u00ea: como ele ajuda beb\u00eas prematuros? - Blog Meu Mundo Personalizado<\/title>\n<meta name=\"description\" content=\"Neste post, explicamos como o polvo de croch\u00ea ajuda os beb\u00ea prematuros a se sentirem seguros e confort\u00e1veis em incubadoras das maternidades.. Acompanhe!\" \/>\n<meta name=\"robots\" content=\"index, follow\" \/>\n<meta name=\"googlebot\" content=\"index, follow, max-snippet:-1, max-image-preview:large, max-video-preview:-1\" \/>\n<meta name=\"bingbot\" content=\"index, follow, max-snippet:-1, max-image-preview:large, max-video-preview:-1\" \/>\n<link rel=\"canonical\" href=\"https:\/\/meumundopersonalizado.com.br\/blog\/uso-do-polvo-de-pelucia-e-croche-como-ele-ajuda-bebes-prematuros\/\" \/>\n<meta property=\"og:locale\" content=\"pt_BR\" \/>\n<meta property=\"og:type\" content=\"article\" \/>\n<meta property=\"og:title\" content=\"Uso do polvo de croch\u00ea: como ele ajuda beb\u00eas prematuros? - Blog Meu Mundo Personalizado\" \/>\n<meta property=\"og:description\" content=\"Neste post, explicamos como o polvo de croch\u00ea ajuda os beb\u00ea prematuros a se sentirem seguros e confort\u00e1veis em incubadoras das maternidades.. Acompanhe!\" \/>\n<meta property=\"og:url\" content=\"https:\/\/meumundopersonalizado.com.br\/blog\/uso-do-polvo-de-pelucia-e-croche-como-ele-ajuda-bebes-prematuros\/\" \/>\n<meta property=\"og:site_name\" content=\"Blog Meu Mundo Personalizado\" \/>\n<meta property=\"article:published_time\" content=\"2017-08-15T15:06:04+00:00\" \/>\n<meta property=\"article:modified_time\" content=\"2017-08-28T18:49:29+00:00\" \/>\n<meta property=\"og:image\" content=\"https:\/\/meumundopersonalizado.com.br\/blog\/wp-content\/uploads\/2017\/08\/106909-uso-do-polvo-de-pelucia-e-croche-como-ele-ajuda-bebes-prematuros.jpg\" \/>\n\t<meta property=\"og:image:width\" content=\"1000\" \/>\n\t<meta property=\"og:image:height\" content=\"667\" \/>\n<meta name=\"twitter:card\" content=\"summary\" \/>\n<script type=\"application\/ld+json\" class=\"yoast-schema-graph\">{\"@context\":\"https:\/\/schema.org\",\"@graph\":[{\"@type\":\"Organization\",\"@id\":\"https:\/\/meumundopersonalizado.com.br\/blog\/#organization\",\"name\":\"Meu Mundo Personalizado\",\"url\":\"https:\/\/meumundopersonalizado.com.br\/blog\/\",\"sameAs\":[],\"logo\":{\"@type\":\"ImageObject\",\"@id\":\"https:\/\/meumundopersonalizado.com.br\/blog\/#logo\",\"inLanguage\":\"pt-BR\",\"url\":\"https:\/\/meumundopersonalizado.com.br\/blog\/wp-content\/uploads\/2016\/06\/Logo-transparent-background.png\",\"width\":600,\"height\":600,\"caption\":\"Meu Mundo Personalizado\"},\"image\":{\"@id\":\"https:\/\/meumundopersonalizado.com.br\/blog\/#logo\"}},{\"@type\":\"WebSite\",\"@id\":\"https:\/\/meumundopersonalizado.com.br\/blog\/#website\",\"url\":\"https:\/\/meumundopersonalizado.com.br\/blog\/\",\"name\":\"Blog Meu Mundo Personalizado\",\"description\":\"Ideias e Novidades\",\"publisher\":{\"@id\":\"https:\/\/meumundopersonalizado.com.br\/blog\/#organization\"},\"potentialAction\":[{\"@type\":\"SearchAction\",\"target\":\"https:\/\/meumundopersonalizado.com.br\/blog\/?s={search_term_string}\",\"query-input\":\"required name=search_term_string\"}],\"inLanguage\":\"pt-BR\"},{\"@type\":\"ImageObject\",\"@id\":\"https:\/\/meumundopersonalizado.com.br\/blog\/uso-do-polvo-de-pelucia-e-croche-como-ele-ajuda-bebes-prematuros\/#primaryimage\",\"inLanguage\":\"pt-BR\",\"url\":\"https:\/\/meumundopersonalizado.com.br\/blog\/wp-content\/uploads\/2017\/08\/106909-uso-do-polvo-de-pelucia-e-croche-como-ele-ajuda-bebes-prematuros.jpg\",\"width\":1000,\"height\":667,\"caption\":\"Polvo de croch\\u00ea como objeto terap\\u00eautico usado para ajudar beb\\u00eas prematuros\"},{\"@type\":\"WebPage\",\"@id\":\"https:\/\/meumundopersonalizado.com.br\/blog\/uso-do-polvo-de-pelucia-e-croche-como-ele-ajuda-bebes-prematuros\/#webpage\",\"url\":\"https:\/\/meumundopersonalizado.com.br\/blog\/uso-do-polvo-de-pelucia-e-croche-como-ele-ajuda-bebes-prematuros\/\",\"name\":\"Uso do polvo de croch\\u00ea: como ele ajuda beb\\u00eas prematuros? - Blog Meu Mundo Personalizado\",\"isPartOf\":{\"@id\":\"https:\/\/meumundopersonalizado.com.br\/blog\/#website\"},\"primaryImageOfPage\":{\"@id\":\"https:\/\/meumundopersonalizado.com.br\/blog\/uso-do-polvo-de-pelucia-e-croche-como-ele-ajuda-bebes-prematuros\/#primaryimage\"},\"datePublished\":\"2017-08-15T15:06:04+00:00\",\"dateModified\":\"2017-08-28T18:49:29+00:00\",\"description\":\"Neste post, explicamos como o polvo de croch\\u00ea ajuda os beb\\u00ea prematuros a se sentirem seguros e confort\\u00e1veis em incubadoras das maternidades.. Acompanhe!\",\"inLanguage\":\"pt-BR\",\"potentialAction\":[{\"@type\":\"ReadAction\",\"target\":[\"https:\/\/meumundopersonalizado.com.br\/blog\/uso-do-polvo-de-pelucia-e-croche-como-ele-ajuda-bebes-prematuros\/\"]}]},{\"@type\":\"Article\",\"@id\":\"https:\/\/meumundopersonalizado.com.br\/blog\/uso-do-polvo-de-pelucia-e-croche-como-ele-ajuda-bebes-prematuros\/#article\",\"isPartOf\":{\"@id\":\"https:\/\/meumundopersonalizado.com.br\/blog\/uso-do-polvo-de-pelucia-e-croche-como-ele-ajuda-bebes-prematuros\/#webpage\"},\"author\":{\"@id\":\"https:\/\/meumundopersonalizado.com.br\/blog\/#\/schema\/person\/7152250683ecb9cb4b7c612c699d48a6\"},\"headline\":\"Uso do polvo de croch\\u00ea: como ele ajuda beb\\u00eas prematuros?\",\"datePublished\":\"2017-08-15T15:06:04+00:00\",\"dateModified\":\"2017-08-28T18:49:29+00:00\",\"commentCount\":0,\"mainEntityOfPage\":{\"@id\":\"https:\/\/meumundopersonalizado.com.br\/blog\/uso-do-polvo-de-pelucia-e-croche-como-ele-ajuda-bebes-prematuros\/#webpage\"},\"publisher\":{\"@id\":\"https:\/\/meumundopersonalizado.com.br\/blog\/#organization\"},\"image\":{\"@id\":\"https:\/\/meumundopersonalizado.com.br\/blog\/uso-do-polvo-de-pelucia-e-croche-como-ele-ajuda-bebes-prematuros\/#primaryimage\"},\"articleSection\":\"Bem-estar e Comportamento\",\"inLanguage\":\"pt-BR\",\"potentialAction\":[{\"@type\":\"CommentAction\",\"name\":\"Comment\",\"target\":[\"https:\/\/meumundopersonalizado.com.br\/blog\/uso-do-polvo-de-pelucia-e-croche-como-ele-ajuda-bebes-prematuros\/#respond\"]}]},{\"@type\":[\"Person\"],\"@id\":\"https:\/\/meumundopersonalizado.com.br\/blog\/#\/schema\/person\/7152250683ecb9cb4b7c612c699d48a6\",\"name\":\"Meu Mundo Personalizado\",\"image\":{\"@type\":\"ImageObject\",\"@id\":\"https:\/\/meumundopersonalizado.com.br\/blog\/#personlogo\",\"inLanguage\":\"pt-BR\",\"url\":\"https:\/\/secure.gravatar.com\/avatar\/01147ea0fb838750523bfccf1bad0be1?s=96&d=mm&r=g\",\"caption\":\"Meu Mundo Personalizado\"}}]}<\/script>\n<!-- \/ Yoast SEO plugin. -->","_links":{"self":[{"href":"https:\/\/meumundopersonalizado.com.br\/blog\/wp-json\/wp\/v2\/posts\/659"}],"collection":[{"href":"https:\/\/meumundopersonalizado.com.br\/blog\/wp-json\/wp\/v2\/posts"}],"about":[{"href":"https:\/\/meumundopersonalizado.com.br\/blog\/wp-json\/wp\/v2\/types\/post"}],"author":[{"embeddable":true,"href":"https:\/\/meumundopersonalizado.com.br\/blog\/wp-json\/wp\/v2\/users\/2"}],"replies":[{"embeddable":true,"href":"https:\/\/meumundopersonalizado.com.br\/blog\/wp-json\/wp\/v2\/comments?post=659"}],"version-history":[{"count":2,"href":"https:\/\/meumundopersonalizado.com.br\/blog\/wp-json\/wp\/v2\/posts\/659\/revisions"}],"predecessor-version":[{"id":682,"href":"https:\/\/meumundopersonalizado.com.br\/blog\/wp-json\/wp\/v2\/posts\/659\/revisions\/682"}],"wp:featuredmedia":[{"embeddable":true,"href":"https:\/\/meumundopersonalizado.com.br\/blog\/wp-json\/wp\/v2\/media\/660"}],"wp:attachment":[{"href":"https:\/\/meumundopersonalizado.com.br\/blog\/wp-json\/wp\/v2\/media?parent=659"}],"wp:term":[{"taxonomy":"category","embeddable":true,"href":"https:\/\/meumundopersonalizado.com.br\/blog\/wp-json\/wp\/v2\/categories?post=659"},{"taxonomy":"post_tag","embeddable":true,"href":"https:\/\/meumundopersonalizado.com.br\/blog\/wp-json\/wp\/v2\/tags?post=659"}],"curies":[{"name":"wp","href":"https:\/\/api.w.org\/{rel}","templated":true}]}}