{"id":666,"date":"2017-08-24T17:28:37","date_gmt":"2017-08-24T20:28:37","guid":{"rendered":"https:\/\/meumundopersonalizado.com.br\/blog\/?p=666"},"modified":"2020-06-09T21:23:15","modified_gmt":"2020-06-10T00:23:15","slug":"ideias-de-cestas-kits-para-bebes-para-presentear-seus-funcionarios","status":"publish","type":"post","link":"https:\/\/meumundopersonalizado.com.br\/blog\/ideias-de-cestas-kits-para-bebes-para-presentear-seus-funcionarios\/","title":{"rendered":"10 Ideias de Cestas, Kits Beb\u00eas e Quadros para presentear seus Funcion\u00e1rios!"},"content":{"rendered":"<p><span style=\"font-size: 12pt;\"><span style=\"font-weight: 400;\">Voc\u00ea j\u00e1 parou para refletir sobre os momentos especiais vivenciados por seus\u00a0<\/span><a href=\"https:\/\/meumundopersonalizado.com.br\/blog\/6-maneiras-inovadoras-de-gratificar-e-motivar-seus-funcionarios\/\"><span style=\"font-weight: 400;\">funcion\u00e1rios<\/span><\/a><span style=\"font-weight: 400;\"> dentro da<\/span><span style=\"font-weight: 400;\"> empresa? E fora do ambiente corporativo?\u00a0<\/span><\/span><\/p>\n<p><span style=\"font-size: 12pt;\"><span style=\"font-weight: 400;\">A maternidade, por exemplo, pode ser uma boa ocasi\u00e3o para presentear quem passa tanto tempo ajudando <\/span><span style=\"font-weight: 400;\">o neg\u00f3cio <\/span><span style=\"font-weight: 400;\">a crescer!<\/span><\/span><\/p>\n<p><span style=\"font-size: 12pt;\"><span style=\"font-weight: 400;\">Kits e presentes pensados especialmente para os beb\u00eas, s\u00e3o uma op\u00e7\u00e3o que agradam n\u00e3o <\/span><span style=\"font-weight: 400;\">somente<\/span><span style=\"font-weight: 400;\"> pela delicadeza, mas tamb\u00e9m pela utilidade, <\/span><span style=\"font-weight: 400;\">afinal, este tipo de presente vem recheado de itens super pr\u00e1ticos para os novos papais e mam\u00e3es!<\/span><\/span><\/p>\n<p><span style=\"font-size: 12pt;\"><span style=\"font-weight: 400;\">Pensando nisso, <\/span><span style=\"font-weight: 400;\">neste post <\/span><span style=\"font-weight: 400;\">vamos ajudar <\/span><span style=\"font-weight: 400;\">voc\u00ea<\/span><span style=\"font-weight: 400;\"> a escolher o presente ideal <\/span><span style=\"font-weight: 400;\">e marcar este momento do colaborador de forma inesquec\u00edvel!<\/span><\/span><\/p>\n<h3><span style=\"font-size: 12pt;\"><b><\/b><a href=\"https:\/\/meumundopersonalizado.com.br\/produto\/kit-presente-recem-nascido-hora-do-banho-unissex\/\"><b>Kit para a hora do banho<\/b><b>!<\/b><\/a><\/span><\/h3>\n<p><span style=\"font-size: 12pt;\"><span style=\"font-weight: 400;\">Esta escolha deve obedecer quase exclusivamente a uma regra: a\u00a0utilidade. Isso quer dizer que o presente\u00a0deve conter alguns itens b\u00e1sicos para facilitar os cuidados com o\u00a0<\/span><a href=\"https:\/\/meumundopersonalizado.com.br\/blog\/6-ideias-de-presentes-para-recem-nascidos-meninos\/\"><span style=\"font-weight: 400;\">rec\u00e9m-nascido<\/span><\/a><span style=\"font-weight: 400;\">, certo?<\/span><\/span><\/p>\n<p><span style=\"font-size: 12pt;\"><span style=\"font-weight: 400;\">Pensando nisso, uma \u00f3tima ideia \u00e9 oferecer aos papais um\u00a0<\/span><a href=\"https:\/\/meumundopersonalizado.com.br\/produto\/kit-presente-recem-nascido-essenciais-unissex\/\"><span style=\"font-weight: 400;\">kit voltado para essa necessidade<\/span><\/a><span style=\"font-weight: 400;\">!<\/span><\/span><\/p>\n<p><span style=\"font-size: 12pt;\"><span style=\"font-weight: 400;\">E j\u00e1 que banho \u00e9 quase um\u00a0<\/span><a href=\"https:\/\/meumundopersonalizado.com.br\/blog\/qual-a-melhor-forma-de-dar-banho-em-recem-nascido\/\"><span style=\"font-weight: 400;\">ritual<\/span><\/a><span style=\"font-weight: 400;\">, principalmente\u00a0quando se trata de um rec\u00e9m-nascido, esse \u00e9\u00a0um momento que deve ser repleto de cuidado e troca de carinho com o novo membro da fam\u00edlia.<\/span><\/span><\/p>\n<p><span style=\"font-size: 12pt;\"><span style=\"font-weight: 400;\">Toalha com capuz, manta, al\u00e9m de itens essenciais como shampoo, condicionador e sabonete<\/span><span style=\"font-weight: 400;\"> fazem p<\/span><span style=\"font-weight: 400;\">arte de alguns destes kits!<\/span><\/span><\/p>\n<p><span style=\"font-size: 12pt;\"><span style=\"font-weight: 400;\">Inclusive, uma possibilidade muito bacana \u00e9 poder inserir o nome do beb\u00ea tanto na manta, quanto na toalha, <\/span><span style=\"font-weight: 400;\">conferindo exclusividade<\/span><span style=\"font-weight: 400;\"> ao mimo\u00a0oferecido pela empresa!<\/span><\/span><\/p>\n<div id=\"attachment_839\" style=\"width: 510px\" class=\"wp-caption aligncenter\"><a href=\"http:\/\/https:\/\/meumundopersonalizado.com.br\/produto\/kit-presente-recem-nascido-hora-do-banho-unissex\/\"><img loading=\"lazy\" decoding=\"async\" aria-describedby=\"caption-attachment-839\" class=\"wp-image-839\" src=\"https:\/\/meumundopersonalizado.com.br\/blog\/wp-content\/uploads\/2017\/08\/1-300x300.jpg\" alt=\"Kit Presente Rec\u00e9m-Nascido \u201cHora do Banho&quot;\" width=\"500\" height=\"500\" srcset=\"https:\/\/meumundopersonalizado.com.br\/blog\/wp-content\/uploads\/2017\/08\/1-300x300.jpg 300w, https:\/\/meumundopersonalizado.com.br\/blog\/wp-content\/uploads\/2017\/08\/1-150x150.jpg 150w, https:\/\/meumundopersonalizado.com.br\/blog\/wp-content\/uploads\/2017\/08\/1-768x768.jpg 768w, https:\/\/meumundopersonalizado.com.br\/blog\/wp-content\/uploads\/2017\/08\/1.jpg 859w\" sizes=\"(max-width: 500px) 100vw, 500px\" \/><\/a><p id=\"caption-attachment-839\" class=\"wp-caption-text\"><span style=\"font-size: 10pt;\"><em>Kit Presente Rec\u00e9m-Nascido \u201cHora do Banho\u201d \u2013 Unissex <span style=\"font-weight: 400;\">a partir de R$ 159,80<\/span><\/em><\/span><\/p><\/div>\n<p>&nbsp;<\/p>\n<h3><span style=\"font-size: 12pt;\"><b><\/b><a href=\"https:\/\/meumundopersonalizado.com.br\/produto\/kit-presente-recem-nascido-hora-do-banho-unissex\/\"><b>Kit\u00a0rec\u00e9m-nascido essenciais<\/b><\/a>\u00a0<\/span><\/h3>\n<h3><span style=\"font-weight: 400; font-size: 12pt;\">Que tal um kit com itens que n\u00e3o podem faltar nos primeiros meses do beb\u00ea? Como o pr\u00f3prio nome sugere, esse kit \u00e9 composto por tudo que \u00e9 essencial nessa fase t\u00e3o gostosa.<\/span><\/h3>\n<p><span style=\"font-size: 12pt;\"><span style=\"font-weight: 400;\">Body, babador, babeiro, meias, shampoo, condicionador e sabonete. Com esses itens o presente tem tudo para ser \u00fatil, sem falar na possibilidade de personaliza\u00e7\u00e3o do babador, que deixa <\/span><span style=\"font-weight: 400;\">este presente <\/span><span style=\"font-weight: 400;\">ainda mais especial!<\/span><\/span><\/p>\n<div id=\"attachment_840\" style=\"width: 510px\" class=\"wp-caption aligncenter\"><a href=\"http:\/\/https:\/\/meumundopersonalizado.com.br\/produto\/kit-presente-recem-nascido-essenciais-meninos\/\"><img loading=\"lazy\" decoding=\"async\" aria-describedby=\"caption-attachment-840\" class=\"wp-image-840\" src=\"https:\/\/meumundopersonalizado.com.br\/blog\/wp-content\/uploads\/2017\/08\/1-1-300x300.jpg\" alt=\"Kit Presente Rec\u00e9m-Nascido Boas-Vindas \u2013 Meninos\" width=\"500\" height=\"500\" srcset=\"https:\/\/meumundopersonalizado.com.br\/blog\/wp-content\/uploads\/2017\/08\/1-1-300x300.jpg 300w, https:\/\/meumundopersonalizado.com.br\/blog\/wp-content\/uploads\/2017\/08\/1-1-150x150.jpg 150w, https:\/\/meumundopersonalizado.com.br\/blog\/wp-content\/uploads\/2017\/08\/1-1-768x768.jpg 768w, https:\/\/meumundopersonalizado.com.br\/blog\/wp-content\/uploads\/2017\/08\/1-1.jpg 1000w\" sizes=\"(max-width: 500px) 100vw, 500px\" \/><\/a><p id=\"caption-attachment-840\" class=\"wp-caption-text\"><span style=\"font-size: 10pt;\"><em>Kit Presente Rec\u00e9m-Nascido Boas-Vindas \u2013 Meninos a partir de R$148<\/em><\/span><\/p><\/div>\n<p>&nbsp;<\/p>\n<h3><span style=\"font-size: 12pt;\"><b><\/b><a href=\"https:\/\/meumundopersonalizado.com.br\/?s=pantufa&amp;post_type=product\"><b>Kit Beb\u00ea com naninha, pantufinha e manta personalizada<\/b><\/a>\u00a0<\/span><\/h3>\n<p><span style=\"font-weight: 400; font-size: 12pt;\">Este kit \u00e9 perfeito para presentear os rec\u00e9m-nascidos, pois \u00e9 composto por itens b\u00e1sicos e muito \u00fateis para o enxoval do beb\u00ea.<\/span><\/p>\n<p><span style=\"font-size: 12pt;\"><span style=\"font-weight: 400;\">Al\u00e9m disto,<\/span> <span style=\"font-weight: 400;\">essa op\u00e7\u00e3o permite inserir o nome do beb\u00ea tanto na manta quanto na naninha e <\/span><span style=\"font-weight: 400;\">sem custo adicional!<\/span><\/span><\/p>\n<p><span style=\"font-weight: 400; font-size: 12pt;\">Este \u00e9 um presente que pode casar bem em muitas ocasi\u00f5es, como ch\u00e1s de beb\u00ea, sa\u00edda para a licen\u00e7a maternidade ou ainda para presentear os novos pais na primeira visita de boas-vindas \u00e0 beb\u00ea.<\/span><\/p>\n<p>&nbsp;<\/p>\n<div id=\"attachment_841\" style=\"width: 510px\" class=\"wp-caption aligncenter\"><img loading=\"lazy\" decoding=\"async\" aria-describedby=\"caption-attachment-841\" class=\"wp-image-841\" src=\"https:\/\/meumundopersonalizado.com.br\/blog\/wp-content\/uploads\/2017\/08\/1-2-300x300.jpg\" alt=\"Kit Beb\u00ea Dupla Face Ursinha- Meninas\" width=\"500\" height=\"500\" srcset=\"https:\/\/meumundopersonalizado.com.br\/blog\/wp-content\/uploads\/2017\/08\/1-2-300x300.jpg 300w, https:\/\/meumundopersonalizado.com.br\/blog\/wp-content\/uploads\/2017\/08\/1-2-150x150.jpg 150w, https:\/\/meumundopersonalizado.com.br\/blog\/wp-content\/uploads\/2017\/08\/1-2-768x768.jpg 768w, https:\/\/meumundopersonalizado.com.br\/blog\/wp-content\/uploads\/2017\/08\/1-2.jpg 800w\" sizes=\"(max-width: 500px) 100vw, 500px\" \/><p id=\"caption-attachment-841\" class=\"wp-caption-text\"><em><span style=\"font-size: 10pt;\">Kit Beb\u00ea Dupla Face Ursinha- Meninas a partir de R$148,50<\/span><\/em><\/p><\/div>\n<p>&nbsp;<\/p>\n<h4><span style=\"font-size: 12pt;\"><b>J\u00e1 pensou em um\u00a0<\/b><a href=\"https:\/\/meumundopersonalizado.com.br\/s=buqu%C3%AA&amp;post_type=product\"><b>buqu\u00ea maternidade<\/b><\/a><b>?<\/b><\/span><\/h4>\n<p><span style=\"font-size: 12pt;\"><span style=\"font-weight: 400;\">Um buqu\u00ea \u00e9 sempre sin\u00f4nimo de carinho, ainda mais quando \u00e9 pensado e <\/span><span style=\"font-weight: 400;\">desenvolvido<\/span><span style=\"font-weight: 400;\"> especialmente para a maternidade, <\/span><span style=\"font-weight: 400;\">o que torna este mimo super criativo!\u00a0\u00a0<\/span><\/span><\/p>\n<p><span style=\"font-size: 12pt;\"><span style=\"font-weight: 400;\">As flores <\/span><span style=\"font-weight: 400;\">naturais, neste presente, <\/span><span style=\"font-weight: 400;\">s\u00e3o substitu\u00eddas por roupinhas e demais itens, <\/span><span style=\"font-weight: 400;\">permitindo i<\/span><span style=\"font-weight: 400;\">nclusive, que ele seja entregue na maternidade!\u00a0<\/span><\/span><\/p>\n<p><span style=\"font-size: 12pt;\"><span style=\"font-weight: 400;\">Este luxuoso kit conta com um babador que pode ser personalizado sem custo adicional, al\u00e9m de <\/span><span style=\"font-weight: 400;\">um body, dois pares de meias e um babeiro.<\/span><\/span><\/p>\n<p><span style=\"font-weight: 400; font-size: 12pt;\">O ursinho de pel\u00facia d\u00e1 o toque final ao kit, tornando este, um presente ainda mais especial!<\/span><\/p>\n<div id=\"attachment_842\" style=\"width: 510px\" class=\"wp-caption aligncenter\"><a href=\"http:\/\/https:\/\/meumundopersonalizado.com.br\/produto\/kit-buque-maternidade-e-ursinho-de-pelucia-meninas-copia\/\"><img loading=\"lazy\" decoding=\"async\" aria-describedby=\"caption-attachment-842\" class=\"wp-image-842\" src=\"https:\/\/meumundopersonalizado.com.br\/blog\/wp-content\/uploads\/2017\/08\/1-3-300x300.jpg\" alt=\"Kit Buqu\u00ea Maternidade e Ursinho de Pel\u00facia \u2013 Meninos\" width=\"500\" height=\"500\" srcset=\"https:\/\/meumundopersonalizado.com.br\/blog\/wp-content\/uploads\/2017\/08\/1-3-300x300.jpg 300w, https:\/\/meumundopersonalizado.com.br\/blog\/wp-content\/uploads\/2017\/08\/1-3-150x150.jpg 150w, https:\/\/meumundopersonalizado.com.br\/blog\/wp-content\/uploads\/2017\/08\/1-3-768x768.jpg 768w, https:\/\/meumundopersonalizado.com.br\/blog\/wp-content\/uploads\/2017\/08\/1-3.jpg 800w\" sizes=\"(max-width: 500px) 100vw, 500px\" \/><\/a><p id=\"caption-attachment-842\" class=\"wp-caption-text\"><em><span style=\"font-size: 10pt;\">Kit Buqu\u00ea Maternidade e Ursinho de Pel\u00facia \u2013 Meninos a partir de R$232<\/span><\/em><\/p><\/div>\n<p>&nbsp;<\/p>\n<h3><span style=\"font-size: 12pt;\"><b><\/b><a href=\"https:\/\/meumundopersonalizado.com.br\/?s=cesta&amp;post_type=product\"><b>Cestas Nascimento<\/b><\/a><b>\u00a0<\/b><\/span><\/h3>\n<p><span style=\"font-weight: 400; font-size: 12pt;\">Se voc\u00ea est\u00e1 procurando um presente super completo para um colega ou funcion\u00e1rio de sua empresa, as cestas maternidade s\u00e3o perfeitas!\u00a0<\/span><\/p>\n<p><span style=\"font-size: 12pt;\"><span style=\"font-weight: 400;\">Embaladas de forma diferenciada, <\/span><span style=\"font-weight: 400;\">essa op\u00e7\u00e3o de presente<\/span> <span style=\"font-weight: 400;\">\u00e9 luxuosa <\/span><span style=\"font-weight: 400;\">e <\/span><span style=\"font-weight: 400;\">conta com <\/span><span style=\"font-weight: 400;\">itens essenciais <\/span><span style=\"font-weight: 400;\">para o<\/span><span style=\"font-weight: 400;\"> \u201cguarda-roupa\u201d do beb\u00ea, <\/span><span style=\"font-weight: 400;\">al\u00e9m de ser entregue com embalagens cria<\/span><span style=\"font-weight: 400;\">tivas: o babador e o paninho de boca viram um cupcake com direito a caixinha e tudo, enquanto o body vira um delicado pirulito.\u00a0<\/span><\/span><\/p>\n<p><span style=\"font-size: 12pt;\"><span style=\"font-weight: 400;\">As cestas ainda cont\u00eam uma manta personalizada e uma linda pel\u00facia, para dar uma charme <\/span><span style=\"font-weight: 400;\">todo<\/span><span style=\"font-weight: 400;\"> especial ao presente.<\/span><\/span><\/p>\n<p><span style=\"font-size: 12pt;\"><span style=\"font-weight: 400;\">No modelo de cesta mais completo, ela ainda <\/span><span style=\"font-weight: 400;\">vem acompanhada de <\/span><span style=\"font-weight: 400;\">uma toalha felpuda com capuz, a qual pode ser personalizada, al\u00e9m de itens essenciais para a hora do banho, como shampoo, condicionador e sabonete!<\/span><\/span><\/p>\n<div id=\"attachment_843\" style=\"width: 510px\" class=\"wp-caption aligncenter\"><a href=\"http:\/\/https:\/\/meumundopersonalizado.com.br\/produto\/cesta-nascimento-bebe-c-kit-banho-c-todos-os-itens-personalizados-rosa\/\"><img loading=\"lazy\" decoding=\"async\" aria-describedby=\"caption-attachment-843\" class=\"wp-image-843\" src=\"https:\/\/meumundopersonalizado.com.br\/blog\/wp-content\/uploads\/2017\/08\/1-4-300x300.jpg\" alt=\"Cesta Nascimento Beb\u00ea c\/ Kit Banho c\/ todos os itens personalizados \u2013 Rosa\" width=\"500\" height=\"500\" srcset=\"https:\/\/meumundopersonalizado.com.br\/blog\/wp-content\/uploads\/2017\/08\/1-4-300x300.jpg 300w, https:\/\/meumundopersonalizado.com.br\/blog\/wp-content\/uploads\/2017\/08\/1-4.jpg 1024w, https:\/\/meumundopersonalizado.com.br\/blog\/wp-content\/uploads\/2017\/08\/1-4-150x150.jpg 150w, https:\/\/meumundopersonalizado.com.br\/blog\/wp-content\/uploads\/2017\/08\/1-4-768x768.jpg 768w\" sizes=\"(max-width: 500px) 100vw, 500px\" \/><\/a><p id=\"caption-attachment-843\" class=\"wp-caption-text\"><em><span style=\"font-size: 10pt;\">Cesta Nascimento c\/ Kit Banho c\/ todos os itens personalizados a partir de R$475<\/span><\/em><\/p><\/div>\n<h3><\/h3>\n<p><a href=\"https:\/\/meumundopersonalizado.com.br\/?s=pelu&amp;post_type=product\"><span style=\"font-size: 12pt;\"><b>Pel\u00facias!<\/b><\/span><\/a><\/p>\n<p><span style=\"font-weight: 400; font-size: 12pt;\">Podendo decorar tanto um ch\u00e1 de revela\u00e7\u00e3o, quanto um ch\u00e1 de beb\u00ea, as pel\u00facias s\u00e3o uma op\u00e7\u00e3o que agradam n\u00e3o somente pela delicadeza, mas tamb\u00e9m por eternizarem um gesto de carinho!\u00a0\u00a0<\/span><\/p>\n<p><span style=\"font-weight: 400; font-size: 12pt;\">Sabe aquela primeira ida \u00e0 maternidade para conhecer o novo beb\u00ea? Elas tamb\u00e9m s\u00e3o perfeitas para esta visita, anivers\u00e1rio de crian\u00e7as e at\u00e9 para os adultos!<\/span><\/p>\n<p><span style=\"font-weight: 400; font-size: 12pt;\">Este tipo de presente pode inclusive acompanhar a crian\u00e7a durante anos, ainda mais na forma personalizada, ganhando um tom ainda mais especial!<\/span><\/p>\n<p>&nbsp;<\/p>\n<div id=\"attachment_844\" style=\"width: 510px\" class=\"wp-caption aligncenter\"><a href=\"http:\/\/https:\/\/meumundopersonalizado.com.br\/produto\/ursinha-com-camiseta-personalizada-decoracao-cha-de-bebe-meninas\/\"><img loading=\"lazy\" decoding=\"async\" aria-describedby=\"caption-attachment-844\" class=\"wp-image-844\" src=\"https:\/\/meumundopersonalizado.com.br\/blog\/wp-content\/uploads\/2017\/08\/1-5-300x300.jpg\" alt=\"Ursinha c\/ Camiseta Personalizada \u2013 Decora\u00e7\u00e3o Ch\u00e1 de Beb\u00ea \u2013 Meninas\" width=\"500\" height=\"500\" srcset=\"https:\/\/meumundopersonalizado.com.br\/blog\/wp-content\/uploads\/2017\/08\/1-5-300x300.jpg 300w, https:\/\/meumundopersonalizado.com.br\/blog\/wp-content\/uploads\/2017\/08\/1-5-150x150.jpg 150w, https:\/\/meumundopersonalizado.com.br\/blog\/wp-content\/uploads\/2017\/08\/1-5-768x768.jpg 768w, https:\/\/meumundopersonalizado.com.br\/blog\/wp-content\/uploads\/2017\/08\/1-5.jpg 1000w\" sizes=\"(max-width: 500px) 100vw, 500px\" \/><\/a><p id=\"caption-attachment-844\" class=\"wp-caption-text\"><em><span style=\"font-size: 10pt;\">Ursinha c\/ Camiseta Personalizada a partir de R$78<\/span><\/em><\/p><\/div>\n<p>&nbsp;<\/p>\n<h3><span style=\"font-size: 12pt;\"><a href=\"https:\/\/meumundopersonalizado.com.br\/s=quadro+nascimento&amp;post_type=product\"><b>Quadros para Registrar o Nascimento!<\/b><\/a><span style=\"font-weight: 400;\">\u00a0<\/span><\/span><\/h3>\n<p><span style=\"font-size: 12pt;\"><span style=\"font-weight: 400;\">E se o ambiente empresarial costuma ser <\/span><span style=\"font-weight: 400;\">um tanto quanto<\/span><span style=\"font-weight: 400;\"> impessoal, mimar seu colaborador n<\/span><span style=\"font-weight: 400;\">o momento do nascimento do beb\u00ea<\/span><span style=\"font-weight: 400;\">,\u00a0\u00e9 um ato que vai muito al\u00e9m de\u00a0presentear: <\/span><span style=\"font-weight: 400;\">a partir dele, <\/span><span style=\"font-weight: 400;\">a rela\u00e7\u00e3o entre empresa e funcion\u00e1rio <\/span><span style=\"font-weight: 400;\">pode atingir <\/span><span style=\"font-weight: 400;\">outro patamar!<\/span><\/span><\/p>\n<p><span style=\"font-weight: 400; font-size: 12pt;\">Confira os diversos modelos de quadros exclusivos para seu funcion\u00e1rio guardar as informa\u00e7\u00f5es do nascimento do beb\u00ea!<\/span><\/p>\n<p>&nbsp;<\/p>\n<div id=\"attachment_845\" style=\"width: 510px\" class=\"wp-caption aligncenter\"><a href=\"http:\/\/https:\/\/meumundopersonalizado.com.br\/produto\/quadro-nascimento-com-2-fotos-33x33cm-meninos\/\"><img loading=\"lazy\" decoding=\"async\" aria-describedby=\"caption-attachment-845\" class=\"wp-image-845\" src=\"https:\/\/meumundopersonalizado.com.br\/blog\/wp-content\/uploads\/2017\/08\/1-6-300x300.jpg\" alt=\"Quadro Nascimento com 2 fotos \u2013 33x33cm \u2013 Meninos\" width=\"500\" height=\"500\" srcset=\"https:\/\/meumundopersonalizado.com.br\/blog\/wp-content\/uploads\/2017\/08\/1-6-300x300.jpg 300w, https:\/\/meumundopersonalizado.com.br\/blog\/wp-content\/uploads\/2017\/08\/1-6.jpg 1024w, https:\/\/meumundopersonalizado.com.br\/blog\/wp-content\/uploads\/2017\/08\/1-6-150x150.jpg 150w, https:\/\/meumundopersonalizado.com.br\/blog\/wp-content\/uploads\/2017\/08\/1-6-768x768.jpg 768w\" sizes=\"(max-width: 500px) 100vw, 500px\" \/><\/a><p id=\"caption-attachment-845\" class=\"wp-caption-text\"><em><span style=\"font-size: 10pt;\">Quadro Nascimento com 2 fotos \u2013 33x33cm a partir de R$79<\/span><\/em><\/p><\/div>\n<p>&nbsp;<\/p>\n<div id=\"attachment_846\" style=\"width: 510px\" class=\"wp-caption aligncenter\"><img loading=\"lazy\" decoding=\"async\" aria-describedby=\"caption-attachment-846\" class=\"wp-image-846\" src=\"https:\/\/meumundopersonalizado.com.br\/blog\/wp-content\/uploads\/2017\/08\/1-7-300x300.jpg\" alt=\"Quadro Nascimento com foto \u2013 Cole\u00e7\u00e3o Lhama \u2013 Meninas\" width=\"500\" height=\"500\" srcset=\"https:\/\/meumundopersonalizado.com.br\/blog\/wp-content\/uploads\/2017\/08\/1-7-300x300.jpg 300w, https:\/\/meumundopersonalizado.com.br\/blog\/wp-content\/uploads\/2017\/08\/1-7-150x150.jpg 150w, https:\/\/meumundopersonalizado.com.br\/blog\/wp-content\/uploads\/2017\/08\/1-7-768x768.jpg 768w, https:\/\/meumundopersonalizado.com.br\/blog\/wp-content\/uploads\/2017\/08\/1-7.jpg 1000w\" sizes=\"(max-width: 500px) 100vw, 500px\" \/><p id=\"caption-attachment-846\" class=\"wp-caption-text\"><em><span style=\"font-size: 10pt;\">Quadro Nascimento com foto \u2013 Cole\u00e7\u00e3o Lhama a partir de R$79<\/span><\/em><\/p><\/div>\n<h3><\/h3>\n<h3><a href=\"https:\/\/meumundopersonalizado.com.br\/?s=QUADRO+PORTA+MATERNIDADE&amp;post_type=product\"><span style=\"font-size: 12pt;\"><b>Quadros para a Porta da Maternidade!<\/b><span style=\"font-weight: 400;\">\u00a0<\/span><\/span><\/a><\/h3>\n<p><span style=\"font-weight: 400; font-size: 12pt;\">Para esta fase de transi\u00e7\u00e3o, tanto para futuras mam\u00e3es, quanto para os novos papais, foi constatado em pesquisas recentes que principalmente para aqueles de primeira viagem, estar em um ambiente de trabalho com a\u00e7\u00f5es e programas desenvolvidos especialmente para esta fase, torna esta etapa muito mais \u201cf\u00e1cil\u201d do que o esperado!<\/span><\/p>\n<p><span style=\"font-weight: 400; font-size: 12pt;\">E para marcar presen\u00e7a no momento do nascimento, que tal a empresa investir em um presente para decorar a porta da maternidade? Veja os modelos a seguir!<\/span><\/p>\n<p>&nbsp;<\/p>\n<p>&nbsp;<\/p>\n<div id=\"attachment_847\" style=\"width: 510px\" class=\"wp-caption aligncenter\"><a href=\"http:\/\/https:\/\/meumundopersonalizado.com.br\/produto\/quadro-porta-maternidade-chevron-urso-panda-meninas\/\"><img loading=\"lazy\" decoding=\"async\" aria-describedby=\"caption-attachment-847\" class=\"wp-image-847\" src=\"https:\/\/meumundopersonalizado.com.br\/blog\/wp-content\/uploads\/2017\/08\/1-8-300x300.jpg\" alt=\"Quadro Porta Maternidade Urso Panda\" width=\"500\" height=\"500\" srcset=\"https:\/\/meumundopersonalizado.com.br\/blog\/wp-content\/uploads\/2017\/08\/1-8-300x300.jpg 300w, https:\/\/meumundopersonalizado.com.br\/blog\/wp-content\/uploads\/2017\/08\/1-8-150x150.jpg 150w, https:\/\/meumundopersonalizado.com.br\/blog\/wp-content\/uploads\/2017\/08\/1-8-768x768.jpg 768w, https:\/\/meumundopersonalizado.com.br\/blog\/wp-content\/uploads\/2017\/08\/1-8.jpg 1000w\" sizes=\"(max-width: 500px) 100vw, 500px\" \/><\/a><p id=\"caption-attachment-847\" class=\"wp-caption-text\"><em>Quadro Porta Maternidade Urso Panda a partir de R$59<\/em><\/p><\/div>\n<p>&nbsp;<\/p>\n<div id=\"attachment_848\" style=\"width: 510px\" class=\"wp-caption aligncenter\"><a href=\"http:\/\/https:\/\/meumundopersonalizado.com.br\/produto\/quadro-porta-maternidade-poa-e-coracao-meninas\/\"><img loading=\"lazy\" decoding=\"async\" aria-describedby=\"caption-attachment-848\" class=\"wp-image-848\" src=\"https:\/\/meumundopersonalizado.com.br\/blog\/wp-content\/uploads\/2017\/08\/1-9-300x300.jpg\" alt=\"Quadro Porta Maternidade Po\u00e1 e Cora\u00e7\u00e3o \u2013 Meninas\" width=\"500\" height=\"500\" srcset=\"https:\/\/meumundopersonalizado.com.br\/blog\/wp-content\/uploads\/2017\/08\/1-9-300x300.jpg 300w, https:\/\/meumundopersonalizado.com.br\/blog\/wp-content\/uploads\/2017\/08\/1-9-150x150.jpg 150w, https:\/\/meumundopersonalizado.com.br\/blog\/wp-content\/uploads\/2017\/08\/1-9-768x768.jpg 768w, https:\/\/meumundopersonalizado.com.br\/blog\/wp-content\/uploads\/2017\/08\/1-9.jpg 1000w\" sizes=\"(max-width: 500px) 100vw, 500px\" \/><\/a><p id=\"caption-attachment-848\" class=\"wp-caption-text\">Quadro Porta Maternidade Po\u00e1 e Cora\u00e7\u00e3o a partir de R$59<\/p><\/div>\n<p>&nbsp;<\/p>\n<h3><a style=\"font-size: 16px;\" href=\"https:\/\/meumundopersonalizado.com.br\/?s=body&amp;post_type=product\"><span style=\"font-size: 12pt;\"><b>Bodies Super Pr\u00e1ticos!<\/b><\/span><\/a><\/h3>\n<p><span style=\"font-size: 12pt;\"><span style=\"font-weight: 400;\">Existem<\/span><span style=\"font-weight: 400;\"> outras possibilidades a serem exploradas e que v\u00e3o <\/span><span style=\"font-weight: 400;\">fazer seu colaborador <\/span><span style=\"font-weight: 400;\">se sentir muito mais <\/span><span style=\"font-weight: 400;\">valorizado<\/span><span style=\"font-weight: 400;\">, <\/span><span style=\"font-weight: 400;\">al\u00e9m das datas comemorativas de praxe, <\/span><span style=\"font-weight: 400;\">como anivers\u00e1rio, dia do trabalhador, dentre outras.<\/span><\/span><\/p>\n<p><span style=\"font-weight: 400; font-size: 12pt;\">D\u00e1 uma olhada, por exemplo, neste body personalizado e super charmoso!<\/span><\/p>\n<p>&nbsp;<\/p>\n<p>&nbsp;<\/p>\n<div id=\"attachment_849\" style=\"width: 510px\" class=\"wp-caption aligncenter\"><a href=\"http:\/\/https:\/\/meumundopersonalizado.com.br\/produto\/body-bebe-personalizado-melhor-mamae-do-mundo\/\"><img loading=\"lazy\" decoding=\"async\" aria-describedby=\"caption-attachment-849\" class=\"wp-image-849\" src=\"https:\/\/meumundopersonalizado.com.br\/blog\/wp-content\/uploads\/2017\/08\/1-10-300x300.jpg\" alt=\"Body Beb\u00ea Personalizado \u201cMelhor Mam\u00e3e do Mundo\u201d\" width=\"500\" height=\"500\" srcset=\"https:\/\/meumundopersonalizado.com.br\/blog\/wp-content\/uploads\/2017\/08\/1-10-300x300.jpg 300w, https:\/\/meumundopersonalizado.com.br\/blog\/wp-content\/uploads\/2017\/08\/1-10-150x150.jpg 150w, https:\/\/meumundopersonalizado.com.br\/blog\/wp-content\/uploads\/2017\/08\/1-10-768x768.jpg 768w, https:\/\/meumundopersonalizado.com.br\/blog\/wp-content\/uploads\/2017\/08\/1-10.jpg 1000w\" sizes=\"(max-width: 500px) 100vw, 500px\" \/><\/a><p id=\"caption-attachment-849\" class=\"wp-caption-text\"><span style=\"font-size: 10pt;\"><em>Body Beb\u00ea Personalizado \u201cMelhor Mam\u00e3e do Mundo\u201d a partir de R$38<\/em><\/span><\/p><\/div>\n<p>&nbsp;<\/p>\n<h3><a style=\"font-size: 16px;\" href=\"https:\/\/meumundopersonalizado.com.br\/categoria-produto\/para-a-mamae\/\"><span style=\"font-size: 12pt;\"><b>Presentes especiais para as mam\u00e3es!\u00a0<\/b><\/span><\/a><\/h3>\n<p><span style=\"font-size: 12pt;\"><span style=\"font-weight: 400;\">J\u00e1 que nascimento de uma crian\u00e7a <\/span><span style=\"font-weight: 400;\">\u00e9 <\/span><span style=\"font-weight: 400;\">um momento ainda mais especial e que vai mudar completamente a vida da sua colaboradora, <\/span><span style=\"font-weight: 400;\">que tal demonstrar<\/span><span style=\"font-weight: 400;\"> que todos os colegas est\u00e3o torcendo por <\/span><span style=\"font-weight: 400;\">ela <\/span><span style=\"font-weight: 400;\">nessa nova etapa?<\/span><\/span><\/p>\n<p><span style=\"font-weight: 400; font-size: 12pt;\">Veja que m\u00e1ximo essas ideias para surpreender as mam\u00e3es, sejam elas de qualquer idade e independentemente de terem filhos beb\u00eas, crian\u00e7as ou j\u00e1 adultos!<\/span><\/p>\n<div id=\"attachment_850\" style=\"width: 510px\" class=\"wp-caption aligncenter\"><a href=\"http:\/\/https:\/\/meumundopersonalizado.com.br\/produto\/almofada-coracao-personalizada-com-13-fotos\/\"><img loading=\"lazy\" decoding=\"async\" aria-describedby=\"caption-attachment-850\" class=\"wp-image-850\" src=\"https:\/\/meumundopersonalizado.com.br\/blog\/wp-content\/uploads\/2017\/08\/1-11-300x300.jpg\" alt=\"Almofada Cora\u00e7\u00e3o Personalizado com 13 fotos\" width=\"500\" height=\"500\" srcset=\"https:\/\/meumundopersonalizado.com.br\/blog\/wp-content\/uploads\/2017\/08\/1-11-300x300.jpg 300w, https:\/\/meumundopersonalizado.com.br\/blog\/wp-content\/uploads\/2017\/08\/1-11-150x150.jpg 150w, https:\/\/meumundopersonalizado.com.br\/blog\/wp-content\/uploads\/2017\/08\/1-11-768x768.jpg 768w, https:\/\/meumundopersonalizado.com.br\/blog\/wp-content\/uploads\/2017\/08\/1-11.jpg 1000w\" sizes=\"(max-width: 500px) 100vw, 500px\" \/><\/a><p id=\"caption-attachment-850\" class=\"wp-caption-text\"><em><span style=\"font-size: 10pt;\">Almofada Cora\u00e7\u00e3o Personalizado com 13 fotos a partir de R$52,90<\/span><\/em><\/p><\/div>\n<p>&nbsp;<\/p>\n<div id=\"attachment_851\" style=\"width: 510px\" class=\"wp-caption aligncenter\"><a href=\"http:\/\/https:\/\/meumundopersonalizado.com.br\/produto\/quadro-melhor-mae-vo-tia-do-mundo-modelo-2-45x32cm\/\"><img loading=\"lazy\" decoding=\"async\" aria-describedby=\"caption-attachment-851\" class=\"wp-image-851\" src=\"https:\/\/meumundopersonalizado.com.br\/blog\/wp-content\/uploads\/2017\/08\/1-12-300x300.jpg\" alt=\"Quadro Melhor M\u00e3e\/V\u00f3\/Tia \" width=\"500\" height=\"499\" srcset=\"https:\/\/meumundopersonalizado.com.br\/blog\/wp-content\/uploads\/2017\/08\/1-12-300x300.jpg 300w, https:\/\/meumundopersonalizado.com.br\/blog\/wp-content\/uploads\/2017\/08\/1-12-150x150.jpg 150w, https:\/\/meumundopersonalizado.com.br\/blog\/wp-content\/uploads\/2017\/08\/1-12-768x767.jpg 768w, https:\/\/meumundopersonalizado.com.br\/blog\/wp-content\/uploads\/2017\/08\/1-12.jpg 1024w\" sizes=\"(max-width: 500px) 100vw, 500px\" \/><\/a><p id=\"caption-attachment-851\" class=\"wp-caption-text\">Quadro Melhor M\u00e3e\/V\u00f3\/Tia a partir de R$79<\/p><\/div>\n<p><span style=\"font-size: 12pt;\"><span style=\"font-weight: 400;\">E se a cria\u00e7\u00e3o de <\/span><span style=\"font-weight: 400;\">um bom v\u00ednculo entre colegas <\/span><span style=\"font-weight: 400;\">e times <\/span><span style=\"font-weight: 400;\">de trabalho <\/span><span style=\"font-weight: 400;\">pode afetar <\/span><span style=\"font-weight: 400;\">diretamente a produtividade e a motiva\u00e7\u00e3o dos funcion\u00e1rios, presentear os novos papais e mam\u00e3es da empresa \u00e9 uma forma <\/span><span style=\"font-weight: 400;\">excelente<\/span><span style=\"font-weight: 400;\"> de mostrar empatia e carinho.\u00a0<\/span><\/span><\/p>\n<p><span style=\"font-size: 12pt;\"><span style=\"font-weight: 400;\">Gostou das ideias? <\/span><span style=\"font-weight: 400;\">Aproveite para <\/span><span style=\"font-weight: 400;\">conhecer\u00a0as op\u00e7\u00f5es de kits, <\/span><span style=\"font-weight: 400;\">cestas, quadros e outros presentes sensacionais <\/span><span style=\"font-weight: 400;\">dispon\u00edveis na\u00a0<\/span><a href=\"https:\/\/meumundopersonalizado.com.br\/\"><span style=\"font-weight: 400;\">Meu Mundo Personalizado<\/span><\/a><span style=\"font-weight: 400;\">, <\/span><span style=\"font-weight: 400;\">sem d\u00favida, presentes que emocionam <\/span><span style=\"font-weight: 400;\">em tantas ocasi\u00f5es especiais!<\/span><\/span><\/p>\n<p><span style=\"font-size: 12pt;\"><span style=\"font-weight: 400;\">Acesse o site: <\/span><span style=\"font-weight: 400;\">www.meumundoersonalizado.com.br<\/span><span style=\"font-weight: 400;\">\u00a0<\/span><\/span><\/p>\n","protected":false},"excerpt":{"rendered":"<p>Voc\u00ea j\u00e1 parou para refletir sobre os momentos especiais vivenciados por seus\u00a0funcion\u00e1rios dentro da empresa? E fora do ambiente corporativo?\u00a0 A maternidade, por exemplo, pode ser uma boa ocasi\u00e3o para presentear quem passa tanto tempo ajudando o neg\u00f3cio a crescer! Kits e presentes pensados especialmente para os beb\u00eas, s\u00e3o uma op\u00e7\u00e3o que agradam n\u00e3o somente&#8230;<\/p>\n","protected":false},"author":2,"featured_media":678,"comment_status":"open","ping_status":"open","sticky":false,"template":"","format":"standard","meta":{"footnotes":""},"categories":[10,35],"tags":[30,31,29,37,36,33,32],"class_list":["post-666","post","type-post","status-publish","format-standard","has-post-thumbnail","hentry","category-mulher-empreendedora","category-produtos","tag-empreendedorismo","tag-kit-bebe","tag-mulher","tag-presente-personalizado","tag-presentes","tag-recursos-humanos","tag-rh","main-post"],"yoast_head":"<!-- This site is optimized with the Yoast SEO plugin v14.1 - https:\/\/yoast.com\/wordpress\/plugins\/seo\/ -->\n<title>10 Ideias de Cestas, Kits Beb\u00eas e Quadros para presentear seus Funcion\u00e1rios! - Blog Meu Mundo Personalizado<\/title>\n<meta name=\"description\" content=\"Confira em nosso post 5 ideias de presentes completos para funcion\u00e1rios e colaboradores de sua empresa que tenham se tornado mam\u00e3es ou papais.\" \/>\n<meta name=\"robots\" content=\"index, follow\" \/>\n<meta name=\"googlebot\" content=\"index, follow, max-snippet:-1, max-image-preview:large, max-video-preview:-1\" \/>\n<meta name=\"bingbot\" content=\"index, follow, max-snippet:-1, max-image-preview:large, max-video-preview:-1\" \/>\n<link rel=\"canonical\" href=\"https:\/\/meumundopersonalizado.com.br\/blog\/ideias-de-cestas-kits-para-bebes-para-presentear-seus-funcionarios\/\" \/>\n<meta property=\"og:locale\" content=\"pt_BR\" \/>\n<meta property=\"og:type\" content=\"article\" \/>\n<meta property=\"og:title\" content=\"10 Ideias de Cestas, Kits Beb\u00eas e Quadros para presentear seus Funcion\u00e1rios! - Blog Meu Mundo Personalizado\" \/>\n<meta property=\"og:description\" content=\"Confira em nosso post 5 ideias de presentes completos para funcion\u00e1rios e colaboradores de sua empresa que tenham se tornado mam\u00e3es ou papais.\" \/>\n<meta property=\"og:url\" content=\"https:\/\/meumundopersonalizado.com.br\/blog\/ideias-de-cestas-kits-para-bebes-para-presentear-seus-funcionarios\/\" \/>\n<meta property=\"og:site_name\" content=\"Blog Meu Mundo Personalizado\" \/>\n<meta property=\"article:published_time\" content=\"2017-08-24T20:28:37+00:00\" \/>\n<meta property=\"article:modified_time\" content=\"2020-06-10T00:23:15+00:00\" \/>\n<meta property=\"og:image\" content=\"https:\/\/meumundopersonalizado.com.br\/blog\/wp-content\/uploads\/2017\/08\/Cestas-e-kits-para-recem-nascidos-para-presentear-funcionarios-colaboradores-e-parceiros-da-empresa.jpg\" \/>\n\t<meta property=\"og:image:width\" content=\"604\" \/>\n\t<meta property=\"og:image:height\" content=\"270\" \/>\n<meta name=\"twitter:card\" content=\"summary\" \/>\n<script type=\"application\/ld+json\" class=\"yoast-schema-graph\">{\"@context\":\"https:\/\/schema.org\",\"@graph\":[{\"@type\":\"Organization\",\"@id\":\"https:\/\/meumundopersonalizado.com.br\/blog\/#organization\",\"name\":\"Meu Mundo Personalizado\",\"url\":\"https:\/\/meumundopersonalizado.com.br\/blog\/\",\"sameAs\":[],\"logo\":{\"@type\":\"ImageObject\",\"@id\":\"https:\/\/meumundopersonalizado.com.br\/blog\/#logo\",\"inLanguage\":\"pt-BR\",\"url\":\"https:\/\/meumundopersonalizado.com.br\/blog\/wp-content\/uploads\/2016\/06\/Logo-transparent-background.png\",\"width\":600,\"height\":600,\"caption\":\"Meu Mundo Personalizado\"},\"image\":{\"@id\":\"https:\/\/meumundopersonalizado.com.br\/blog\/#logo\"}},{\"@type\":\"WebSite\",\"@id\":\"https:\/\/meumundopersonalizado.com.br\/blog\/#website\",\"url\":\"https:\/\/meumundopersonalizado.com.br\/blog\/\",\"name\":\"Blog Meu Mundo Personalizado\",\"description\":\"Ideias e Novidades\",\"publisher\":{\"@id\":\"https:\/\/meumundopersonalizado.com.br\/blog\/#organization\"},\"potentialAction\":[{\"@type\":\"SearchAction\",\"target\":\"https:\/\/meumundopersonalizado.com.br\/blog\/?s={search_term_string}\",\"query-input\":\"required name=search_term_string\"}],\"inLanguage\":\"pt-BR\"},{\"@type\":\"ImageObject\",\"@id\":\"https:\/\/meumundopersonalizado.com.br\/blog\/ideias-de-cestas-kits-para-bebes-para-presentear-seus-funcionarios\/#primaryimage\",\"inLanguage\":\"pt-BR\",\"url\":\"https:\/\/meumundopersonalizado.com.br\/blog\/wp-content\/uploads\/2017\/08\/Cestas-e-kits-para-recem-nascidos-para-presentear-funcionarios-colaboradores-e-parceiros-da-empresa.jpg\",\"width\":604,\"height\":270,\"caption\":\"Cesta bebe nascimento com manta beb\\u00ea personalizada, babador, babeiro, urso de pel\\u00facia e body beb\\u00ea. Presente para beb\\u00ea menina, menino ou g\\u00eameos\"},{\"@type\":\"WebPage\",\"@id\":\"https:\/\/meumundopersonalizado.com.br\/blog\/ideias-de-cestas-kits-para-bebes-para-presentear-seus-funcionarios\/#webpage\",\"url\":\"https:\/\/meumundopersonalizado.com.br\/blog\/ideias-de-cestas-kits-para-bebes-para-presentear-seus-funcionarios\/\",\"name\":\"10 Ideias de Cestas, Kits Beb\\u00eas e Quadros para presentear seus Funcion\\u00e1rios! - Blog Meu Mundo Personalizado\",\"isPartOf\":{\"@id\":\"https:\/\/meumundopersonalizado.com.br\/blog\/#website\"},\"primaryImageOfPage\":{\"@id\":\"https:\/\/meumundopersonalizado.com.br\/blog\/ideias-de-cestas-kits-para-bebes-para-presentear-seus-funcionarios\/#primaryimage\"},\"datePublished\":\"2017-08-24T20:28:37+00:00\",\"dateModified\":\"2020-06-10T00:23:15+00:00\",\"description\":\"Confira em nosso post 5 ideias de presentes completos para funcion\\u00e1rios e colaboradores de sua empresa que tenham se tornado mam\\u00e3es ou papais.\",\"inLanguage\":\"pt-BR\",\"potentialAction\":[{\"@type\":\"ReadAction\",\"target\":[\"https:\/\/meumundopersonalizado.com.br\/blog\/ideias-de-cestas-kits-para-bebes-para-presentear-seus-funcionarios\/\"]}]},{\"@type\":\"Article\",\"@id\":\"https:\/\/meumundopersonalizado.com.br\/blog\/ideias-de-cestas-kits-para-bebes-para-presentear-seus-funcionarios\/#article\",\"isPartOf\":{\"@id\":\"https:\/\/meumundopersonalizado.com.br\/blog\/ideias-de-cestas-kits-para-bebes-para-presentear-seus-funcionarios\/#webpage\"},\"author\":{\"@id\":\"https:\/\/meumundopersonalizado.com.br\/blog\/#\/schema\/person\/7152250683ecb9cb4b7c612c699d48a6\"},\"headline\":\"10 Ideias de Cestas, Kits Beb\\u00eas e Quadros para presentear seus Funcion\\u00e1rios!\",\"datePublished\":\"2017-08-24T20:28:37+00:00\",\"dateModified\":\"2020-06-10T00:23:15+00:00\",\"commentCount\":0,\"mainEntityOfPage\":{\"@id\":\"https:\/\/meumundopersonalizado.com.br\/blog\/ideias-de-cestas-kits-para-bebes-para-presentear-seus-funcionarios\/#webpage\"},\"publisher\":{\"@id\":\"https:\/\/meumundopersonalizado.com.br\/blog\/#organization\"},\"image\":{\"@id\":\"https:\/\/meumundopersonalizado.com.br\/blog\/ideias-de-cestas-kits-para-bebes-para-presentear-seus-funcionarios\/#primaryimage\"},\"keywords\":\"empreendedorismo,kit beb\\u00ea,mulher,presente personalizado,presentes,recursos humanos,rh\",\"articleSection\":\"Mulher empreendedora,Produtos\",\"inLanguage\":\"pt-BR\",\"potentialAction\":[{\"@type\":\"CommentAction\",\"name\":\"Comment\",\"target\":[\"https:\/\/meumundopersonalizado.com.br\/blog\/ideias-de-cestas-kits-para-bebes-para-presentear-seus-funcionarios\/#respond\"]}]},{\"@type\":[\"Person\"],\"@id\":\"https:\/\/meumundopersonalizado.com.br\/blog\/#\/schema\/person\/7152250683ecb9cb4b7c612c699d48a6\",\"name\":\"Meu Mundo Personalizado\",\"image\":{\"@type\":\"ImageObject\",\"@id\":\"https:\/\/meumundopersonalizado.com.br\/blog\/#personlogo\",\"inLanguage\":\"pt-BR\",\"url\":\"https:\/\/secure.gravatar.com\/avatar\/01147ea0fb838750523bfccf1bad0be1?s=96&d=mm&r=g\",\"caption\":\"Meu Mundo Personalizado\"}}]}<\/script>\n<!-- \/ Yoast SEO plugin. -->","_links":{"self":[{"href":"https:\/\/meumundopersonalizado.com.br\/blog\/wp-json\/wp\/v2\/posts\/666"}],"collection":[{"href":"https:\/\/meumundopersonalizado.com.br\/blog\/wp-json\/wp\/v2\/posts"}],"about":[{"href":"https:\/\/meumundopersonalizado.com.br\/blog\/wp-json\/wp\/v2\/types\/post"}],"author":[{"embeddable":true,"href":"https:\/\/meumundopersonalizado.com.br\/blog\/wp-json\/wp\/v2\/users\/2"}],"replies":[{"embeddable":true,"href":"https:\/\/meumundopersonalizado.com.br\/blog\/wp-json\/wp\/v2\/comments?post=666"}],"version-history":[{"count":11,"href":"https:\/\/meumundopersonalizado.com.br\/blog\/wp-json\/wp\/v2\/posts\/666\/revisions"}],"predecessor-version":[{"id":856,"href":"https:\/\/meumundopersonalizado.com.br\/blog\/wp-json\/wp\/v2\/posts\/666\/revisions\/856"}],"wp:featuredmedia":[{"embeddable":true,"href":"https:\/\/meumundopersonalizado.com.br\/blog\/wp-json\/wp\/v2\/media\/678"}],"wp:attachment":[{"href":"https:\/\/meumundopersonalizado.com.br\/blog\/wp-json\/wp\/v2\/media?parent=666"}],"wp:term":[{"taxonomy":"category","embeddable":true,"href":"https:\/\/meumundopersonalizado.com.br\/blog\/wp-json\/wp\/v2\/categories?post=666"},{"taxonomy":"post_tag","embeddable":true,"href":"https:\/\/meumundopersonalizado.com.br\/blog\/wp-json\/wp\/v2\/tags?post=666"}],"curies":[{"name":"wp","href":"https:\/\/api.w.org\/{rel}","templated":true}]}}