{"id":7,"date":"2015-12-15T16:30:16","date_gmt":"2015-12-15T18:30:16","guid":{"rendered":"http:\/\/meumundopersonalizado.com.br\/blog\/?p=7"},"modified":"2017-03-03T10:55:37","modified_gmt":"2017-03-03T13:55:37","slug":"atividades-de-colorir-para-o-natal-extravasam-a-ansiedade-das-criancas-nessa-epoca-do-ano","status":"publish","type":"post","link":"https:\/\/meumundopersonalizado.com.br\/blog\/atividades-de-colorir-para-o-natal-extravasam-a-ansiedade-das-criancas-nessa-epoca-do-ano\/","title":{"rendered":"Atividades de colorir para o Natal extravasam a ansiedade das crian\u00e7as nessa \u00e9poca do ano."},"content":{"rendered":"<p>Voc\u00ea sabia que atividades como desenhos para colorir, ca\u00e7a-palavras, jogos de sete erros ou liga-pontos t\u00eam sido ferramentas cada vez mais utilizadas por professores para reduzir os n\u00edveis de ansiedade e hiperatividade das crian\u00e7as, ao mesmo tempo em que estimulam seu racioc\u00ednio e imagina\u00e7\u00e3o?<\/p>\n<p>E essas atividades n\u00e3o devem se limitar apenas ao ambiente escolar, pois os pais tamb\u00e9m podem prop\u00f4r brincadeiras com l\u00e1pis de cor, palavras, n\u00fameros, desenhos e recortes durante as f\u00e9rias de Natal, quando os pequenos est\u00e3o em casa e necessitam de distra\u00e7\u00e3o. Trata-se de uma alternativa inteligente para manter a crian\u00e7a entretida e faz\u00ea-la explorar o seu potencial criativo!<\/p>\n<p><!--more--><\/p>\n<p><strong>Livro de Colorir e Atividades de Natal<\/strong><\/p>\n<p>Para reduzir a ansiedade e estimular o desenvolvimento cognitivo das crian\u00e7as no per\u00edodo natalino, estamos lan\u00e7ando o Livro de Colorir e Atividades de Natal, criado com desenhos e desafios educativos para serem resolvidos com l\u00e1pis, giz de cera ou canetas coloridas. Ao todo, s\u00e3o quinze p\u00e1ginas para a crian\u00e7a se divertir e aproveitar da melhor forma as f\u00e9rias do fim do ano.<\/p>\n<p>O <a href=\"https:\/\/www.meumundopersonalizado.com.br\/produto\/livro-de-colorir-e-atividades-de-natal\/\">Livro de Colorir e Atividades de Natal<\/a> pode ser \u00a0personalizado com o nome da crian\u00e7a, de modo que a cada p\u00e1gina h\u00e1 uma chamada convidando-a para uma nova brincadeira. O nome (ou apelido) da crian\u00e7a \u00e9 inserido em todas as p\u00e1ginas do livro, inclusive na capa. A folha de rosto tamb\u00e9m pode ser personalizada, e ainda h\u00e1 espa\u00e7o para uma dedicat\u00f3ria.<\/p>\n<p>Esse formato de personaliza\u00e7\u00e3o \u00e9 uma exclusividade, pois acreditamos que os presentes especiais e individualizados s\u00e3o essenciais para eternizar a inf\u00e2ncia na vida dos pais e seus filhos.<\/p>\n<p>Al\u00e9m de trabalhar com presentes e lembran\u00e7as infantis para os mais diversos objetivos e ocasi\u00f5es \u2212, as atividades podem ficar mais atrativas para a crian\u00e7a quando os pais investem em um livro com a tem\u00e1tica natalina. Assim, o clima de magia do Natal pode fazer parte da decora\u00e7\u00e3o e tamb\u00e9m da rotina di\u00e1ria da crian\u00e7a, que quase sempre fica mais ansiosa e hiperativa nessa \u00e9poca do ano devido \u00e0s visitas de familiares e preparativos para as festas.<\/p>\n<p>Gostou? Acesse nossa loja e veja mais detalhes desse produto exclusivo do Meu Mundo Personalizado! Confira <a href=\"https:\/\/www.meumundopersonalizado.com.br\/produto\/livro-de-colorir-e-atividades-de-natal\/\">nesse link<\/a>.<\/p>\n","protected":false},"excerpt":{"rendered":"<p>Voc\u00ea sabia que atividades como desenhos para colorir, ca\u00e7a-palavras, jogos de sete erros ou liga-pontos t\u00eam sido ferramentas cada vez mais utilizadas por professores para reduzir os n\u00edveis de ansiedade e hiperatividade das crian\u00e7as, ao mesmo tempo em que estimulam seu racioc\u00ednio e imagina\u00e7\u00e3o? E essas atividades n\u00e3o devem se limitar apenas ao ambiente escolar,&#8230;<\/p>\n","protected":false},"author":2,"featured_media":8,"comment_status":"open","ping_status":"open","sticky":false,"template":"","format":"standard","meta":{"footnotes":""},"categories":[13,1],"tags":[],"class_list":["post-7","post","type-post","status-publish","format-standard","has-post-thumbnail","hentry","category-festas-e-datas-especiais","category-novidades","main-post"],"yoast_head":"<!-- This site is optimized with the Yoast SEO plugin v14.1 - https:\/\/yoast.com\/wordpress\/plugins\/seo\/ -->\n<title>Atividades de colorir para o Natal extravasam a ansiedade das crian\u00e7as nessa \u00e9poca do ano. - Blog Meu Mundo Personalizado<\/title>\n<meta name=\"description\" content=\"Atividades como desenhos para colorir, ca\u00e7a-palavras, jogos de sete erros ou liga-pontos reduzem os n\u00edveis de ansiedade e hiperatividade das crian\u00e7as?\" \/>\n<meta name=\"robots\" content=\"index, follow\" \/>\n<meta name=\"googlebot\" content=\"index, follow, max-snippet:-1, max-image-preview:large, max-video-preview:-1\" \/>\n<meta name=\"bingbot\" content=\"index, follow, max-snippet:-1, max-image-preview:large, max-video-preview:-1\" \/>\n<link rel=\"canonical\" href=\"https:\/\/meumundopersonalizado.com.br\/blog\/atividades-de-colorir-para-o-natal-extravasam-a-ansiedade-das-criancas-nessa-epoca-do-ano\/\" \/>\n<meta property=\"og:locale\" content=\"pt_BR\" \/>\n<meta property=\"og:type\" content=\"article\" \/>\n<meta property=\"og:title\" content=\"Atividades de colorir para o Natal extravasam a ansiedade das crian\u00e7as nessa \u00e9poca do ano. - Blog Meu Mundo Personalizado\" \/>\n<meta property=\"og:description\" content=\"Atividades como desenhos para colorir, ca\u00e7a-palavras, jogos de sete erros ou liga-pontos reduzem os n\u00edveis de ansiedade e hiperatividade das crian\u00e7as?\" \/>\n<meta property=\"og:url\" content=\"https:\/\/meumundopersonalizado.com.br\/blog\/atividades-de-colorir-para-o-natal-extravasam-a-ansiedade-das-criancas-nessa-epoca-do-ano\/\" \/>\n<meta property=\"og:site_name\" content=\"Blog Meu Mundo Personalizado\" \/>\n<meta property=\"article:published_time\" content=\"2015-12-15T18:30:16+00:00\" \/>\n<meta property=\"article:modified_time\" content=\"2017-03-03T13:55:37+00:00\" \/>\n<meta property=\"og:image\" content=\"https:\/\/meumundopersonalizado.com.br\/blog\/wp-content\/uploads\/2016\/05\/Banner-Livro-Colorir-Natal-para-o-blog-dez-2015.jpg\" \/>\n\t<meta property=\"og:image:width\" content=\"2056\" \/>\n\t<meta property=\"og:image:height\" content=\"747\" \/>\n<meta name=\"twitter:card\" content=\"summary\" \/>\n<script type=\"application\/ld+json\" class=\"yoast-schema-graph\">{\"@context\":\"https:\/\/schema.org\",\"@graph\":[{\"@type\":\"Organization\",\"@id\":\"https:\/\/meumundopersonalizado.com.br\/blog\/#organization\",\"name\":\"Meu Mundo Personalizado\",\"url\":\"https:\/\/meumundopersonalizado.com.br\/blog\/\",\"sameAs\":[],\"logo\":{\"@type\":\"ImageObject\",\"@id\":\"https:\/\/meumundopersonalizado.com.br\/blog\/#logo\",\"inLanguage\":\"pt-BR\",\"url\":\"https:\/\/meumundopersonalizado.com.br\/blog\/wp-content\/uploads\/2016\/06\/Logo-transparent-background.png\",\"width\":600,\"height\":600,\"caption\":\"Meu Mundo Personalizado\"},\"image\":{\"@id\":\"https:\/\/meumundopersonalizado.com.br\/blog\/#logo\"}},{\"@type\":\"WebSite\",\"@id\":\"https:\/\/meumundopersonalizado.com.br\/blog\/#website\",\"url\":\"https:\/\/meumundopersonalizado.com.br\/blog\/\",\"name\":\"Blog Meu Mundo Personalizado\",\"description\":\"Ideias e Novidades\",\"publisher\":{\"@id\":\"https:\/\/meumundopersonalizado.com.br\/blog\/#organization\"},\"potentialAction\":[{\"@type\":\"SearchAction\",\"target\":\"https:\/\/meumundopersonalizado.com.br\/blog\/?s={search_term_string}\",\"query-input\":\"required name=search_term_string\"}],\"inLanguage\":\"pt-BR\"},{\"@type\":\"ImageObject\",\"@id\":\"https:\/\/meumundopersonalizado.com.br\/blog\/atividades-de-colorir-para-o-natal-extravasam-a-ansiedade-das-criancas-nessa-epoca-do-ano\/#primaryimage\",\"inLanguage\":\"pt-BR\",\"url\":\"https:\/\/meumundopersonalizado.com.br\/blog\/wp-content\/uploads\/2016\/05\/Banner-Livro-Colorir-Natal-para-o-blog-dez-2015.jpg\",\"width\":2056,\"height\":747,\"caption\":\"Dar de presente um livro de Colorir principalmente como presente de Natal significa al\\u00e9m do prazer das atividade estimular o racioc\\u00ecnio, imagina\\u00e7\\u00e3o e ajuda no desenvolvimento cognitivo da crian\\u00e7a\"},{\"@type\":\"WebPage\",\"@id\":\"https:\/\/meumundopersonalizado.com.br\/blog\/atividades-de-colorir-para-o-natal-extravasam-a-ansiedade-das-criancas-nessa-epoca-do-ano\/#webpage\",\"url\":\"https:\/\/meumundopersonalizado.com.br\/blog\/atividades-de-colorir-para-o-natal-extravasam-a-ansiedade-das-criancas-nessa-epoca-do-ano\/\",\"name\":\"Atividades de colorir para o Natal extravasam a ansiedade das crian\\u00e7as nessa \\u00e9poca do ano. - Blog Meu Mundo Personalizado\",\"isPartOf\":{\"@id\":\"https:\/\/meumundopersonalizado.com.br\/blog\/#website\"},\"primaryImageOfPage\":{\"@id\":\"https:\/\/meumundopersonalizado.com.br\/blog\/atividades-de-colorir-para-o-natal-extravasam-a-ansiedade-das-criancas-nessa-epoca-do-ano\/#primaryimage\"},\"datePublished\":\"2015-12-15T18:30:16+00:00\",\"dateModified\":\"2017-03-03T13:55:37+00:00\",\"description\":\"Atividades como desenhos para colorir, ca\\u00e7a-palavras, jogos de sete erros ou liga-pontos reduzem os n\\u00edveis de ansiedade e hiperatividade das crian\\u00e7as?\",\"inLanguage\":\"pt-BR\",\"potentialAction\":[{\"@type\":\"ReadAction\",\"target\":[\"https:\/\/meumundopersonalizado.com.br\/blog\/atividades-de-colorir-para-o-natal-extravasam-a-ansiedade-das-criancas-nessa-epoca-do-ano\/\"]}]},{\"@type\":\"Article\",\"@id\":\"https:\/\/meumundopersonalizado.com.br\/blog\/atividades-de-colorir-para-o-natal-extravasam-a-ansiedade-das-criancas-nessa-epoca-do-ano\/#article\",\"isPartOf\":{\"@id\":\"https:\/\/meumundopersonalizado.com.br\/blog\/atividades-de-colorir-para-o-natal-extravasam-a-ansiedade-das-criancas-nessa-epoca-do-ano\/#webpage\"},\"author\":{\"@id\":\"https:\/\/meumundopersonalizado.com.br\/blog\/#\/schema\/person\/7152250683ecb9cb4b7c612c699d48a6\"},\"headline\":\"Atividades de colorir para o Natal extravasam a ansiedade das crian\\u00e7as nessa \\u00e9poca do ano.\",\"datePublished\":\"2015-12-15T18:30:16+00:00\",\"dateModified\":\"2017-03-03T13:55:37+00:00\",\"commentCount\":0,\"mainEntityOfPage\":{\"@id\":\"https:\/\/meumundopersonalizado.com.br\/blog\/atividades-de-colorir-para-o-natal-extravasam-a-ansiedade-das-criancas-nessa-epoca-do-ano\/#webpage\"},\"publisher\":{\"@id\":\"https:\/\/meumundopersonalizado.com.br\/blog\/#organization\"},\"image\":{\"@id\":\"https:\/\/meumundopersonalizado.com.br\/blog\/atividades-de-colorir-para-o-natal-extravasam-a-ansiedade-das-criancas-nessa-epoca-do-ano\/#primaryimage\"},\"articleSection\":\"Festas e Datas Especiais,Novidades\",\"inLanguage\":\"pt-BR\",\"potentialAction\":[{\"@type\":\"CommentAction\",\"name\":\"Comment\",\"target\":[\"https:\/\/meumundopersonalizado.com.br\/blog\/atividades-de-colorir-para-o-natal-extravasam-a-ansiedade-das-criancas-nessa-epoca-do-ano\/#respond\"]}]},{\"@type\":[\"Person\"],\"@id\":\"https:\/\/meumundopersonalizado.com.br\/blog\/#\/schema\/person\/7152250683ecb9cb4b7c612c699d48a6\",\"name\":\"Meu Mundo Personalizado\",\"image\":{\"@type\":\"ImageObject\",\"@id\":\"https:\/\/meumundopersonalizado.com.br\/blog\/#personlogo\",\"inLanguage\":\"pt-BR\",\"url\":\"https:\/\/secure.gravatar.com\/avatar\/01147ea0fb838750523bfccf1bad0be1?s=96&d=mm&r=g\",\"caption\":\"Meu Mundo Personalizado\"}}]}<\/script>\n<!-- \/ Yoast SEO plugin. -->","_links":{"self":[{"href":"https:\/\/meumundopersonalizado.com.br\/blog\/wp-json\/wp\/v2\/posts\/7"}],"collection":[{"href":"https:\/\/meumundopersonalizado.com.br\/blog\/wp-json\/wp\/v2\/posts"}],"about":[{"href":"https:\/\/meumundopersonalizado.com.br\/blog\/wp-json\/wp\/v2\/types\/post"}],"author":[{"embeddable":true,"href":"https:\/\/meumundopersonalizado.com.br\/blog\/wp-json\/wp\/v2\/users\/2"}],"replies":[{"embeddable":true,"href":"https:\/\/meumundopersonalizado.com.br\/blog\/wp-json\/wp\/v2\/comments?post=7"}],"version-history":[{"count":3,"href":"https:\/\/meumundopersonalizado.com.br\/blog\/wp-json\/wp\/v2\/posts\/7\/revisions"}],"predecessor-version":[{"id":517,"href":"https:\/\/meumundopersonalizado.com.br\/blog\/wp-json\/wp\/v2\/posts\/7\/revisions\/517"}],"wp:featuredmedia":[{"embeddable":true,"href":"https:\/\/meumundopersonalizado.com.br\/blog\/wp-json\/wp\/v2\/media\/8"}],"wp:attachment":[{"href":"https:\/\/meumundopersonalizado.com.br\/blog\/wp-json\/wp\/v2\/media?parent=7"}],"wp:term":[{"taxonomy":"category","embeddable":true,"href":"https:\/\/meumundopersonalizado.com.br\/blog\/wp-json\/wp\/v2\/categories?post=7"},{"taxonomy":"post_tag","embeddable":true,"href":"https:\/\/meumundopersonalizado.com.br\/blog\/wp-json\/wp\/v2\/tags?post=7"}],"curies":[{"name":"wp","href":"https:\/\/api.w.org\/{rel}","templated":true}]}}