{"id":80,"date":"2016-06-30T11:27:15","date_gmt":"2016-06-30T14:27:15","guid":{"rendered":"http:\/\/meumundopersonalizado.com.br\/blog\/?p=80"},"modified":"2017-03-03T10:54:33","modified_gmt":"2017-03-03T13:54:33","slug":"saiba-o-que-fazer-se-pele-do-seu-bebe-esta-irritada-na-regiao-da-fralda-pela-dermatologista-dra-helena-zenedin-marchioro","status":"publish","type":"post","link":"https:\/\/meumundopersonalizado.com.br\/blog\/saiba-o-que-fazer-se-pele-do-seu-bebe-esta-irritada-na-regiao-da-fralda-pela-dermatologista-dra-helena-zenedin-marchioro\/","title":{"rendered":"&#8220;Saiba o que fazer se a pele do seu beb\u00ea est\u00e1 irritada na regi\u00e3o da fralda&#8221;, pela dermatologista Dra Helena Zenedin Marchioro"},"content":{"rendered":"<p>&#8220;Ol\u00e1 mam\u00e3es e papais,<\/p>\n<p>Hoje vou falar de um problema que \u00e9 muito frequente nos consult\u00f3rios de dermatologistas e pediatras. \u00c9 a dermatite da \u00e1rea das fraldas, uma condi\u00e7\u00e3o cl\u00ednica que representa v\u00e1rios diagn\u00f3sticos diferentes. Na pele da regi\u00e3o das fraldas, surgem les\u00f5es vermelhas com descama\u00e7\u00e3o, bolinhas, com ou sem coceira e ard\u00eancia. A crian\u00e7a pode se mostrar mais irritada e muitas vezes leva a m\u00e3o \u00e0 regi\u00e3o genital no momento de trocar as fraldas.<\/p>\n<p><!--more--><\/p>\n<p>A condi\u00e7\u00e3o mais comum que acomete essa regi\u00e3o \u00e9 a Dermatite Irritativa, que ocorre devido ao aumento da temperatura e umidade locais, que associados ao atrito normal da regi\u00e3o de dobras, favorece o aparecimento das les\u00f5es de pele (como uma \u201cassadura\u201d). Para prevenir essa condi\u00e7\u00e3o, o mais importante \u00e9 tentar manter a regi\u00e3o mais seca poss\u00edvel, com a troca mais frequente das fraldas. Para higienizar a regi\u00e3o, utilize algod\u00e3o embebido em \u00e1gua , ou len\u00e7os umedecidos espec\u00edficos para pele mais sens\u00edvel (com menos fragr\u00e2ncia e compostos mais suaves). Evite o uso de cremes anti-assadura que j\u00e1 contenham antif\u00fangicos como nistatina e o uso de medica\u00e7\u00f5es \u00e0 base de cortic\u00f3ides (como betametasona, desonida, hidrocortisona , entre outros), a n\u00e3o ser quando prescrito pelo m\u00e9dico!<\/p>\n<p>Muitas vezes, o beb\u00ea tem um padr\u00e3o de dermatite frequente que os pais conseguem controlar com essas medidas simples, por\u00e9m de repente, as les\u00f5es aumentam e assumem um padr\u00e3o diferente, ficam com um vermelho mais forte, em geral com mais coceira. Algo de diferente aconteceu. Pode ser que tenha havido uma infec\u00e7\u00e3o por fungos e \/ ou bact\u00e9rias, ent\u00e3o o m\u00e9dico dever\u00e1 reavaliar o quadro e ajustar o tratamento.<\/p>\n<p>Vale lembrar ainda que outras doen\u00e7as de pele podem fazer les\u00f5es tamb\u00e9m na regi\u00e3o das fraldas, como a Dermatite de contato al\u00e9rgica, a Dermatite Seborreica e a Psor\u00edase, entre outras.<\/p>\n<p>Portanto, a regra de ouro \u00e9: n\u00e3o melhorou com medidas simples, procure o m\u00e9dico &#8211; Dermatologista ou Pediatra &#8211; e evite automedica\u00e7\u00e3o!<\/p>\n<p>Espero ter ajudado.<\/p>\n<p>Um abra\u00e7o e at\u00e9 a pr\u00f3xima!&#8221;<\/p>\n<p><img loading=\"lazy\" decoding=\"async\" class=\"alignnone wp-image-84\" src=\"http:\/\/meumundopersonalizado.com.br\/blog\/wp-content\/uploads\/2016\/06\/Dra-Helena-Zenedin-Marchioro-2-300x100.png\" alt=\"Dicas para mam\u00e3es sobre pele de bebes recem nascidos\" width=\"591\" height=\"197\" srcset=\"https:\/\/meumundopersonalizado.com.br\/blog\/wp-content\/uploads\/2016\/06\/Dra-Helena-Zenedin-Marchioro-2-300x100.png 300w, https:\/\/meumundopersonalizado.com.br\/blog\/wp-content\/uploads\/2016\/06\/Dra-Helena-Zenedin-Marchioro-2.png 600w\" sizes=\"(max-width: 591px) 100vw, 591px\" \/><\/p>\n","protected":false},"excerpt":{"rendered":"<p>&#8220;Ol\u00e1 mam\u00e3es e papais, Hoje vou falar de um problema que \u00e9 muito frequente nos consult\u00f3rios de dermatologistas e pediatras. \u00c9 a dermatite da \u00e1rea das fraldas, uma condi\u00e7\u00e3o cl\u00ednica que representa v\u00e1rios diagn\u00f3sticos diferentes. Na pele da regi\u00e3o das fraldas, surgem les\u00f5es vermelhas com descama\u00e7\u00e3o, bolinhas, com ou sem coceira e ard\u00eancia. A crian\u00e7a&#8230;<\/p>\n","protected":false},"author":2,"featured_media":81,"comment_status":"open","ping_status":"open","sticky":false,"template":"","format":"standard","meta":{"footnotes":""},"categories":[14],"tags":[],"class_list":["post-80","post","type-post","status-publish","format-standard","has-post-thumbnail","hentry","category-bem-estar-e-comportamento","main-post"],"yoast_head":"<!-- This site is optimized with the Yoast SEO plugin v14.1 - https:\/\/yoast.com\/wordpress\/plugins\/seo\/ -->\n<title>&quot;Saiba o que fazer se a pele do seu beb\u00ea est\u00e1 irritada na regi\u00e3o da fralda&quot;, pela dermatologista Dra Helena Zenedin Marchioro - Blog Meu Mundo Personalizado<\/title>\n<meta name=\"description\" content=\"Dicas de quem entende: Confira o post da nossa dermatologista de plant\u00e3o para saber o que fazer se a pele do seu beb\u00eas est\u00e1 irritatada na regi\u00e3o da fralda!\" \/>\n<meta name=\"robots\" content=\"index, follow\" \/>\n<meta name=\"googlebot\" content=\"index, follow, max-snippet:-1, max-image-preview:large, max-video-preview:-1\" \/>\n<meta name=\"bingbot\" content=\"index, follow, max-snippet:-1, max-image-preview:large, max-video-preview:-1\" \/>\n<link rel=\"canonical\" href=\"https:\/\/meumundopersonalizado.com.br\/blog\/saiba-o-que-fazer-se-pele-do-seu-bebe-esta-irritada-na-regiao-da-fralda-pela-dermatologista-dra-helena-zenedin-marchioro\/\" \/>\n<meta property=\"og:locale\" content=\"pt_BR\" \/>\n<meta property=\"og:type\" content=\"article\" \/>\n<meta property=\"og:title\" content=\"&quot;Saiba o que fazer se a pele do seu beb\u00ea est\u00e1 irritada na regi\u00e3o da fralda&quot;, pela dermatologista Dra Helena Zenedin Marchioro - Blog Meu Mundo Personalizado\" \/>\n<meta property=\"og:description\" content=\"Dicas de quem entende: Confira o post da nossa dermatologista de plant\u00e3o para saber o que fazer se a pele do seu beb\u00eas est\u00e1 irritatada na regi\u00e3o da fralda!\" \/>\n<meta property=\"og:url\" content=\"https:\/\/meumundopersonalizado.com.br\/blog\/saiba-o-que-fazer-se-pele-do-seu-bebe-esta-irritada-na-regiao-da-fralda-pela-dermatologista-dra-helena-zenedin-marchioro\/\" \/>\n<meta property=\"og:site_name\" content=\"Blog Meu Mundo Personalizado\" \/>\n<meta property=\"article:published_time\" content=\"2016-06-30T14:27:15+00:00\" \/>\n<meta property=\"article:modified_time\" content=\"2017-03-03T13:54:33+00:00\" \/>\n<meta property=\"og:image\" content=\"https:\/\/meumundopersonalizado.com.br\/blog\/wp-content\/uploads\/2016\/06\/Blog-post-Dermatite-de-fraldas.png\" \/>\n\t<meta property=\"og:image:width\" content=\"810\" \/>\n\t<meta property=\"og:image:height\" content=\"450\" \/>\n<meta name=\"twitter:card\" content=\"summary\" \/>\n<script type=\"application\/ld+json\" class=\"yoast-schema-graph\">{\"@context\":\"https:\/\/schema.org\",\"@graph\":[{\"@type\":\"Organization\",\"@id\":\"https:\/\/meumundopersonalizado.com.br\/blog\/#organization\",\"name\":\"Meu Mundo Personalizado\",\"url\":\"https:\/\/meumundopersonalizado.com.br\/blog\/\",\"sameAs\":[],\"logo\":{\"@type\":\"ImageObject\",\"@id\":\"https:\/\/meumundopersonalizado.com.br\/blog\/#logo\",\"inLanguage\":\"pt-BR\",\"url\":\"https:\/\/meumundopersonalizado.com.br\/blog\/wp-content\/uploads\/2016\/06\/Logo-transparent-background.png\",\"width\":600,\"height\":600,\"caption\":\"Meu Mundo Personalizado\"},\"image\":{\"@id\":\"https:\/\/meumundopersonalizado.com.br\/blog\/#logo\"}},{\"@type\":\"WebSite\",\"@id\":\"https:\/\/meumundopersonalizado.com.br\/blog\/#website\",\"url\":\"https:\/\/meumundopersonalizado.com.br\/blog\/\",\"name\":\"Blog Meu Mundo Personalizado\",\"description\":\"Ideias e Novidades\",\"publisher\":{\"@id\":\"https:\/\/meumundopersonalizado.com.br\/blog\/#organization\"},\"potentialAction\":[{\"@type\":\"SearchAction\",\"target\":\"https:\/\/meumundopersonalizado.com.br\/blog\/?s={search_term_string}\",\"query-input\":\"required name=search_term_string\"}],\"inLanguage\":\"pt-BR\"},{\"@type\":\"ImageObject\",\"@id\":\"https:\/\/meumundopersonalizado.com.br\/blog\/saiba-o-que-fazer-se-pele-do-seu-bebe-esta-irritada-na-regiao-da-fralda-pela-dermatologista-dra-helena-zenedin-marchioro\/#primaryimage\",\"inLanguage\":\"pt-BR\",\"url\":\"https:\/\/meumundopersonalizado.com.br\/blog\/wp-content\/uploads\/2016\/06\/Blog-post-Dermatite-de-fraldas.png\",\"width\":810,\"height\":450,\"caption\":\"Dermatite de fraldas, irritabilidade, pele de beb\\u00ea, cuidados\"},{\"@type\":\"WebPage\",\"@id\":\"https:\/\/meumundopersonalizado.com.br\/blog\/saiba-o-que-fazer-se-pele-do-seu-bebe-esta-irritada-na-regiao-da-fralda-pela-dermatologista-dra-helena-zenedin-marchioro\/#webpage\",\"url\":\"https:\/\/meumundopersonalizado.com.br\/blog\/saiba-o-que-fazer-se-pele-do-seu-bebe-esta-irritada-na-regiao-da-fralda-pela-dermatologista-dra-helena-zenedin-marchioro\/\",\"name\":\"\\\"Saiba o que fazer se a pele do seu beb\\u00ea est\\u00e1 irritada na regi\\u00e3o da fralda\\\", pela dermatologista Dra Helena Zenedin Marchioro - Blog Meu Mundo Personalizado\",\"isPartOf\":{\"@id\":\"https:\/\/meumundopersonalizado.com.br\/blog\/#website\"},\"primaryImageOfPage\":{\"@id\":\"https:\/\/meumundopersonalizado.com.br\/blog\/saiba-o-que-fazer-se-pele-do-seu-bebe-esta-irritada-na-regiao-da-fralda-pela-dermatologista-dra-helena-zenedin-marchioro\/#primaryimage\"},\"datePublished\":\"2016-06-30T14:27:15+00:00\",\"dateModified\":\"2017-03-03T13:54:33+00:00\",\"description\":\"Dicas de quem entende: Confira o post da nossa dermatologista de plant\\u00e3o para saber o que fazer se a pele do seu beb\\u00eas est\\u00e1 irritatada na regi\\u00e3o da fralda!\",\"inLanguage\":\"pt-BR\",\"potentialAction\":[{\"@type\":\"ReadAction\",\"target\":[\"https:\/\/meumundopersonalizado.com.br\/blog\/saiba-o-que-fazer-se-pele-do-seu-bebe-esta-irritada-na-regiao-da-fralda-pela-dermatologista-dra-helena-zenedin-marchioro\/\"]}]},{\"@type\":\"Article\",\"@id\":\"https:\/\/meumundopersonalizado.com.br\/blog\/saiba-o-que-fazer-se-pele-do-seu-bebe-esta-irritada-na-regiao-da-fralda-pela-dermatologista-dra-helena-zenedin-marchioro\/#article\",\"isPartOf\":{\"@id\":\"https:\/\/meumundopersonalizado.com.br\/blog\/saiba-o-que-fazer-se-pele-do-seu-bebe-esta-irritada-na-regiao-da-fralda-pela-dermatologista-dra-helena-zenedin-marchioro\/#webpage\"},\"author\":{\"@id\":\"https:\/\/meumundopersonalizado.com.br\/blog\/#\/schema\/person\/7152250683ecb9cb4b7c612c699d48a6\"},\"headline\":\"&#8220;Saiba o que fazer se a pele do seu beb\\u00ea est\\u00e1 irritada na regi\\u00e3o da fralda&#8221;, pela dermatologista Dra Helena Zenedin Marchioro\",\"datePublished\":\"2016-06-30T14:27:15+00:00\",\"dateModified\":\"2017-03-03T13:54:33+00:00\",\"commentCount\":0,\"mainEntityOfPage\":{\"@id\":\"https:\/\/meumundopersonalizado.com.br\/blog\/saiba-o-que-fazer-se-pele-do-seu-bebe-esta-irritada-na-regiao-da-fralda-pela-dermatologista-dra-helena-zenedin-marchioro\/#webpage\"},\"publisher\":{\"@id\":\"https:\/\/meumundopersonalizado.com.br\/blog\/#organization\"},\"image\":{\"@id\":\"https:\/\/meumundopersonalizado.com.br\/blog\/saiba-o-que-fazer-se-pele-do-seu-bebe-esta-irritada-na-regiao-da-fralda-pela-dermatologista-dra-helena-zenedin-marchioro\/#primaryimage\"},\"articleSection\":\"Bem-estar e Comportamento\",\"inLanguage\":\"pt-BR\",\"potentialAction\":[{\"@type\":\"CommentAction\",\"name\":\"Comment\",\"target\":[\"https:\/\/meumundopersonalizado.com.br\/blog\/saiba-o-que-fazer-se-pele-do-seu-bebe-esta-irritada-na-regiao-da-fralda-pela-dermatologista-dra-helena-zenedin-marchioro\/#respond\"]}]},{\"@type\":[\"Person\"],\"@id\":\"https:\/\/meumundopersonalizado.com.br\/blog\/#\/schema\/person\/7152250683ecb9cb4b7c612c699d48a6\",\"name\":\"Meu Mundo Personalizado\",\"image\":{\"@type\":\"ImageObject\",\"@id\":\"https:\/\/meumundopersonalizado.com.br\/blog\/#personlogo\",\"inLanguage\":\"pt-BR\",\"url\":\"https:\/\/secure.gravatar.com\/avatar\/01147ea0fb838750523bfccf1bad0be1?s=96&d=mm&r=g\",\"caption\":\"Meu Mundo Personalizado\"}}]}<\/script>\n<!-- \/ Yoast SEO plugin. -->","_links":{"self":[{"href":"https:\/\/meumundopersonalizado.com.br\/blog\/wp-json\/wp\/v2\/posts\/80"}],"collection":[{"href":"https:\/\/meumundopersonalizado.com.br\/blog\/wp-json\/wp\/v2\/posts"}],"about":[{"href":"https:\/\/meumundopersonalizado.com.br\/blog\/wp-json\/wp\/v2\/types\/post"}],"author":[{"embeddable":true,"href":"https:\/\/meumundopersonalizado.com.br\/blog\/wp-json\/wp\/v2\/users\/2"}],"replies":[{"embeddable":true,"href":"https:\/\/meumundopersonalizado.com.br\/blog\/wp-json\/wp\/v2\/comments?post=80"}],"version-history":[{"count":6,"href":"https:\/\/meumundopersonalizado.com.br\/blog\/wp-json\/wp\/v2\/posts\/80\/revisions"}],"predecessor-version":[{"id":512,"href":"https:\/\/meumundopersonalizado.com.br\/blog\/wp-json\/wp\/v2\/posts\/80\/revisions\/512"}],"wp:featuredmedia":[{"embeddable":true,"href":"https:\/\/meumundopersonalizado.com.br\/blog\/wp-json\/wp\/v2\/media\/81"}],"wp:attachment":[{"href":"https:\/\/meumundopersonalizado.com.br\/blog\/wp-json\/wp\/v2\/media?parent=80"}],"wp:term":[{"taxonomy":"category","embeddable":true,"href":"https:\/\/meumundopersonalizado.com.br\/blog\/wp-json\/wp\/v2\/categories?post=80"},{"taxonomy":"post_tag","embeddable":true,"href":"https:\/\/meumundopersonalizado.com.br\/blog\/wp-json\/wp\/v2\/tags?post=80"}],"curies":[{"name":"wp","href":"https:\/\/api.w.org\/{rel}","templated":true}]}}