{"id":942,"date":"2020-12-21T15:25:22","date_gmt":"2020-12-21T18:25:22","guid":{"rendered":"https:\/\/meumundopersonalizado.com.br\/blog\/?p=942"},"modified":"2021-01-08T10:41:26","modified_gmt":"2021-01-08T13:41:26","slug":"presente-para-bebe-50-sugestoes-para-voce-acertar","status":"publish","type":"post","link":"https:\/\/meumundopersonalizado.com.br\/blog\/presente-para-bebe-50-sugestoes-para-voce-acertar\/","title":{"rendered":"Presente para Beb\u00ea: 50 sugest\u00f5es para voc\u00ea acertar!"},"content":{"rendered":"<p style=\"text-align: left;\">Na hora de presentear um beb\u00ea, muitas vezes ficamos em d\u00favida do que pode ser \u00fatil tanto para a crian\u00e7a, assim como para os pais. Essa d\u00favida passa pelo fato de que podemos presentear com roupas, itens como brinquedos ou ainda com algo criativo, inusitado!<\/p>\n<p style=\"text-align: left;\">Acompanhe a seguir 50 sugest\u00f5es de presentes para beb\u00ea que certamente ajudar\u00e3o voc\u00ea nessa escolha t\u00e3o especial!<\/p>\n<h3 style=\"text-align: left;\">1) Pel\u00facias!<\/h3>\n<p style=\"text-align: left;\">Neste modelo, a bandana da pel\u00facia pode ser personalizada com o nome dos pequenos, o que torna esse presente \u00fanico! Confere <a href=\"https:\/\/meumundopersonalizado.com.br\/produto\/girafa-de-pelucia-personalizada-rosa\/\">aqui!<\/a><\/p>\n<p style=\"text-align: left;\"><img loading=\"lazy\" decoding=\"async\" class=\"alignleft\" src=\"https:\/\/i0.wp.com\/meumundopersonalizado.com.br\/wp-content\/uploads\/2016\/05\/Girafa-com-a-bandana-personalizada-rosa.jpg\" alt=\"Girafa com a bandana personalizada rosa\" width=\"488\" height=\"488\" \/><\/p>\n<p>&nbsp;<\/p>\n<p>&nbsp;<\/p>\n<p>&nbsp;<\/p>\n<p>&nbsp;<\/p>\n<p>&nbsp;<\/p>\n<p>&nbsp;<\/p>\n<p>&nbsp;<\/p>\n<p>&nbsp;<\/p>\n<p>&nbsp;<\/p>\n<p>&nbsp;<\/p>\n<p>&nbsp;<\/p>\n<p>&nbsp;<\/p>\n<p>&nbsp;<\/p>\n<h3 style=\"text-align: left;\">2) Bomba de extra\u00e7\u00e3o de leite<\/h3>\n<p style=\"text-align: left;\">Esse \u00e9 o tipo de presente dupla fun\u00e7\u00e3o, tanto para o beb\u00ea quanto para a mam\u00e3e!<\/p>\n<p style=\"text-align: left;\">Confere as dicas <a href=\"https:\/\/mybest-brazil.com.br\/16720\">aqui!<\/a><\/p>\n<p style=\"text-align: left;\"><img loading=\"lazy\" decoding=\"async\" class=\"\" src=\"https:\/\/img.mybest-brazil.com.br\/press_component_images\/2019_09_bomba-eletrica.jpg?ixlib=rails-3.1.0&amp;auto=compress&amp;q=70&amp;lossless=0&amp;w=690&amp;fit=max&amp;s=0c90b3be78f0862b81298bb7ad995984\" alt=\"Bombinhas El\u00e9tricas: Mais Caras e Pesadas, mas com Extra\u00e7\u00f5es Pr\u00e1ticas e R\u00e1pidas\" width=\"489\" height=\"489\" \/><\/p>\n<h3 style=\"text-align: left;\">3) Bolsa Maternidade<\/h3>\n<p style=\"text-align: left;\">A bolsa maternidade \u00e9 um acess\u00f3rio que al\u00e9m de ter o atributo \u201cfuncionalidade\u201d, pode ser bonita tamb\u00e9m! Espia esses <a href=\"https:\/\/www.essencialenxovais.com.br\/bolsa-maternidade\/\">modelos super bacana<\/a>s!<\/p>\n<p style=\"text-align: left;\"><img loading=\"lazy\" decoding=\"async\" class=\"\" src=\"https:\/\/a-static.mlcdn.com.br\/618x463\/kit-bolsa-maternidade-com-mochila-de-costas-ursinho-5-pecas-gaby-mundo-infantil\/gabymundoinfantil\/1897\/ea37fb1c411a69d7a4bceb108c703d13.jpg\" alt=\"Kit Bolsa Maternidade Com Mochila De Costas Ursinho 5 pe\u00e7as - Gaby Mundo Infantil - Kit Bolsa Maternidade - Magazine Luiza\" width=\"536\" height=\"402\" \/><\/p>\n<h3 style=\"text-align: left;\">4) Body personalizado \u201cSou o amorzinho da Dinda\u201d<\/h3>\n<p style=\"text-align: left;\">Uma ideia criativa de um body em tecido 100% algod\u00e3o e que pode ser personalizado com a frase \u201cSou o Amorzinho da Dinda\/Madrinha\/Titia ou Vov\u00f3\u201d. Que tal?<\/p>\n<p style=\"text-align: left;\">Veja <a href=\"https:\/\/meumundopersonalizado.com.br\/produto\/body-bebe-personalizado-eu-sou-da-dinda\/\">aqui!<\/a><\/p>\n<p style=\"text-align: left;\"><img loading=\"lazy\" decoding=\"async\" class=\"\" src=\"https:\/\/i0.wp.com\/meumundopersonalizado.com.br\/wp-content\/uploads\/2017\/06\/Bebe-com-body-Sou-o-Amorzinho-da-Dinda.jpg\" alt=\"Bebe com body Sou o Amorzinho da Dinda\" width=\"489\" height=\"489\" \/><\/p>\n<h3 style=\"text-align: left;\">5) Mamadeiras<\/h3>\n<p style=\"text-align: left;\">Item essencial para todo beb\u00ea, al\u00e9m de um presente \u00fatil para auxiliar as mam\u00e3es e papais na hora da alimenta\u00e7\u00e3o! Voc\u00ea sabia que atualmente existem diversos estilos, que se adaptam inclusive \u00e0 idade do beb\u00ea? Confere <a href=\"https:\/\/www.rihappy.com.br\/baby\/amamentacao-e-alimentacao\/mamadeiras-bicos-e-chupetas\">aqui!<\/a><\/p>\n<p style=\"text-align: left;\"><img loading=\"lazy\" decoding=\"async\" class=\"\" src=\"https:\/\/cdn.awsli.com.br\/600x450\/193\/193043\/produto\/20619391\/22e28d203f.jpg\" alt=\"Kit Mamadeira Auto-Esteriliz\u00e1veis e Anti-C\u00f3lica Menino e 260ml 02 unidades MAM - Loja Tutti Amore\" width=\"396\" height=\"496\" \/><\/p>\n<h3 style=\"text-align: left;\">6) Cestas Maternidade<\/h3>\n<p style=\"text-align: left;\">Este \u00e9 um item para marcar, um presente luxuoso para beb\u00eas rec\u00e9m-nascidos, perfeitas para presentear a mam\u00e3e e dar as boas-vindas ao novo beb\u00ea! Olha que maravilhosas estas aqui no<a href=\"https:\/\/meumundopersonalizado.com.br\/?s=cesta&amp;post_type=product\"> link!<\/a><\/p>\n<p><img loading=\"lazy\" decoding=\"async\" class=\"\" src=\"https:\/\/i0.wp.com\/meumundopersonalizado.com.br\/wp-content\/uploads\/2015\/09\/Cesta-Kit-beb%C3%AA-rosa-1200pxl-etiqueta-mmp-1000x1000.png\" alt=\"Cesta Kit beb\u00ea rosa -1200pxl-etiqueta-mmp\" width=\"443\" height=\"443\" \/><\/p>\n<p><img loading=\"lazy\" decoding=\"async\" class=\" wp-image-1044 alignleft\" src=\"https:\/\/meumundopersonalizado.com.br\/blog\/wp-content\/uploads\/2020\/12\/itens-cesta-rosa-1000x1000-1.png\" alt=\"\" width=\"441\" height=\"441\" srcset=\"https:\/\/meumundopersonalizado.com.br\/blog\/wp-content\/uploads\/2020\/12\/itens-cesta-rosa-1000x1000-1.png 1000w, https:\/\/meumundopersonalizado.com.br\/blog\/wp-content\/uploads\/2020\/12\/itens-cesta-rosa-1000x1000-1-300x300.png 300w, https:\/\/meumundopersonalizado.com.br\/blog\/wp-content\/uploads\/2020\/12\/itens-cesta-rosa-1000x1000-1-150x150.png 150w, https:\/\/meumundopersonalizado.com.br\/blog\/wp-content\/uploads\/2020\/12\/itens-cesta-rosa-1000x1000-1-768x768.png 768w\" sizes=\"(max-width: 441px) 100vw, 441px\" \/><\/p>\n<p>&nbsp;<\/p>\n<p>&nbsp;<\/p>\n<p>&nbsp;<\/p>\n<p>&nbsp;<\/p>\n<p>&nbsp;<\/p>\n<p>&nbsp;<\/p>\n<p>&nbsp;<\/p>\n<p>&nbsp;<\/p>\n<p>&nbsp;<\/p>\n<p>&nbsp;<\/p>\n<p>&nbsp;<\/p>\n<p>&nbsp;<\/p>\n<p style=\"text-align: left;\"><img loading=\"lazy\" decoding=\"async\" class=\"\" src=\"https:\/\/i0.wp.com\/meumundopersonalizado.com.br\/wp-content\/uploads\/2018\/08\/Cesta-Kit-beb%C3%AA-branca-logo-mmp-1000x1000.jpg\" width=\"439\" height=\"439\" \/><\/p>\n<p>&nbsp;<\/p>\n<h3 style=\"text-align: left;\">7) Fraldas descart\u00e1veis<\/h3>\n<p style=\"text-align: left;\">Na linha de presentes \u00fateis, as <a href=\"https:\/\/www.pampers.com.br\/\">fraldas descart\u00e1veis<\/a> s\u00e3o sempre bem-vindas pelos papais, afinal, poupam muito tempo no dia a dia deles! Observe al\u00e9m das formas e tamanhos, os tipos de ajuste!<\/p>\n<p style=\"text-align: left;\"><img loading=\"lazy\" decoding=\"async\" class=\"\" src=\"https:\/\/a-static.mlcdn.com.br\/618x463\/fralda-pampers-confort-sec-m-24-unidades\/mmfraldas\/7979142396\/1e855c6802c0614ac390e926f340b55b.jpg\" alt=\"FRALDA PAMPERS CONFORT SEC M - 24 Unidades - Fralda Descart\u00e1vel - Magazine Luiza\" width=\"475\" height=\"475\" \/><\/p>\n<h3 style=\"text-align: left;\">8) Naninhas<\/h3>\n<p style=\"text-align: left;\">Naninhas s\u00e3o uma \u00f3tima ideia de presente para rec\u00e9m-nascidos! Super macias e aconchegantes, ajudam o beb\u00ea na hora de dormir. Confere esses <a href=\"https:\/\/meumundopersonalizado.com.br\/?s=naninha&amp;post_type=product\">modelos lindos!<\/a><\/p>\n<p style=\"text-align: left;\"><img loading=\"lazy\" decoding=\"async\" class=\"\" src=\"https:\/\/i2.wp.com\/meumundopersonalizado.com.br\/wp-content\/uploads\/2016\/06\/Naninhas-Atoalhadas-para-bebe-azul-rosa-e-beige.jpg\" alt=\"Naninhas Atoalhadas para bebe azul, rosa e beige\" width=\"479\" height=\"479\" \/><\/p>\n<h3 style=\"text-align: left;\">9) Fraldas ecol\u00f3gicas<\/h3>\n<p style=\"text-align: left;\">A principal vantagem das fraldas ecol\u00f3gicas como op\u00e7\u00e3o de presente para beb\u00ea \u00e9 que elas n\u00e3o prejudicam tanto o meio-ambiente, pois economizam recursos e possuem menos qu\u00edmica que as descart\u00e1veis. Veja algumas op\u00e7\u00f5es <a href=\"https:\/\/www.fraldasdipano.com.br\/\">aqui!<\/a><\/p>\n<p style=\"text-align: left;\"><img loading=\"lazy\" decoding=\"async\" class=\"\" src=\"https:\/\/fraldasdipano.vteximg.com.br\/arquivos\/ids\/170476-1000-1000\/Kit_com_6_Fraldas_Ecologicas_d_987.jpg?v=637420865716130000\" width=\"487\" height=\"487\" \/><\/p>\n<h3 style=\"text-align: left;\">10) Quadros Nascimento<\/h3>\n<p style=\"text-align: left;\">Olha que bacana essa ideia de eternizar as informa\u00e7\u00f5es do nascimento do beb\u00ea com quadros com fotos e dados do nascimento!\u00a0 Espie <a href=\"ttps:\/\/meumundopersonalizado.com.br\/?s=QUADRO+NASCIMENTO&amp;post_type=product\">aqui!<\/a><\/p>\n<p style=\"text-align: left;\"><img loading=\"lazy\" decoding=\"async\" class=\"\" src=\"https:\/\/i0.wp.com\/meumundopersonalizado.com.br\/wp-content\/uploads\/2019\/06\/elefante-A3-menino.jpg\" alt=\"Quadro decorativo nascimento com foto\" width=\"477\" height=\"477\" \/><\/p>\n<p><img loading=\"lazy\" decoding=\"async\" class=\"\" src=\"https:\/\/i3.wp.com\/meumundopersonalizado.com.br\/wp-content\/uploads\/2019\/08\/02-menina.jpg\" alt=\"Quadro nascimento com 4 fotos \u2013 meninas\" width=\"477\" height=\"477\" \/><\/p>\n<p>&nbsp;<\/p>\n<h3 style=\"text-align: left;\">11) Roupinhas<\/h3>\n<p style=\"text-align: left;\">As roupinhas s\u00e3o itens que n\u00e3o caem de moda nunca para quem quer presentear um beb\u00ea!<\/p>\n<p style=\"text-align: left;\">Confere alguns modelos show<a href=\"https:\/\/www.bebedescolado.com.br\/\"> aqui!<\/a><\/p>\n<p style=\"text-align: left;\"><img loading=\"lazy\" decoding=\"async\" class=\"wp-image-948 alignleft\" src=\"https:\/\/meumundopersonalizado.com.br\/blog\/wp-content\/uploads\/2020\/12\/11.-roupinha1-300x248.jpg\" alt=\"\" width=\"559\" height=\"461\" srcset=\"https:\/\/meumundopersonalizado.com.br\/blog\/wp-content\/uploads\/2020\/12\/11.-roupinha1-300x248.jpg 300w, https:\/\/meumundopersonalizado.com.br\/blog\/wp-content\/uploads\/2020\/12\/11.-roupinha1.jpg 488w\" sizes=\"(max-width: 559px) 100vw, 559px\" \/><\/p>\n<p>&nbsp;<\/p>\n<p>&nbsp;<\/p>\n<p>&nbsp;<\/p>\n<p>&nbsp;<\/p>\n<p>&nbsp;<\/p>\n<p>&nbsp;<\/p>\n<p>&nbsp;<\/p>\n<p>&nbsp;<\/p>\n<p>&nbsp;<\/p>\n<p>&nbsp;<\/p>\n<p>&nbsp;<\/p>\n<p>&nbsp;<\/p>\n<p>&nbsp;<\/p>\n<h3 style=\"text-align: left;\">12) Mantas!<\/h3>\n<p style=\"text-align: left;\">As mantas s\u00e3o perfeitas para embrulhar o beb\u00ea, seja para cobrir em dias mais friozinhos, assim como s\u00e3o f\u00e1ceis de carregar no carrinho ou na bolsa!<\/p>\n<p style=\"text-align: left;\">Confere esses <a href=\"https:\/\/meumundopersonalizado.com.br\/produto\/manta-malha-matelasse-azul\/\">itens<\/a> que podem ser personalizados!<\/p>\n<p style=\"text-align: left;\"><img loading=\"lazy\" decoding=\"async\" class=\"\" src=\"https:\/\/i3.wp.com\/meumundopersonalizado.com.br\/wp-content\/uploads\/2015\/08\/manta-beb%C3%AA-azul-1000x1000.png\" width=\"647\" height=\"647\" \/><\/p>\n<p>&nbsp;<\/p>\n<h3 style=\"text-align: left;\">13) Joias<\/h3>\n<p style=\"text-align: left;\">Voc\u00ea sabia que os pediatras recomendam os brincos ap\u00f3s o segundo ou terceiro m\u00eas de vida? Confere essa joalheria que tem especialidade em <a href=\"https:\/\/petitgalerie.com.br\/categoria\/brincos\/primeiro-brinco\">brincos para beb\u00eas!<\/a><\/p>\n<p style=\"text-align: left;\"><img loading=\"lazy\" decoding=\"async\" class=\" wp-image-951 alignleft\" src=\"https:\/\/meumundopersonalizado.com.br\/blog\/wp-content\/uploads\/2020\/12\/13.-brincos-20200117183727_3872996128_DM-300x300.jpg\" alt=\"\" width=\"487\" height=\"487\" srcset=\"https:\/\/meumundopersonalizado.com.br\/blog\/wp-content\/uploads\/2020\/12\/13.-brincos-20200117183727_3872996128_DM-300x300.jpg 300w, https:\/\/meumundopersonalizado.com.br\/blog\/wp-content\/uploads\/2020\/12\/13.-brincos-20200117183727_3872996128_DM-150x150.jpg 150w, https:\/\/meumundopersonalizado.com.br\/blog\/wp-content\/uploads\/2020\/12\/13.-brincos-20200117183727_3872996128_DM.jpg 416w\" sizes=\"(max-width: 487px) 100vw, 487px\" \/><\/p>\n<p>&nbsp;<\/p>\n<p>&nbsp;<\/p>\n<p>&nbsp;<\/p>\n<p>&nbsp;<\/p>\n<p>&nbsp;<\/p>\n<p>&nbsp;<\/p>\n<p>&nbsp;<\/p>\n<p>&nbsp;<\/p>\n<p>&nbsp;<\/p>\n<p>&nbsp;<\/p>\n<p>&nbsp;<\/p>\n<p>&nbsp;<\/p>\n<p>&nbsp;<\/p>\n<h3 style=\"text-align: left;\">14) Babadores<\/h3>\n<p style=\"text-align: left;\">Outra op\u00e7\u00e3o de presente para rec\u00e9m-nascido: babadores que podem ser personalizados! Espia no <a href=\"https:\/\/meumundopersonalizado.com.br\/?s=babadores&amp;post_type=product\">link!<\/a><\/p>\n<p style=\"text-align: left;\"><img loading=\"lazy\" decoding=\"async\" class=\" wp-image-952 alignleft\" src=\"https:\/\/meumundopersonalizado.com.br\/blog\/wp-content\/uploads\/2020\/12\/14.Kit-3-babadores-bandana-meninas-2-1024x1024-1-300x300.jpg\" alt=\"\" width=\"485\" height=\"485\" srcset=\"https:\/\/meumundopersonalizado.com.br\/blog\/wp-content\/uploads\/2020\/12\/14.Kit-3-babadores-bandana-meninas-2-1024x1024-1-300x300.jpg 300w, https:\/\/meumundopersonalizado.com.br\/blog\/wp-content\/uploads\/2020\/12\/14.Kit-3-babadores-bandana-meninas-2-1024x1024-1.jpg 1024w, https:\/\/meumundopersonalizado.com.br\/blog\/wp-content\/uploads\/2020\/12\/14.Kit-3-babadores-bandana-meninas-2-1024x1024-1-150x150.jpg 150w, https:\/\/meumundopersonalizado.com.br\/blog\/wp-content\/uploads\/2020\/12\/14.Kit-3-babadores-bandana-meninas-2-1024x1024-1-768x768.jpg 768w\" sizes=\"(max-width: 485px) 100vw, 485px\" \/><\/p>\n<p>&nbsp;<\/p>\n<p>&nbsp;<\/p>\n<p>&nbsp;<\/p>\n<p>&nbsp;<\/p>\n<p>&nbsp;<\/p>\n<p>&nbsp;<\/p>\n<p>&nbsp;<\/p>\n<p>&nbsp;<\/p>\n<p>&nbsp;<\/p>\n<p>&nbsp;<\/p>\n<p>&nbsp;<\/p>\n<p>&nbsp;<\/p>\n<p>&nbsp;<\/p>\n<p>&nbsp;<\/p>\n<h3 style=\"text-align: left;\">15) Conjunto sa\u00edda de maternidade<\/h3>\n<p style=\"text-align: left;\">Um momento marcante, a primeira foto pode ser em grande estilo: a sa\u00edda da maternidade! Separamos modelos lindos <a href=\"https:\/\/www.graodegente.com.br\/saidas-maternidade-tricot\/saida-maternidade\">aqui!<\/a><\/p>\n<p style=\"text-align: left;\"><img loading=\"lazy\" decoding=\"async\" class=\"wp-image-1021 alignleft\" src=\"https:\/\/meumundopersonalizado.com.br\/blog\/wp-content\/uploads\/2020\/12\/15-1-281x300.jpg\" alt=\"\" width=\"391\" height=\"417\" srcset=\"https:\/\/meumundopersonalizado.com.br\/blog\/wp-content\/uploads\/2020\/12\/15-1-281x300.jpg 281w, https:\/\/meumundopersonalizado.com.br\/blog\/wp-content\/uploads\/2020\/12\/15-1.jpg 547w\" sizes=\"(max-width: 391px) 100vw, 391px\" \/><\/p>\n<p>&nbsp;<\/p>\n<p>&nbsp;<\/p>\n<p>&nbsp;<\/p>\n<p>&nbsp;<\/p>\n<p>&nbsp;<\/p>\n<p>&nbsp;<\/p>\n<p>&nbsp;<\/p>\n<p>&nbsp;<\/p>\n<p>&nbsp;<\/p>\n<p>&nbsp;<\/p>\n<p>&nbsp;<\/p>\n<p>&nbsp;<\/p>\n<h3 style=\"text-align: left;\">16) Toalhas para o beb\u00ea!<\/h3>\n<p style=\"text-align: left;\">Olha esse modelo, super macio e de excelente qualidade para deixar o beb\u00ea bem sequinho e ainda podem ser personalizadas com o nome deles!<\/p>\n<p style=\"text-align: left;\">Confere<a href=\"https:\/\/meumundopersonalizado.com.br\/?s=toalha&amp;post_type=product\"> aqui!<\/a><\/p>\n<p style=\"text-align: left;\"><img loading=\"lazy\" decoding=\"async\" class=\"wp-image-958 alignleft\" src=\"https:\/\/meumundopersonalizado.com.br\/blog\/wp-content\/uploads\/2020\/12\/16.Toalha-capuz-azul-1000x1000px-personalizado-300x300.jpg\" alt=\"\" width=\"422\" height=\"422\" srcset=\"https:\/\/meumundopersonalizado.com.br\/blog\/wp-content\/uploads\/2020\/12\/16.Toalha-capuz-azul-1000x1000px-personalizado-300x300.jpg 300w, https:\/\/meumundopersonalizado.com.br\/blog\/wp-content\/uploads\/2020\/12\/16.Toalha-capuz-azul-1000x1000px-personalizado-150x150.jpg 150w, https:\/\/meumundopersonalizado.com.br\/blog\/wp-content\/uploads\/2020\/12\/16.Toalha-capuz-azul-1000x1000px-personalizado-768x768.jpg 768w, https:\/\/meumundopersonalizado.com.br\/blog\/wp-content\/uploads\/2020\/12\/16.Toalha-capuz-azul-1000x1000px-personalizado.jpg 1000w\" sizes=\"(max-width: 422px) 100vw, 422px\" \/><\/p>\n<p>&nbsp;<\/p>\n<p>&nbsp;<\/p>\n<p>&nbsp;<\/p>\n<p>&nbsp;<\/p>\n<p>&nbsp;<\/p>\n<p>&nbsp;<\/p>\n<p>&nbsp;<\/p>\n<p>&nbsp;<\/p>\n<p>&nbsp;<\/p>\n<p>&nbsp;<\/p>\n<p>&nbsp;<\/p>\n<p><img loading=\"lazy\" decoding=\"async\" class=\" wp-image-957 alignleft\" src=\"https:\/\/meumundopersonalizado.com.br\/blog\/wp-content\/uploads\/2020\/12\/16.cesta-ovelha-rosa-toalha-aberta-PERSONALIZADA-1000x1000-1.jpg\" alt=\"\" width=\"422\" height=\"422\" srcset=\"https:\/\/meumundopersonalizado.com.br\/blog\/wp-content\/uploads\/2020\/12\/16.cesta-ovelha-rosa-toalha-aberta-PERSONALIZADA-1000x1000-1.jpg 1000w, https:\/\/meumundopersonalizado.com.br\/blog\/wp-content\/uploads\/2020\/12\/16.cesta-ovelha-rosa-toalha-aberta-PERSONALIZADA-1000x1000-1-300x300.jpg 300w, https:\/\/meumundopersonalizado.com.br\/blog\/wp-content\/uploads\/2020\/12\/16.cesta-ovelha-rosa-toalha-aberta-PERSONALIZADA-1000x1000-1-150x150.jpg 150w, https:\/\/meumundopersonalizado.com.br\/blog\/wp-content\/uploads\/2020\/12\/16.cesta-ovelha-rosa-toalha-aberta-PERSONALIZADA-1000x1000-1-768x768.jpg 768w\" sizes=\"(max-width: 422px) 100vw, 422px\" \/><\/p>\n<p>&nbsp;<\/p>\n<p>&nbsp;<\/p>\n<p>&nbsp;<\/p>\n<p>&nbsp;<\/p>\n<p>&nbsp;<\/p>\n<p>&nbsp;<\/p>\n<p>&nbsp;<\/p>\n<p>&nbsp;<\/p>\n<p>&nbsp;<\/p>\n<p>&nbsp;<\/p>\n<p>&nbsp;<\/p>\n<p>&nbsp;<\/p>\n<h3 style=\"text-align: left;\">17) Urso de pel\u00facia com logomarca<\/h3>\n<p style=\"text-align: left;\">Confere essa pel\u00facia que pode ser personalizada com a logomarca ou seu desenho preferido na camiseta! Veja <a href=\"https:\/\/meumundopersonalizado.com.br\/produto\/ursinho-classico-com-camiseta-personalizada-com-a-sua-logo\/\">link!<\/a><\/p>\n<p style=\"text-align: left;\"><img loading=\"lazy\" decoding=\"async\" class=\" wp-image-959 alignleft\" src=\"https:\/\/meumundopersonalizado.com.br\/blog\/wp-content\/uploads\/2020\/12\/17.Urso-Pelucia-MOLLI-Camiseta-com-logo-com-lacinho-300x300.jpg\" alt=\"\" width=\"482\" height=\"482\" srcset=\"https:\/\/meumundopersonalizado.com.br\/blog\/wp-content\/uploads\/2020\/12\/17.Urso-Pelucia-MOLLI-Camiseta-com-logo-com-lacinho-300x300.jpg 300w, https:\/\/meumundopersonalizado.com.br\/blog\/wp-content\/uploads\/2020\/12\/17.Urso-Pelucia-MOLLI-Camiseta-com-logo-com-lacinho-150x150.jpg 150w, https:\/\/meumundopersonalizado.com.br\/blog\/wp-content\/uploads\/2020\/12\/17.Urso-Pelucia-MOLLI-Camiseta-com-logo-com-lacinho.jpg 720w\" sizes=\"(max-width: 482px) 100vw, 482px\" \/><\/p>\n<p>&nbsp;<\/p>\n<p>&nbsp;<\/p>\n<p>&nbsp;<\/p>\n<p>&nbsp;<\/p>\n<p>&nbsp;<\/p>\n<p>&nbsp;<\/p>\n<p>&nbsp;<\/p>\n<p>&nbsp;<\/p>\n<p>&nbsp;<\/p>\n<p>&nbsp;<\/p>\n<p>&nbsp;<\/p>\n<p>&nbsp;<\/p>\n<p>&nbsp;<\/p>\n<p>&nbsp;<\/p>\n<h3 style=\"text-align: left;\">18) Chocalhos<\/h3>\n<p style=\"text-align: left;\">Os chocalhos v\u00e3o entreter os pequeninhos e ajud\u00e1-los em seu desenvolvimento, sendo perfeitos para a descoberta de novos sons e texturas! Olha esses <a href=\"https:\/\/meumundopersonalizado.com.br\/?s=chocalho&amp;post_type=product\">modelos!<\/a><\/p>\n<p style=\"text-align: left;\"><img loading=\"lazy\" decoding=\"async\" class=\" wp-image-960 alignleft\" src=\"https:\/\/meumundopersonalizado.com.br\/blog\/wp-content\/uploads\/2020\/12\/18.Chocalho-Minnie-Disney-personalizado-menina-bebe-comprar-1024x1024-1-300x300.jpg\" alt=\"\" width=\"474\" height=\"474\" srcset=\"https:\/\/meumundopersonalizado.com.br\/blog\/wp-content\/uploads\/2020\/12\/18.Chocalho-Minnie-Disney-personalizado-menina-bebe-comprar-1024x1024-1-300x300.jpg 300w, https:\/\/meumundopersonalizado.com.br\/blog\/wp-content\/uploads\/2020\/12\/18.Chocalho-Minnie-Disney-personalizado-menina-bebe-comprar-1024x1024-1.jpg 1024w, https:\/\/meumundopersonalizado.com.br\/blog\/wp-content\/uploads\/2020\/12\/18.Chocalho-Minnie-Disney-personalizado-menina-bebe-comprar-1024x1024-1-150x150.jpg 150w, https:\/\/meumundopersonalizado.com.br\/blog\/wp-content\/uploads\/2020\/12\/18.Chocalho-Minnie-Disney-personalizado-menina-bebe-comprar-1024x1024-1-768x768.jpg 768w\" sizes=\"(max-width: 474px) 100vw, 474px\" \/><\/p>\n<p>&nbsp;<\/p>\n<p>&nbsp;<\/p>\n<p>&nbsp;<\/p>\n<p>&nbsp;<\/p>\n<p>&nbsp;<\/p>\n<p>&nbsp;<\/p>\n<p>&nbsp;<\/p>\n<p>&nbsp;<\/p>\n<p>&nbsp;<\/p>\n<p>&nbsp;<\/p>\n<p>&nbsp;<\/p>\n<p>&nbsp;<\/p>\n<p>&nbsp;<\/p>\n<p>&nbsp;<\/p>\n<h3 style=\"text-align: left;\">19) M\u00f3biles<\/h3>\n<p style=\"text-align: left;\">Voc\u00ea sabia que al\u00e9m de entreter os beb\u00eas, os m\u00f3biles contribuem para o desenvolvimento deles? D\u00e1 uma olhada nessas <a href=\"https:\/\/www.rihappy.com.br\/moveis-e-acessorios\/decoracao\/mobiles\">op\u00e7\u00f5es!<\/a><\/p>\n<p style=\"text-align: left;\"><img loading=\"lazy\" decoding=\"async\" class=\" wp-image-961 alignleft\" src=\"https:\/\/meumundopersonalizado.com.br\/blog\/wp-content\/uploads\/2020\/12\/19.mobile-296x300.jpg\" alt=\"\" width=\"468\" height=\"474\" srcset=\"https:\/\/meumundopersonalizado.com.br\/blog\/wp-content\/uploads\/2020\/12\/19.mobile-296x300.jpg 296w, https:\/\/meumundopersonalizado.com.br\/blog\/wp-content\/uploads\/2020\/12\/19.mobile.jpg 727w\" sizes=\"(max-width: 468px) 100vw, 468px\" \/><\/p>\n<p>&nbsp;<\/p>\n<p>&nbsp;<\/p>\n<p>&nbsp;<\/p>\n<p>&nbsp;<\/p>\n<p>&nbsp;<\/p>\n<p>&nbsp;<\/p>\n<p>&nbsp;<\/p>\n<p>&nbsp;<\/p>\n<p>&nbsp;<\/p>\n<p>&nbsp;<\/p>\n<p>&nbsp;<\/p>\n<p>&nbsp;<\/p>\n<p>&nbsp;<\/p>\n<p>&nbsp;<\/p>\n<h3 style=\"text-align: left;\">20) Tapa fraldas<\/h3>\n<p style=\"text-align: left;\">Um item que deixa os beb\u00eas ainda mais bonitos e fofos \u00e9 o tapa fralda. Espia no link algumas <a href=\"https:\/\/www.bebefofuxo.com.br\/categorias\/tapa-fralda-para-bebe\">op\u00e7\u00f5es divertidas!<\/a><\/p>\n<p style=\"text-align: left;\"><img loading=\"lazy\" decoding=\"async\" class=\" wp-image-1027 alignleft\" src=\"https:\/\/meumundopersonalizado.com.br\/blog\/wp-content\/uploads\/2020\/12\/15-300x225.jpeg\" alt=\"\" width=\"416\" height=\"312\" srcset=\"https:\/\/meumundopersonalizado.com.br\/blog\/wp-content\/uploads\/2020\/12\/15-300x225.jpeg 300w, https:\/\/meumundopersonalizado.com.br\/blog\/wp-content\/uploads\/2020\/12\/15-768x576.jpeg 768w, https:\/\/meumundopersonalizado.com.br\/blog\/wp-content\/uploads\/2020\/12\/15.jpeg 1024w\" sizes=\"(max-width: 416px) 100vw, 416px\" \/><\/p>\n<p>&nbsp;<\/p>\n<p>&nbsp;<\/p>\n<p>&nbsp;<\/p>\n<p>&nbsp;<\/p>\n<p>&nbsp;<\/p>\n<p>&nbsp;<\/p>\n<p>&nbsp;<\/p>\n<p>&nbsp;<\/p>\n<p>&nbsp;<\/p>\n<h3 style=\"text-align: left;\">21) Kit Beb\u00ea e Kit Rec\u00e9m-Nascido<\/h3>\n<p style=\"text-align: left;\">Kit Beb\u00ea, com itens b\u00e1sicos e super \u00fateis do enxoval, s\u00e3o ideais para presentear rec\u00e9m-nascidos! Modelos maravilhosos <a href=\"https:\/\/meumundopersonalizado.com.br\/produto\/kit-bebe-dupla-face-c-urso-meninos\/\">aqui!<\/a><\/p>\n<p style=\"text-align: left;\"><img loading=\"lazy\" decoding=\"async\" class=\"wp-image-1036 alignleft\" src=\"https:\/\/meumundopersonalizado.com.br\/blog\/wp-content\/uploads\/2020\/12\/Kit-Dupla-Face-azul.jpg\" alt=\"\" width=\"400\" height=\"400\" srcset=\"https:\/\/meumundopersonalizado.com.br\/blog\/wp-content\/uploads\/2020\/12\/Kit-Dupla-Face-azul.jpg 800w, https:\/\/meumundopersonalizado.com.br\/blog\/wp-content\/uploads\/2020\/12\/Kit-Dupla-Face-azul-300x300.jpg 300w, https:\/\/meumundopersonalizado.com.br\/blog\/wp-content\/uploads\/2020\/12\/Kit-Dupla-Face-azul-150x150.jpg 150w, https:\/\/meumundopersonalizado.com.br\/blog\/wp-content\/uploads\/2020\/12\/Kit-Dupla-Face-azul-768x768.jpg 768w\" sizes=\"(max-width: 400px) 100vw, 400px\" \/><\/p>\n<p>&nbsp;<\/p>\n<p>&nbsp;<\/p>\n<p>&nbsp;<\/p>\n<p>&nbsp;<\/p>\n<p>&nbsp;<\/p>\n<p>&nbsp;<\/p>\n<p>&nbsp;<\/p>\n<p>&nbsp;<\/p>\n<p>&nbsp;<\/p>\n<p>&nbsp;<\/p>\n<p>&nbsp;<\/p>\n<h3 style=\"text-align: left;\">22) Bonecas e Bonecos de Pano<\/h3>\n<p style=\"text-align: left;\">Bonecas lindas, delicadas e super bem feitas! Veja no <a href=\"https:\/\/www.parecegente.com.br\/\">link<\/a> que trabalho maravilhoso!<\/p>\n<p>&nbsp;<\/p>\n<p style=\"text-align: left;\"><img loading=\"lazy\" decoding=\"async\" class=\" wp-image-1029 alignleft\" src=\"https:\/\/meumundopersonalizado.com.br\/blog\/wp-content\/uploads\/2020\/12\/16-300x296.jpg\" alt=\"\" width=\"407\" height=\"402\" srcset=\"https:\/\/meumundopersonalizado.com.br\/blog\/wp-content\/uploads\/2020\/12\/16-300x296.jpg 300w, https:\/\/meumundopersonalizado.com.br\/blog\/wp-content\/uploads\/2020\/12\/16.jpg 601w\" sizes=\"(max-width: 407px) 100vw, 407px\" \/><\/p>\n<p>&nbsp;<\/p>\n<p>&nbsp;<\/p>\n<p>&nbsp;<\/p>\n<p>&nbsp;<\/p>\n<p>&nbsp;<\/p>\n<p>&nbsp;<\/p>\n<p>&nbsp;<\/p>\n<p>&nbsp;<\/p>\n<p>&nbsp;<\/p>\n<p>&nbsp;<\/p>\n<p>&nbsp;<\/p>\n<p>&nbsp;<\/p>\n<h3 style=\"text-align: left;\">23) Travesseiro que vira bicho de pel\u00facia<\/h3>\n<p style=\"text-align: left;\">Olha que demais esse ursinho super fofinho e antial\u00e9rgico que vira<a href=\"https:\/\/meumundopersonalizado.com.br\/produto\/ursinho-de-pelucia-travesseiro-bebe-rosa\/\"> travesseiro<\/a> para deixar o sono mais gostoso e confort\u00e1vel!<\/p>\n<p style=\"text-align: left;\"><img loading=\"lazy\" decoding=\"async\" class=\"\" src=\"https:\/\/i0.wp.com\/meumundopersonalizado.com.br\/wp-content\/uploads\/2020\/08\/Ursinho-travesseiro-com-gorro-Nino-azul-1000x1000.png\" width=\"431\" height=\"431\" \/><\/p>\n<p>&nbsp;<\/p>\n<h3 style=\"text-align: left;\">24) Sapatinhos (ou chaveirinhos? &lt;3)<\/h3>\n<p style=\"text-align: left;\">A gente acha t\u00e3o fofo, que parece um chaveirinho! Olha que coisas mais lindas neste <a href=\"https:\/\/www.datitia.com.br\/bebes\/sapatinhos.html\">link!<\/a><\/p>\n<p style=\"text-align: left;\"><img loading=\"lazy\" decoding=\"async\" class=\" wp-image-970 alignleft\" src=\"https:\/\/meumundopersonalizado.com.br\/blog\/wp-content\/uploads\/2020\/12\/24.sand_lia-branca-beb_-menina-pompom-12005-300x300.jpg\" alt=\"\" width=\"413\" height=\"413\" srcset=\"https:\/\/meumundopersonalizado.com.br\/blog\/wp-content\/uploads\/2020\/12\/24.sand_lia-branca-beb_-menina-pompom-12005-300x300.jpg 300w, https:\/\/meumundopersonalizado.com.br\/blog\/wp-content\/uploads\/2020\/12\/24.sand_lia-branca-beb_-menina-pompom-12005-150x150.jpg 150w, https:\/\/meumundopersonalizado.com.br\/blog\/wp-content\/uploads\/2020\/12\/24.sand_lia-branca-beb_-menina-pompom-12005.jpg 700w\" sizes=\"(max-width: 413px) 100vw, 413px\" \/><\/p>\n<p>&nbsp;<\/p>\n<p>&nbsp;<\/p>\n<p>&nbsp;<\/p>\n<p>&nbsp;<\/p>\n<p>&nbsp;<\/p>\n<p>&nbsp;<\/p>\n<p>&nbsp;<\/p>\n<p>&nbsp;<\/p>\n<p>&nbsp;<\/p>\n<p>&nbsp;<\/p>\n<p>&nbsp;<\/p>\n<p>&nbsp;<\/p>\n<h3 style=\"text-align: left;\">25) Kit Beb\u00ea com 3 Quadrinhos para o quarto do beb\u00ea<\/h3>\n<p style=\"text-align: left;\">Delicado, esse kit beb\u00ea com 3 lindos e exclusivos quadros da Cole\u00e7\u00e3o Lhama \u201cTe amo at\u00e9 a lua ida e volta\u201d enfeitam o quarto da Beb\u00ea! Espia no <a href=\"https:\/\/meumundopersonalizado.com.br\/?s=kit+3+quadros&amp;post_type=product\">link!<\/a><\/p>\n<p><img loading=\"lazy\" decoding=\"async\" class=\" wp-image-972 alignleft\" src=\"https:\/\/meumundopersonalizado.com.br\/blog\/wp-content\/uploads\/2020\/12\/25.ber\u00e7o-3-quadros-rosa-lua-grande.jpg\" alt=\"\" width=\"413\" height=\"413\" srcset=\"https:\/\/meumundopersonalizado.com.br\/blog\/wp-content\/uploads\/2020\/12\/25.ber\u00e7o-3-quadros-rosa-lua-grande.jpg 1000w, https:\/\/meumundopersonalizado.com.br\/blog\/wp-content\/uploads\/2020\/12\/25.ber\u00e7o-3-quadros-rosa-lua-grande-300x300.jpg 300w, https:\/\/meumundopersonalizado.com.br\/blog\/wp-content\/uploads\/2020\/12\/25.ber\u00e7o-3-quadros-rosa-lua-grande-150x150.jpg 150w, https:\/\/meumundopersonalizado.com.br\/blog\/wp-content\/uploads\/2020\/12\/25.ber\u00e7o-3-quadros-rosa-lua-grande-768x768.jpg 768w\" sizes=\"(max-width: 413px) 100vw, 413px\" \/><\/p>\n<p>&nbsp;<\/p>\n<p>&nbsp;<\/p>\n<p>&nbsp;<\/p>\n<p>&nbsp;<\/p>\n<p>&nbsp;<\/p>\n<p>&nbsp;<\/p>\n<p>&nbsp;<\/p>\n<p>&nbsp;<\/p>\n<p>&nbsp;<\/p>\n<p>&nbsp;<\/p>\n<p>&nbsp;<\/p>\n<h3 style=\"text-align: left;\">26) Chapeuzinhos<\/h3>\n<p style=\"text-align: left;\">A pele dos beb\u00eas \u00e9 super sens\u00edvel e chap\u00e9us s\u00e3o muito bem-vindos para que eles fiquem protegidos do sol! Olha no<a href=\"https:\/\/www.tricae.com.br\/acessorios\/bones-chapeus\/\"> link!<\/a><\/p>\n<p style=\"text-align: left;\"><img loading=\"lazy\" decoding=\"async\" class=\" wp-image-974 alignleft\" src=\"https:\/\/meumundopersonalizado.com.br\/blog\/wp-content\/uploads\/2020\/12\/26.-chapeu2-300x290.jpg\" alt=\"\" width=\"458\" height=\"443\" srcset=\"https:\/\/meumundopersonalizado.com.br\/blog\/wp-content\/uploads\/2020\/12\/26.-chapeu2-300x290.jpg 300w, https:\/\/meumundopersonalizado.com.br\/blog\/wp-content\/uploads\/2020\/12\/26.-chapeu2.jpg 592w\" sizes=\"(max-width: 458px) 100vw, 458px\" \/><\/p>\n<p>&nbsp;<\/p>\n<p>&nbsp;<\/p>\n<p>&nbsp;<\/p>\n<p>&nbsp;<\/p>\n<p>&nbsp;<\/p>\n<p>&nbsp;<\/p>\n<p>&nbsp;<\/p>\n<p>&nbsp;<\/p>\n<p>&nbsp;<\/p>\n<p>&nbsp;<\/p>\n<p>&nbsp;<\/p>\n<p>&nbsp;<\/p>\n<p>&nbsp;<\/p>\n<h3 style=\"text-align: left;\">27) Calcinhas e cuequinhas!<\/h3>\n<p style=\"text-align: left;\">Olha que demais esses modelinhos que t\u00eam <a href=\"https:\/\/www.cegonhaencantada.com.br\/roupas\/underwears\">aqui!<\/a><\/p>\n<p style=\"text-align: left;\"><img loading=\"lazy\" decoding=\"async\" class=\" wp-image-975 alignleft\" src=\"https:\/\/meumundopersonalizado.com.br\/blog\/wp-content\/uploads\/2020\/12\/27.calcinha-patati-patata-7188-300x300.jpg\" alt=\"\" width=\"427\" height=\"427\" srcset=\"https:\/\/meumundopersonalizado.com.br\/blog\/wp-content\/uploads\/2020\/12\/27.calcinha-patati-patata-7188-300x300.jpg 300w, https:\/\/meumundopersonalizado.com.br\/blog\/wp-content\/uploads\/2020\/12\/27.calcinha-patati-patata-7188-150x150.jpg 150w, https:\/\/meumundopersonalizado.com.br\/blog\/wp-content\/uploads\/2020\/12\/27.calcinha-patati-patata-7188-768x768.jpg 768w, https:\/\/meumundopersonalizado.com.br\/blog\/wp-content\/uploads\/2020\/12\/27.calcinha-patati-patata-7188.jpg 900w\" sizes=\"(max-width: 427px) 100vw, 427px\" \/><\/p>\n<p>&nbsp;<\/p>\n<p>&nbsp;<\/p>\n<p>&nbsp;<\/p>\n<p>&nbsp;<\/p>\n<p>&nbsp;<\/p>\n<p>&nbsp;<\/p>\n<p>&nbsp;<\/p>\n<p>&nbsp;<\/p>\n<p>&nbsp;<\/p>\n<p>&nbsp;<\/p>\n<p>&nbsp;<\/p>\n<p>&nbsp;<\/p>\n<h3 style=\"text-align: left;\">28) Di\u00e1rio do Beb\u00ea<\/h3>\n<p style=\"text-align: left;\">Registre informa\u00e7\u00f5es e fotos especiais do desenvolvimento do beb\u00ea! Um super presente! Olha no <a href=\"https:\/\/www.elo7.com.br\/lista\/livro-do-bebe?nav=sb\">link!<\/a><\/p>\n<p style=\"text-align: left;\"><img loading=\"lazy\" decoding=\"async\" class=\" wp-image-976 alignleft\" src=\"https:\/\/meumundopersonalizado.com.br\/blog\/wp-content\/uploads\/2020\/12\/28.diario-do-bebe-raposinha-diario-do-bebe-scrapbook-300x216.jpg\" alt=\"\" width=\"437\" height=\"315\" srcset=\"https:\/\/meumundopersonalizado.com.br\/blog\/wp-content\/uploads\/2020\/12\/28.diario-do-bebe-raposinha-diario-do-bebe-scrapbook-300x216.jpg 300w, https:\/\/meumundopersonalizado.com.br\/blog\/wp-content\/uploads\/2020\/12\/28.diario-do-bebe-raposinha-diario-do-bebe-scrapbook.jpg 580w\" sizes=\"(max-width: 437px) 100vw, 437px\" \/><\/p>\n<p>&nbsp;<\/p>\n<p>&nbsp;<\/p>\n<p>&nbsp;<\/p>\n<p>&nbsp;<\/p>\n<p>&nbsp;<\/p>\n<p>&nbsp;<\/p>\n<p>&nbsp;<\/p>\n<p>&nbsp;<\/p>\n<p>&nbsp;<\/p>\n<h3 style=\"text-align: left;\">29) Quadro \u201cM\u00easvers\u00e1rio\u201d<\/h3>\n<p style=\"text-align: left;\">Presente criativo para beb\u00eas e uma excelente op\u00e7\u00e3o para enfeitar o quartinho dele! Veja mais no <a href=\"https:\/\/meumundopersonalizado.com.br\/?s=mesversario&amp;post_type=product\">link!<\/a><\/p>\n<p><img loading=\"lazy\" decoding=\"async\" class=\" wp-image-978 alignleft\" src=\"https:\/\/meumundopersonalizado.com.br\/blog\/wp-content\/uploads\/2020\/12\/29.00-A3-nasc-novo01-1024x1024-1.jpg\" alt=\"\" width=\"448\" height=\"448\" srcset=\"https:\/\/meumundopersonalizado.com.br\/blog\/wp-content\/uploads\/2020\/12\/29.00-A3-nasc-novo01-1024x1024-1.jpg 1024w, https:\/\/meumundopersonalizado.com.br\/blog\/wp-content\/uploads\/2020\/12\/29.00-A3-nasc-novo01-1024x1024-1-300x300.jpg 300w, https:\/\/meumundopersonalizado.com.br\/blog\/wp-content\/uploads\/2020\/12\/29.00-A3-nasc-novo01-1024x1024-1-150x150.jpg 150w, https:\/\/meumundopersonalizado.com.br\/blog\/wp-content\/uploads\/2020\/12\/29.00-A3-nasc-novo01-1024x1024-1-768x768.jpg 768w\" sizes=\"(max-width: 448px) 100vw, 448px\" \/><\/p>\n<p>&nbsp;<\/p>\n<p>&nbsp;<\/p>\n<p>&nbsp;<\/p>\n<p>&nbsp;<\/p>\n<p>&nbsp;<\/p>\n<p>&nbsp;<\/p>\n<p>&nbsp;<\/p>\n<p>&nbsp;<\/p>\n<p>&nbsp;<\/p>\n<p>&nbsp;<\/p>\n<p>&nbsp;<\/p>\n<p>&nbsp;<\/p>\n<p>&nbsp;<\/p>\n<h3 style=\"text-align: left;\">30) Almofadas<\/h3>\n<p style=\"text-align: left;\">Um presente que ser\u00e1 lembrado para a vida inteira, personalize a sua<a href=\"https:\/\/meumundopersonalizado.com.br\/produto\/almofada-personalizada-com-4-fotos-e-texto\/\"> nova almofada!<\/a><\/p>\n<p style=\"text-align: left;\"><img loading=\"lazy\" decoding=\"async\" class=\"wp-image-980 alignleft\" src=\"https:\/\/meumundopersonalizado.com.br\/blog\/wp-content\/uploads\/2020\/12\/30.ALMOFADA-PERSONALIZADA-DIA-DAS-M\u00c3ES-4-FOTOS-CLOSU-UP-1000x1000-1.jpg\" alt=\"\" width=\"468\" height=\"468\" srcset=\"https:\/\/meumundopersonalizado.com.br\/blog\/wp-content\/uploads\/2020\/12\/30.ALMOFADA-PERSONALIZADA-DIA-DAS-M\u00c3ES-4-FOTOS-CLOSU-UP-1000x1000-1.jpg 1000w, https:\/\/meumundopersonalizado.com.br\/blog\/wp-content\/uploads\/2020\/12\/30.ALMOFADA-PERSONALIZADA-DIA-DAS-M\u00c3ES-4-FOTOS-CLOSU-UP-1000x1000-1-300x300.jpg 300w, https:\/\/meumundopersonalizado.com.br\/blog\/wp-content\/uploads\/2020\/12\/30.ALMOFADA-PERSONALIZADA-DIA-DAS-M\u00c3ES-4-FOTOS-CLOSU-UP-1000x1000-1-150x150.jpg 150w, https:\/\/meumundopersonalizado.com.br\/blog\/wp-content\/uploads\/2020\/12\/30.ALMOFADA-PERSONALIZADA-DIA-DAS-M\u00c3ES-4-FOTOS-CLOSU-UP-1000x1000-1-768x768.jpg 768w\" sizes=\"(max-width: 468px) 100vw, 468px\" \/><\/p>\n<p>&nbsp;<\/p>\n<p>&nbsp;<\/p>\n<p>&nbsp;<\/p>\n<p>&nbsp;<\/p>\n<p>&nbsp;<\/p>\n<p>&nbsp;<\/p>\n<p>&nbsp;<\/p>\n<p>&nbsp;<\/p>\n<p>&nbsp;<\/p>\n<p>&nbsp;<\/p>\n<p>&nbsp;<\/p>\n<p>&nbsp;<\/p>\n<p>&nbsp;<\/p>\n<h3 style=\"text-align: left;\">31) Pel\u00facias Decorativas<\/h3>\n<p style=\"text-align: left;\">Manter o quartinho do beb\u00ea decorado, d\u00e1 todo um tom alegre e certamente auxilia no desenvolvimento dele.<\/p>\n<p style=\"text-align: left;\">Olha esses modelos de <a href=\"https:\/\/meumundopersonalizado.com.br\/produto\/urso-de-pelucia-aviador-25-cm-meninos\/\">pel\u00facia super legal<\/a> para decorar o quartinho!<\/p>\n<p style=\"text-align: left;\"><img loading=\"lazy\" decoding=\"async\" class=\"\" src=\"https:\/\/i3.wp.com\/meumundopersonalizado.com.br\/wp-content\/uploads\/2019\/09\/Urso-de-pelucia-aviador-25cm-TOY-1024x1024.png\" alt=\"Urso de pelucia aviador \u2013 25cm \u2013 TOY\" width=\"482\" height=\"482\" \/><\/p>\n<p><img loading=\"lazy\" decoding=\"async\" class=\" wp-image-1042 alignleft\" src=\"https:\/\/meumundopersonalizado.com.br\/blog\/wp-content\/uploads\/2020\/12\/Ursa-vestido-FLORAL-TOY-25cm-sr-1000x1000-1.jpg\" alt=\"\" width=\"480\" height=\"480\" srcset=\"https:\/\/meumundopersonalizado.com.br\/blog\/wp-content\/uploads\/2020\/12\/Ursa-vestido-FLORAL-TOY-25cm-sr-1000x1000-1.jpg 1000w, https:\/\/meumundopersonalizado.com.br\/blog\/wp-content\/uploads\/2020\/12\/Ursa-vestido-FLORAL-TOY-25cm-sr-1000x1000-1-300x300.jpg 300w, https:\/\/meumundopersonalizado.com.br\/blog\/wp-content\/uploads\/2020\/12\/Ursa-vestido-FLORAL-TOY-25cm-sr-1000x1000-1-150x150.jpg 150w, https:\/\/meumundopersonalizado.com.br\/blog\/wp-content\/uploads\/2020\/12\/Ursa-vestido-FLORAL-TOY-25cm-sr-1000x1000-1-768x768.jpg 768w\" sizes=\"(max-width: 480px) 100vw, 480px\" \/><\/p>\n<p>&nbsp;<\/p>\n<p>&nbsp;<\/p>\n<p>&nbsp;<\/p>\n<p>&nbsp;<\/p>\n<p>&nbsp;<\/p>\n<p>&nbsp;<\/p>\n<p>&nbsp;<\/p>\n<p>&nbsp;<\/p>\n<p>&nbsp;<\/p>\n<p>&nbsp;<\/p>\n<p>&nbsp;<\/p>\n<p>&nbsp;<\/p>\n<p>&nbsp;<\/p>\n<h3 style=\"text-align: left;\">32) Porta-Retratos<\/h3>\n<p style=\"text-align: left;\">Gente!!! Um modelo mais fofo que o outro! Olha <a href=\"https:\/\/www.graodegente.com.br\/porta-retrato-quarto-de-bebe\">aqui!<\/a><\/p>\n<p style=\"text-align: left;\"><img loading=\"lazy\" decoding=\"async\" class=\" wp-image-986 alignleft\" src=\"https:\/\/meumundopersonalizado.com.br\/blog\/wp-content\/uploads\/2020\/12\/33.portaretrato-300x294.jpg\" alt=\"\" width=\"481\" height=\"471\" srcset=\"https:\/\/meumundopersonalizado.com.br\/blog\/wp-content\/uploads\/2020\/12\/33.portaretrato-300x294.jpg 300w, https:\/\/meumundopersonalizado.com.br\/blog\/wp-content\/uploads\/2020\/12\/33.portaretrato.jpg 557w\" sizes=\"(max-width: 481px) 100vw, 481px\" \/><\/p>\n<p>&nbsp;<\/p>\n<p>&nbsp;<\/p>\n<p>&nbsp;<\/p>\n<p>&nbsp;<\/p>\n<p>&nbsp;<\/p>\n<p>&nbsp;<\/p>\n<p>&nbsp;<\/p>\n<p>&nbsp;<\/p>\n<p>&nbsp;<\/p>\n<p>&nbsp;<\/p>\n<p>&nbsp;<\/p>\n<p>&nbsp;<\/p>\n<p>&nbsp;<\/p>\n<h3><\/h3>\n<h3 style=\"text-align: left;\">33) Cupcakes que s\u00e3o roupinhas!<\/h3>\n<p style=\"text-align: left;\">Embalados em como cupcakes, n\u00e3o s\u00f3 s\u00e3o presentes mimosos e criativos, mas \u00fateis e pr\u00e1ticos! Demais! Veja <a href=\"https:\/\/meumundopersonalizado.com.br\/?s=kit+presente+cupcake&amp;post_type=product\">aqui!<\/a><\/p>\n<p style=\"text-align: left;\"><img loading=\"lazy\" decoding=\"async\" class=\"wp-image-989 alignleft\" src=\"https:\/\/meumundopersonalizado.com.br\/blog\/wp-content\/uploads\/2020\/12\/34.Caixa-4-cupcakes-ROSA-meninas-com-laco-1024x1024-1.jpg\" alt=\"\" width=\"472\" height=\"472\" srcset=\"https:\/\/meumundopersonalizado.com.br\/blog\/wp-content\/uploads\/2020\/12\/34.Caixa-4-cupcakes-ROSA-meninas-com-laco-1024x1024-1.jpg 1024w, https:\/\/meumundopersonalizado.com.br\/blog\/wp-content\/uploads\/2020\/12\/34.Caixa-4-cupcakes-ROSA-meninas-com-laco-1024x1024-1-300x300.jpg 300w, https:\/\/meumundopersonalizado.com.br\/blog\/wp-content\/uploads\/2020\/12\/34.Caixa-4-cupcakes-ROSA-meninas-com-laco-1024x1024-1-150x150.jpg 150w, https:\/\/meumundopersonalizado.com.br\/blog\/wp-content\/uploads\/2020\/12\/34.Caixa-4-cupcakes-ROSA-meninas-com-laco-1024x1024-1-768x768.jpg 768w\" sizes=\"(max-width: 472px) 100vw, 472px\" \/><\/p>\n<p>&nbsp;<\/p>\n<p>&nbsp;<\/p>\n<p>&nbsp;<\/p>\n<p>&nbsp;<\/p>\n<p>&nbsp;<\/p>\n<p>&nbsp;<\/p>\n<p>&nbsp;<\/p>\n<p>&nbsp;<\/p>\n<p>&nbsp;<\/p>\n<p>&nbsp;<\/p>\n<p>&nbsp;<\/p>\n<p>&nbsp;<\/p>\n<p>&nbsp;<\/p>\n<h3 style=\"text-align: left;\">34) Body com bola de futebol<\/h3>\n<p style=\"text-align: left;\">Pode ser personalizado e vem com bola de pel\u00facia antial\u00e9rgica! Olha s\u00f3 no l<a href=\"https:\/\/meumundopersonalizado.com.br\/produto\/body-gola-polo-vermelho-e-preto-com-bola-de-pelucia\/\">ink!<\/a><\/p>\n<p style=\"text-align: left;\"><img loading=\"lazy\" decoding=\"async\" class=\" wp-image-990 alignleft\" src=\"https:\/\/meumundopersonalizado.com.br\/blog\/wp-content\/uploads\/2020\/12\/35.Body-personalizado-com-nome-e-numero-vermelho-e-preto-e-bola-de-futebol-300x300.jpg\" alt=\"\" width=\"477\" height=\"477\" srcset=\"https:\/\/meumundopersonalizado.com.br\/blog\/wp-content\/uploads\/2020\/12\/35.Body-personalizado-com-nome-e-numero-vermelho-e-preto-e-bola-de-futebol-300x300.jpg 300w, https:\/\/meumundopersonalizado.com.br\/blog\/wp-content\/uploads\/2020\/12\/35.Body-personalizado-com-nome-e-numero-vermelho-e-preto-e-bola-de-futebol-150x150.jpg 150w, https:\/\/meumundopersonalizado.com.br\/blog\/wp-content\/uploads\/2020\/12\/35.Body-personalizado-com-nome-e-numero-vermelho-e-preto-e-bola-de-futebol.jpg 754w\" sizes=\"(max-width: 477px) 100vw, 477px\" \/><\/p>\n<p>&nbsp;<\/p>\n<p>&nbsp;<\/p>\n<p>&nbsp;<\/p>\n<p>&nbsp;<\/p>\n<p>&nbsp;<\/p>\n<p>&nbsp;<\/p>\n<p>&nbsp;<\/p>\n<p>&nbsp;<\/p>\n<p>&nbsp;<\/p>\n<p>&nbsp;<\/p>\n<p>&nbsp;<\/p>\n<p>&nbsp;<\/p>\n<p>&nbsp;<\/p>\n<p>&nbsp;<\/p>\n<h3 style=\"text-align: left;\">35) Baby sling<\/h3>\n<p style=\"text-align: left;\">O sling \u00e9 confort\u00e1vel e respeita o amadurecimento das estruturas dos beb\u00eas! Super presente! <a href=\"https:\/\/pannosling.com.br\/\">Veja op\u00e7\u00f5es!<\/a><\/p>\n<p style=\"text-align: left;\"><img loading=\"lazy\" decoding=\"async\" class=\" wp-image-991 alignleft\" src=\"https:\/\/meumundopersonalizado.com.br\/blog\/wp-content\/uploads\/2020\/12\/36.canguru-sling-wrap-kababy-azul-marinho-kavod-17900A_Frente-300x300.jpg\" alt=\"\" width=\"474\" height=\"474\" srcset=\"https:\/\/meumundopersonalizado.com.br\/blog\/wp-content\/uploads\/2020\/12\/36.canguru-sling-wrap-kababy-azul-marinho-kavod-17900A_Frente-300x300.jpg 300w, https:\/\/meumundopersonalizado.com.br\/blog\/wp-content\/uploads\/2020\/12\/36.canguru-sling-wrap-kababy-azul-marinho-kavod-17900A_Frente-150x150.jpg 150w, https:\/\/meumundopersonalizado.com.br\/blog\/wp-content\/uploads\/2020\/12\/36.canguru-sling-wrap-kababy-azul-marinho-kavod-17900A_Frente.jpg 768w\" sizes=\"(max-width: 474px) 100vw, 474px\" \/><\/p>\n<p>&nbsp;<\/p>\n<p>&nbsp;<\/p>\n<p>&nbsp;<\/p>\n<p>&nbsp;<\/p>\n<p>&nbsp;<\/p>\n<p>&nbsp;<\/p>\n<p>&nbsp;<\/p>\n<p>&nbsp;<\/p>\n<p>&nbsp;<\/p>\n<p>&nbsp;<\/p>\n<p>&nbsp;<\/p>\n<p>&nbsp;<\/p>\n<p>&nbsp;<\/p>\n<p>&nbsp;<\/p>\n<h3 style=\"text-align: left;\">36) Kit beb\u00ea de Ursinha<\/h3>\n<p style=\"text-align: left;\">O Kit Beb\u00ea Manta, Naninha e Pantufa e Luvinhas Dupla Face \u00e9 perfeito para presentear rec\u00e9m-nascidos! Composto por itens b\u00e1sicos e super \u00fateis do enxoval da beb\u00ea, o kit ser\u00e1 muito usado nos primeiros meses de vida da pequenina. Espia <a href=\"https:\/\/meumundopersonalizado.com.br\/produto\/kit-bebe-dupla-face-c-urso-meninas\/\">aqui!<\/a><\/p>\n<p><img loading=\"lazy\" decoding=\"async\" class=\" wp-image-1034 alignleft\" src=\"https:\/\/meumundopersonalizado.com.br\/blog\/wp-content\/uploads\/2020\/12\/Kit-Dupla-Face-Rosa-com-bordado-na-caixa-2-300x300.jpg\" alt=\"\" width=\"408\" height=\"408\" srcset=\"https:\/\/meumundopersonalizado.com.br\/blog\/wp-content\/uploads\/2020\/12\/Kit-Dupla-Face-Rosa-com-bordado-na-caixa-2-300x300.jpg 300w, https:\/\/meumundopersonalizado.com.br\/blog\/wp-content\/uploads\/2020\/12\/Kit-Dupla-Face-Rosa-com-bordado-na-caixa-2-150x150.jpg 150w, https:\/\/meumundopersonalizado.com.br\/blog\/wp-content\/uploads\/2020\/12\/Kit-Dupla-Face-Rosa-com-bordado-na-caixa-2-768x768.jpg 768w, https:\/\/meumundopersonalizado.com.br\/blog\/wp-content\/uploads\/2020\/12\/Kit-Dupla-Face-Rosa-com-bordado-na-caixa-2.jpg 800w\" sizes=\"(max-width: 408px) 100vw, 408px\" \/><\/p>\n<p>&nbsp;<\/p>\n<p>&nbsp;<\/p>\n<p>&nbsp;<\/p>\n<p>&nbsp;<\/p>\n<p>&nbsp;<\/p>\n<p>&nbsp;<\/p>\n<p>&nbsp;<\/p>\n<p>&nbsp;<\/p>\n<p>&nbsp;<\/p>\n<p>&nbsp;<\/p>\n<h3><\/h3>\n<h3 style=\"text-align: left;\">37) \u00c1lbum de fotos<\/h3>\n<p style=\"text-align: left;\">Um presente super legal para guardar todos os momentos especiais na maternidade. D\u00e1 uma olhada <a href=\"https:\/\/www.tudoparafoto.com.br\/album-foto\/capa-dura\/album-bebe\">nessas op\u00e7\u00f5es!<\/a><\/p>\n<p style=\"text-align: left;\"><img loading=\"lazy\" decoding=\"async\" class=\" wp-image-976 alignleft\" src=\"https:\/\/meumundopersonalizado.com.br\/blog\/wp-content\/uploads\/2020\/12\/28.diario-do-bebe-raposinha-diario-do-bebe-scrapbook-300x216.jpg\" alt=\"\" width=\"415\" height=\"299\" srcset=\"https:\/\/meumundopersonalizado.com.br\/blog\/wp-content\/uploads\/2020\/12\/28.diario-do-bebe-raposinha-diario-do-bebe-scrapbook-300x216.jpg 300w, https:\/\/meumundopersonalizado.com.br\/blog\/wp-content\/uploads\/2020\/12\/28.diario-do-bebe-raposinha-diario-do-bebe-scrapbook.jpg 580w\" sizes=\"(max-width: 415px) 100vw, 415px\" \/><\/p>\n<p>&nbsp;<\/p>\n<p>&nbsp;<\/p>\n<p>&nbsp;<\/p>\n<p>&nbsp;<\/p>\n<p>&nbsp;<\/p>\n<p>&nbsp;<\/p>\n<p>&nbsp;<\/p>\n<p>&nbsp;<\/p>\n<p>&nbsp;<\/p>\n<h3 style=\"text-align: left;\">38) Ninho para ber\u00e7o<\/h3>\n<p style=\"text-align: left;\">Presente para beb\u00ea que proporciona al\u00e9m de conforto, seguran\u00e7a! Espia que legais os modelos no<a href=\"https:\/\/www.babyenxoval.com.br\/busca?q=ninho+&amp;gclid=Cj0KCQiAqdP9BRDVARIsAGSZ8AlspISBhRrxZBN4xfTQI-pVde2wEIR6WJ1E-iw8DnJu7WwnGdePOl0aAnX-EALw_wcB&amp;page=3\"> link!<\/a><\/p>\n<p style=\"text-align: left;\"><img loading=\"lazy\" decoding=\"async\" class=\" wp-image-994 alignleft\" src=\"https:\/\/meumundopersonalizado.com.br\/blog\/wp-content\/uploads\/2020\/12\/39.ninho_-300x298.jpg\" alt=\"\" width=\"416\" height=\"413\" srcset=\"https:\/\/meumundopersonalizado.com.br\/blog\/wp-content\/uploads\/2020\/12\/39.ninho_-300x298.jpg 300w, https:\/\/meumundopersonalizado.com.br\/blog\/wp-content\/uploads\/2020\/12\/39.ninho_-150x150.jpg 150w, https:\/\/meumundopersonalizado.com.br\/blog\/wp-content\/uploads\/2020\/12\/39.ninho_.jpg 593w\" sizes=\"(max-width: 416px) 100vw, 416px\" \/><\/p>\n<p>&nbsp;<\/p>\n<p>&nbsp;<\/p>\n<p>&nbsp;<\/p>\n<p>&nbsp;<\/p>\n<p>&nbsp;<\/p>\n<p>&nbsp;<\/p>\n<p>&nbsp;<\/p>\n<p>&nbsp;<\/p>\n<p>&nbsp;<\/p>\n<p>&nbsp;<\/p>\n<p>&nbsp;<\/p>\n<p>&nbsp;<\/p>\n<h3 style=\"text-align: left;\">39) Pel\u00facia com Camiseta Personalizada<\/h3>\n<p style=\"text-align: left;\">Ursinho de pel\u00facia com camiseta personalizada para decorar o Ch\u00e1 de Revela\u00e7\u00e3o ou o Ch\u00e1 de Beb\u00ea! Veja <a href=\"https:\/\/meumundopersonalizado.com.br\/?s=pelucia+c%2F+camiseta&amp;post_type=product\">aqui!<\/a><\/p>\n<p><img loading=\"lazy\" decoding=\"async\" class=\" wp-image-1046 alignleft\" src=\"https:\/\/meumundopersonalizado.com.br\/blog\/wp-content\/uploads\/2020\/12\/Urso-Pelucia-BRU-NOVO-Camiseta-BRANCA-FOTO-CRIAN\u00c7A-E-TEXTO-MENINOS-1000x1000-1.jpg\" alt=\"\" width=\"396\" height=\"396\" srcset=\"https:\/\/meumundopersonalizado.com.br\/blog\/wp-content\/uploads\/2020\/12\/Urso-Pelucia-BRU-NOVO-Camiseta-BRANCA-FOTO-CRIAN\u00c7A-E-TEXTO-MENINOS-1000x1000-1.jpg 1000w, https:\/\/meumundopersonalizado.com.br\/blog\/wp-content\/uploads\/2020\/12\/Urso-Pelucia-BRU-NOVO-Camiseta-BRANCA-FOTO-CRIAN\u00c7A-E-TEXTO-MENINOS-1000x1000-1-300x300.jpg 300w, https:\/\/meumundopersonalizado.com.br\/blog\/wp-content\/uploads\/2020\/12\/Urso-Pelucia-BRU-NOVO-Camiseta-BRANCA-FOTO-CRIAN\u00c7A-E-TEXTO-MENINOS-1000x1000-1-150x150.jpg 150w, https:\/\/meumundopersonalizado.com.br\/blog\/wp-content\/uploads\/2020\/12\/Urso-Pelucia-BRU-NOVO-Camiseta-BRANCA-FOTO-CRIAN\u00c7A-E-TEXTO-MENINOS-1000x1000-1-768x768.jpg 768w\" sizes=\"(max-width: 396px) 100vw, 396px\" \/><\/p>\n<p>&nbsp;<\/p>\n<p>&nbsp;<\/p>\n<p>&nbsp;<\/p>\n<p>&nbsp;<\/p>\n<p>&nbsp;<\/p>\n<p>&nbsp;<\/p>\n<p>&nbsp;<\/p>\n<p>&nbsp;<\/p>\n<p>&nbsp;<\/p>\n<p>&nbsp;<\/p>\n<p>&nbsp;<\/p>\n<p style=\"text-align: left;\"><img loading=\"lazy\" decoding=\"async\" class=\" wp-image-996 alignleft\" src=\"https:\/\/meumundopersonalizado.com.br\/blog\/wp-content\/uploads\/2020\/12\/40.Urso-Pelucia-Camiseta-ROSA-personalizada-BRU-NOVO-1000x1000-1-300x300.jpg\" alt=\"\" width=\"401\" height=\"401\" srcset=\"https:\/\/meumundopersonalizado.com.br\/blog\/wp-content\/uploads\/2020\/12\/40.Urso-Pelucia-Camiseta-ROSA-personalizada-BRU-NOVO-1000x1000-1-300x300.jpg 300w, https:\/\/meumundopersonalizado.com.br\/blog\/wp-content\/uploads\/2020\/12\/40.Urso-Pelucia-Camiseta-ROSA-personalizada-BRU-NOVO-1000x1000-1-150x150.jpg 150w, https:\/\/meumundopersonalizado.com.br\/blog\/wp-content\/uploads\/2020\/12\/40.Urso-Pelucia-Camiseta-ROSA-personalizada-BRU-NOVO-1000x1000-1-768x768.jpg 768w, https:\/\/meumundopersonalizado.com.br\/blog\/wp-content\/uploads\/2020\/12\/40.Urso-Pelucia-Camiseta-ROSA-personalizada-BRU-NOVO-1000x1000-1.jpg 1000w\" sizes=\"(max-width: 401px) 100vw, 401px\" \/><\/p>\n<p>&nbsp;<\/p>\n<p>&nbsp;<\/p>\n<p>&nbsp;<\/p>\n<p>&nbsp;<\/p>\n<p>&nbsp;<\/p>\n<p>&nbsp;<\/p>\n<p>&nbsp;<\/p>\n<p>&nbsp;<\/p>\n<p>&nbsp;<\/p>\n<p>&nbsp;<\/p>\n<p>&nbsp;<\/p>\n<h3 style=\"text-align: left;\">40) Body para a melhor mam\u00e3e do mundo!<\/h3>\n<p style=\"text-align: left;\">Body em tecido 100% algod\u00e3o e personalizado com a frase \u201cA Melhor Mam\u00e3e do Mundo\u201d. Show, n\u00e9? Olha <a href=\"https:\/\/meumundopersonalizado.com.br\/produto\/body-bebe-personalizado-melhor-mamae-do-mundo\/\">aqui!<\/a><\/p>\n<p style=\"text-align: left;\"><img loading=\"lazy\" decoding=\"async\" class=\" wp-image-997 alignleft\" src=\"https:\/\/meumundopersonalizado.com.br\/blog\/wp-content\/uploads\/2020\/12\/41.Body-Melhor-M\u00e3e-do-Mundo-BEB\u00ca-MOCKUP-vers\u00e3o-2-1000x1000-1-300x300.jpg\" alt=\"\" width=\"426\" height=\"426\" srcset=\"https:\/\/meumundopersonalizado.com.br\/blog\/wp-content\/uploads\/2020\/12\/41.Body-Melhor-M\u00e3e-do-Mundo-BEB\u00ca-MOCKUP-vers\u00e3o-2-1000x1000-1-300x300.jpg 300w, https:\/\/meumundopersonalizado.com.br\/blog\/wp-content\/uploads\/2020\/12\/41.Body-Melhor-M\u00e3e-do-Mundo-BEB\u00ca-MOCKUP-vers\u00e3o-2-1000x1000-1-150x150.jpg 150w, https:\/\/meumundopersonalizado.com.br\/blog\/wp-content\/uploads\/2020\/12\/41.Body-Melhor-M\u00e3e-do-Mundo-BEB\u00ca-MOCKUP-vers\u00e3o-2-1000x1000-1-768x768.jpg 768w, https:\/\/meumundopersonalizado.com.br\/blog\/wp-content\/uploads\/2020\/12\/41.Body-Melhor-M\u00e3e-do-Mundo-BEB\u00ca-MOCKUP-vers\u00e3o-2-1000x1000-1.jpg 1000w\" sizes=\"(max-width: 426px) 100vw, 426px\" \/><\/p>\n<p>&nbsp;<\/p>\n<p>&nbsp;<\/p>\n<p>&nbsp;<\/p>\n<p>&nbsp;<\/p>\n<p>&nbsp;<\/p>\n<p>&nbsp;<\/p>\n<p>&nbsp;<\/p>\n<p>&nbsp;<\/p>\n<p>&nbsp;<\/p>\n<p>&nbsp;<\/p>\n<p>&nbsp;<\/p>\n<p>&nbsp;<\/p>\n<h3 style=\"text-align: left;\">41) Kit Beb\u00ea para o Banho<\/h3>\n<p style=\"text-align: left;\">Kit Presente para Rec\u00e9m-Nascidos, pr\u00e1tico e ideal para presentear mam\u00e3es e beb\u00eas! <a href=\"https:\/\/meumundopersonalizado.com.br\/produto\/kit-presente-recem-nascido-hora-do-banho-unissex\/\">Espia s\u00f3!<\/a><\/p>\n<p style=\"text-align: left;\"><img loading=\"lazy\" decoding=\"async\" class=\" wp-image-998 alignleft\" src=\"https:\/\/meumundopersonalizado.com.br\/blog\/wp-content\/uploads\/2020\/12\/42.Kit-Presente-Hora-do-Banho-branco-300x300.jpg\" alt=\"\" width=\"425\" height=\"425\" srcset=\"https:\/\/meumundopersonalizado.com.br\/blog\/wp-content\/uploads\/2020\/12\/42.Kit-Presente-Hora-do-Banho-branco-300x300.jpg 300w, https:\/\/meumundopersonalizado.com.br\/blog\/wp-content\/uploads\/2020\/12\/42.Kit-Presente-Hora-do-Banho-branco-150x150.jpg 150w, https:\/\/meumundopersonalizado.com.br\/blog\/wp-content\/uploads\/2020\/12\/42.Kit-Presente-Hora-do-Banho-branco-768x768.jpg 768w, https:\/\/meumundopersonalizado.com.br\/blog\/wp-content\/uploads\/2020\/12\/42.Kit-Presente-Hora-do-Banho-branco.jpg 859w\" sizes=\"(max-width: 425px) 100vw, 425px\" \/><\/p>\n<p>&nbsp;<\/p>\n<p>&nbsp;<\/p>\n<p>&nbsp;<\/p>\n<p>&nbsp;<\/p>\n<p>&nbsp;<\/p>\n<p>&nbsp;<\/p>\n<p>&nbsp;<\/p>\n<p>&nbsp;<\/p>\n<p>&nbsp;<\/p>\n<p>&nbsp;<\/p>\n<p>&nbsp;<\/p>\n<p>&nbsp;<\/p>\n<h3 style=\"text-align: left;\">42) Buqu\u00eas de Flores com mini enxoval<\/h3>\n<p style=\"text-align: left;\">Sensacional \u00e9 o adjetivo deste presente para beb\u00ea! Buqu\u00ea de roupinhas de beb\u00ea composto por pe\u00e7as pr\u00e1ticas! Olha no <a href=\"https:\/\/meumundopersonalizado.com.br\/?s=buqu%C3%AA&amp;post_type=product\">link!<\/a><\/p>\n<p style=\"text-align: left;\"><img loading=\"lazy\" decoding=\"async\" class=\" wp-image-999 alignleft\" src=\"https:\/\/meumundopersonalizado.com.br\/blog\/wp-content\/uploads\/2020\/12\/43.Bouquet-roupinha-bebe-body-meia-babador-presente-personalizado-maternidade-nascimento-rosa-menina-comprar-4-1024x1024-1-300x300.jpg\" alt=\"\" width=\"426\" height=\"426\" srcset=\"https:\/\/meumundopersonalizado.com.br\/blog\/wp-content\/uploads\/2020\/12\/43.Bouquet-roupinha-bebe-body-meia-babador-presente-personalizado-maternidade-nascimento-rosa-menina-comprar-4-1024x1024-1-300x300.jpg 300w, https:\/\/meumundopersonalizado.com.br\/blog\/wp-content\/uploads\/2020\/12\/43.Bouquet-roupinha-bebe-body-meia-babador-presente-personalizado-maternidade-nascimento-rosa-menina-comprar-4-1024x1024-1.jpg 1024w, https:\/\/meumundopersonalizado.com.br\/blog\/wp-content\/uploads\/2020\/12\/43.Bouquet-roupinha-bebe-body-meia-babador-presente-personalizado-maternidade-nascimento-rosa-menina-comprar-4-1024x1024-1-150x150.jpg 150w, https:\/\/meumundopersonalizado.com.br\/blog\/wp-content\/uploads\/2020\/12\/43.Bouquet-roupinha-bebe-body-meia-babador-presente-personalizado-maternidade-nascimento-rosa-menina-comprar-4-1024x1024-1-768x768.jpg 768w\" sizes=\"(max-width: 426px) 100vw, 426px\" \/><\/p>\n<p>&nbsp;<\/p>\n<p>&nbsp;<\/p>\n<p>&nbsp;<\/p>\n<p>&nbsp;<\/p>\n<p>&nbsp;<\/p>\n<p>&nbsp;<\/p>\n<p>&nbsp;<\/p>\n<p>&nbsp;<\/p>\n<p>&nbsp;<\/p>\n<p>&nbsp;<\/p>\n<p>&nbsp;<\/p>\n<p>&nbsp;<\/p>\n<h3 style=\"text-align: left;\">43) Extrator de leite el\u00e9trico<\/h3>\n<p style=\"text-align: left;\">Super inovadores e pr\u00e1ticos, assim s\u00e3o os extratores de leite el\u00e9tricos! Confere<a href=\"https:\/\/www.medela.com.br\/amamentacao\/produtos\/extratores-de-leite\/freestyle\"> aqui!<\/a><\/p>\n<p style=\"text-align: left;\"><img loading=\"lazy\" decoding=\"async\" class=\" wp-image-1001 alignleft\" src=\"https:\/\/meumundopersonalizado.com.br\/blog\/wp-content\/uploads\/2020\/12\/44.medela-breast-pumps-freestyle-complete-300x300.jpg\" alt=\"\" width=\"422\" height=\"422\" srcset=\"https:\/\/meumundopersonalizado.com.br\/blog\/wp-content\/uploads\/2020\/12\/44.medela-breast-pumps-freestyle-complete-300x300.jpg 300w, https:\/\/meumundopersonalizado.com.br\/blog\/wp-content\/uploads\/2020\/12\/44.medela-breast-pumps-freestyle-complete-150x150.jpg 150w, https:\/\/meumundopersonalizado.com.br\/blog\/wp-content\/uploads\/2020\/12\/44.medela-breast-pumps-freestyle-complete.jpg 500w\" sizes=\"(max-width: 422px) 100vw, 422px\" \/><\/p>\n<p>&nbsp;<\/p>\n<p>&nbsp;<\/p>\n<p>&nbsp;<\/p>\n<p>&nbsp;<\/p>\n<p>&nbsp;<\/p>\n<p>&nbsp;<\/p>\n<p>&nbsp;<\/p>\n<p>&nbsp;<\/p>\n<p>&nbsp;<\/p>\n<p>&nbsp;<\/p>\n<p>&nbsp;<\/p>\n<p>&nbsp;<\/p>\n<h3 style=\"text-align: left;\">44) E que tal esses presentes para beb\u00ea para sua empresa dar para os colaboradores? Espia <a href=\"https:\/\/meumundopersonalizado.com.br\/produto\/kit-nascimento-bebe-empresas-efi\/\">aqui!<\/a><\/h3>\n<p style=\"text-align: left;\"><img loading=\"lazy\" decoding=\"async\" class=\" wp-image-1003 alignleft\" src=\"https:\/\/meumundopersonalizado.com.br\/blog\/wp-content\/uploads\/2020\/12\/46.KIT-BEB\u00ca-pe\u00e7as-enxoval-com-logo-com-body-touca-luvinha-babador-bandana-e-caixa-300x300.jpg\" alt=\"\" width=\"416\" height=\"416\" srcset=\"https:\/\/meumundopersonalizado.com.br\/blog\/wp-content\/uploads\/2020\/12\/46.KIT-BEB\u00ca-pe\u00e7as-enxoval-com-logo-com-body-touca-luvinha-babador-bandana-e-caixa-300x300.jpg 300w, https:\/\/meumundopersonalizado.com.br\/blog\/wp-content\/uploads\/2020\/12\/46.KIT-BEB\u00ca-pe\u00e7as-enxoval-com-logo-com-body-touca-luvinha-babador-bandana-e-caixa-150x150.jpg 150w, https:\/\/meumundopersonalizado.com.br\/blog\/wp-content\/uploads\/2020\/12\/46.KIT-BEB\u00ca-pe\u00e7as-enxoval-com-logo-com-body-touca-luvinha-babador-bandana-e-caixa.jpg 662w\" sizes=\"(max-width: 416px) 100vw, 416px\" \/><\/p>\n<p>&nbsp;<\/p>\n<p>&nbsp;<\/p>\n<p>&nbsp;<\/p>\n<p>&nbsp;<\/p>\n<p>&nbsp;<\/p>\n<p>&nbsp;<\/p>\n<p>&nbsp;<\/p>\n<p>&nbsp;<\/p>\n<p>&nbsp;<\/p>\n<p>&nbsp;<\/p>\n<p>&nbsp;<\/p>\n<p>&nbsp;<\/p>\n<h3 style=\"text-align: left;\">45) Trocador de fraldas<\/h3>\n<p style=\"text-align: left;\">Super \u00fateis e higi\u00eanicos, \u00f3tima op\u00e7\u00e3o de presente para rec\u00e9m nascidos! Diversas op\u00e7\u00f5es <a href=\"https:\/\/www.graodegente.com.br\/trocador-3\">aqui!<\/a><\/p>\n<p style=\"text-align: left;\"><img loading=\"lazy\" decoding=\"async\" class=\" wp-image-1004 alignleft\" src=\"https:\/\/meumundopersonalizado.com.br\/blog\/wp-content\/uploads\/2020\/12\/46.trocador-300x276.jpg\" alt=\"\" width=\"416\" height=\"383\" srcset=\"https:\/\/meumundopersonalizado.com.br\/blog\/wp-content\/uploads\/2020\/12\/46.trocador-300x276.jpg 300w, https:\/\/meumundopersonalizado.com.br\/blog\/wp-content\/uploads\/2020\/12\/46.trocador.jpg 561w\" sizes=\"(max-width: 416px) 100vw, 416px\" \/><\/p>\n<p>&nbsp;<\/p>\n<p>&nbsp;<\/p>\n<p>&nbsp;<\/p>\n<p>&nbsp;<\/p>\n<p>&nbsp;<\/p>\n<p>&nbsp;<\/p>\n<p>&nbsp;<\/p>\n<p>&nbsp;<\/p>\n<p>&nbsp;<\/p>\n<p>&nbsp;<\/p>\n<p>&nbsp;<\/p>\n<h3 style=\"text-align: left;\">46) Cueiros<\/h3>\n<p style=\"text-align: left;\">Item considerado \u201cdas antigas\u201d, est\u00e1 entre uma fraldinha e uma manta! Veja<a href=\"https:\/\/www.confortodebebe.com.br\/enxoval-cueiro\"> aqui!<\/a><\/p>\n<p style=\"text-align: left;\"><img loading=\"lazy\" decoding=\"async\" class=\" wp-image-1005 alignleft\" src=\"https:\/\/meumundopersonalizado.com.br\/blog\/wp-content\/uploads\/2020\/12\/47.Cueiro-300x298.jpg\" alt=\"\" width=\"416\" height=\"413\" srcset=\"https:\/\/meumundopersonalizado.com.br\/blog\/wp-content\/uploads\/2020\/12\/47.Cueiro-300x298.jpg 300w, https:\/\/meumundopersonalizado.com.br\/blog\/wp-content\/uploads\/2020\/12\/47.Cueiro-150x150.jpg 150w, https:\/\/meumundopersonalizado.com.br\/blog\/wp-content\/uploads\/2020\/12\/47.Cueiro.jpg 477w\" sizes=\"(max-width: 416px) 100vw, 416px\" \/><\/p>\n<p>&nbsp;<\/p>\n<p>&nbsp;<\/p>\n<p>&nbsp;<\/p>\n<p>&nbsp;<\/p>\n<p>&nbsp;<\/p>\n<p>&nbsp;<\/p>\n<p>&nbsp;<\/p>\n<p>&nbsp;<\/p>\n<p>&nbsp;<\/p>\n<p>&nbsp;<\/p>\n<p>&nbsp;<\/p>\n<p>&nbsp;<\/p>\n<h3 style=\"text-align: left;\">47) Almofada para Amamenta\u00e7\u00e3o<\/h3>\n<p style=\"text-align: left;\">Super confort\u00e1vel para esse momento t\u00e3o especial entre mam\u00e3e e beb\u00ea! Veja no<a href=\"https:\/\/www.artigosbebe.com.br\/products\/almofada-de-amamentacao-travesseiro-para-amamentar?\"> link!<\/a><\/p>\n<p style=\"text-align: left;\"><img loading=\"lazy\" decoding=\"async\" class=\" wp-image-1006 alignleft\" src=\"https:\/\/meumundopersonalizado.com.br\/blog\/wp-content\/uploads\/2020\/12\/48.-almofada-300x270.jpg\" alt=\"\" width=\"414\" height=\"373\" srcset=\"https:\/\/meumundopersonalizado.com.br\/blog\/wp-content\/uploads\/2020\/12\/48.-almofada-300x270.jpg 300w, https:\/\/meumundopersonalizado.com.br\/blog\/wp-content\/uploads\/2020\/12\/48.-almofada.jpg 589w\" sizes=\"(max-width: 414px) 100vw, 414px\" \/><\/p>\n<p>&nbsp;<\/p>\n<p>&nbsp;<\/p>\n<p>&nbsp;<\/p>\n<p>&nbsp;<\/p>\n<p>&nbsp;<\/p>\n<p>&nbsp;<\/p>\n<p>&nbsp;<\/p>\n<p>&nbsp;<\/p>\n<p>&nbsp;<\/p>\n<p>&nbsp;<\/p>\n<p>&nbsp;<\/p>\n<h3 style=\"text-align: left;\">48) Mordedores<\/h3>\n<p style=\"text-align: left;\">Presente para beb\u00ea ideal para estimular a denti\u00e7\u00e3o dos pequenos!<\/p>\n<p style=\"text-align: left;\">Veja <a href=\"https:\/\/www.tuttiamore.com.br\/mordedores-infantis\">aqui!<\/a><\/p>\n<p style=\"text-align: left;\"><img loading=\"lazy\" decoding=\"async\" class=\" wp-image-1007 alignleft\" src=\"https:\/\/meumundopersonalizado.com.br\/blog\/wp-content\/uploads\/2020\/12\/49.-mordedorCapturar-283x300.jpg\" alt=\"\" width=\"417\" height=\"442\" srcset=\"https:\/\/meumundopersonalizado.com.br\/blog\/wp-content\/uploads\/2020\/12\/49.-mordedorCapturar-283x300.jpg 283w, https:\/\/meumundopersonalizado.com.br\/blog\/wp-content\/uploads\/2020\/12\/49.-mordedorCapturar.jpg 568w\" sizes=\"(max-width: 417px) 100vw, 417px\" \/><\/p>\n<p>&nbsp;<\/p>\n<p>&nbsp;<\/p>\n<p>&nbsp;<\/p>\n<p>&nbsp;<\/p>\n<p>&nbsp;<\/p>\n<p>&nbsp;<\/p>\n<p>&nbsp;<\/p>\n<p>&nbsp;<\/p>\n<p>&nbsp;<\/p>\n<p>&nbsp;<\/p>\n<p>&nbsp;<\/p>\n<p>&nbsp;<\/p>\n<p>&nbsp;<\/p>\n<h3 style=\"text-align: left;\">49) Saco de dormir para beb\u00ea<\/h3>\n<p style=\"text-align: left;\">Mais conhecidos como \u201cporta beb\u00ea\u201d, s\u00e3o super aconchegantes! Confere os modelos lindos <a href=\"https:\/\/www.elo7.com.br\/lista\/saco-de-dormir-bebe\">aqui!<\/a><\/p>\n<p style=\"text-align: left;\"><img loading=\"lazy\" decoding=\"async\" class=\" wp-image-1010 alignleft\" src=\"https:\/\/meumundopersonalizado.com.br\/blog\/wp-content\/uploads\/2020\/12\/50.-saco-de-dormir-2-298x300.jpg\" alt=\"\" width=\"397\" height=\"400\" srcset=\"https:\/\/meumundopersonalizado.com.br\/blog\/wp-content\/uploads\/2020\/12\/50.-saco-de-dormir-2-298x300.jpg 298w, https:\/\/meumundopersonalizado.com.br\/blog\/wp-content\/uploads\/2020\/12\/50.-saco-de-dormir-2-150x150.jpg 150w, https:\/\/meumundopersonalizado.com.br\/blog\/wp-content\/uploads\/2020\/12\/50.-saco-de-dormir-2.jpg 567w\" sizes=\"(max-width: 397px) 100vw, 397px\" \/><\/p>\n<p>&nbsp;<\/p>\n<p>&nbsp;<\/p>\n<p>&nbsp;<\/p>\n<p>&nbsp;<\/p>\n<p>&nbsp;<\/p>\n<p>&nbsp;<\/p>\n<p>&nbsp;<\/p>\n<p>&nbsp;<\/p>\n<p>&nbsp;<\/p>\n<p>&nbsp;<\/p>\n<p>&nbsp;<\/p>\n<p>&nbsp;<\/p>\n<h3 style=\"text-align: left;\">50) Bola de Natal Personalizada<\/h3>\n<p style=\"text-align: left;\">Um presente para guardar para sempre! A bola personalizada de natal \u00e9 super marcante!<\/p>\n<p style=\"text-align: left;\">Conhe\u00e7a <a href=\"https:\/\/meumundopersonalizado.com.br\/produto\/bola-personalizada-meu-primeiro-natal\/\">aqui!<\/a><\/p>\n<p style=\"text-align: left;\"><img loading=\"lazy\" decoding=\"async\" class=\"\" src=\"https:\/\/i0.wp.com\/meumundopersonalizado.com.br\/wp-content\/uploads\/2015\/12\/Bola-Meu-Primeiro-Natal-personalizada-na-arvore-luzes-desfocadas-1024x1024.jpg\" alt=\"Bola Meu Primeiro Natal personalizada na arvore luzes desfocadas\" width=\"404\" height=\"404\" \/><\/p>\n<p>&nbsp;<\/p>\n<h3 style=\"text-align: left;\">DICA B\u00d4NUS!<\/h3>\n<p style=\"text-align: left;\">M\u00f3veis para o quarto<\/p>\n<p style=\"text-align: left;\">A possibilidade de presentear com um quarto completo para o beb\u00ea \u00e9 sensacional, afinal, esse \u00e9 o local mais importante para os pais! Veja v\u00e1rias op\u00e7\u00f5es no<a href=\"https:\/\/www.abracadabra.com.br\/kit-quarto\"> link!<\/a><\/p>\n<p style=\"text-align: left;\"><img loading=\"lazy\" decoding=\"async\" class=\"wp-image-985 alignleft\" src=\"https:\/\/meumundopersonalizado.com.br\/blog\/wp-content\/uploads\/2020\/12\/32.moveis-bebe-300x197.jpg\" alt=\"\" width=\"483\" height=\"317\" srcset=\"https:\/\/meumundopersonalizado.com.br\/blog\/wp-content\/uploads\/2020\/12\/32.moveis-bebe-300x197.jpg 300w, https:\/\/meumundopersonalizado.com.br\/blog\/wp-content\/uploads\/2020\/12\/32.moveis-bebe.jpg 689w\" sizes=\"(max-width: 483px) 100vw, 483px\" \/><\/p>\n<p>&nbsp;<\/p>\n<p>&nbsp;<\/p>\n<p>&nbsp;<\/p>\n<p>&nbsp;<\/p>\n<p>&nbsp;<\/p>\n<p>&nbsp;<\/p>\n<p>&nbsp;<\/p>\n<p>&nbsp;<\/p>\n<p>&nbsp;<\/p>\n<p>&nbsp;<\/p>\n<p style=\"text-align: left;\">Ainda tem alguma d\u00favida? Entre em contato conosco para ajudarmos!<\/p>\n<p style=\"text-align: left;\">Oferecemos curadoria e tamb\u00e9m desenvolvemos produtos personalizados com a marca de empresas, buscando fortalecer o relacionamento com os seus colaboradores, funcion\u00e1rios e futuros parceiros!<\/p>\n<p style=\"text-align: left;\">&gt; Email : <a href=\"mailto:contato@meumundopersonalizado.com.br\">contato@meumundopersonalizado.com.br<\/a><\/p>\n","protected":false},"excerpt":{"rendered":"<p>Na hora de presentear um beb\u00ea, muitas vezes ficamos em d\u00favida do que pode ser \u00fatil tanto para a crian\u00e7a, assim como para os pais. Essa d\u00favida passa pelo fato de que podemos presentear com roupas, itens como brinquedos ou ainda com algo criativo, inusitado! Acompanhe a seguir 50 sugest\u00f5es de presentes para beb\u00ea que&#8230;<\/p>\n","protected":false},"author":8,"featured_media":958,"comment_status":"open","ping_status":"open","sticky":false,"template":"","format":"standard","meta":{"footnotes":""},"categories":[1,35],"tags":[31,38,37,36],"class_list":["post-942","post","type-post","status-publish","format-standard","has-post-thumbnail","hentry","category-novidades","category-produtos","tag-kit-bebe","tag-kit-presente","tag-presente-personalizado","tag-presentes","main-post"],"yoast_head":"<!-- This site is optimized with the Yoast SEO plugin v14.1 - https:\/\/yoast.com\/wordpress\/plugins\/seo\/ -->\n<title>Presente para Beb\u00ea: 50 sugest\u00f5es para voc\u00ea acertar! - Blog Meu Mundo Personalizado<\/title>\n<meta name=\"description\" content=\"50 sugest\u00f5es de presentes para beb\u00ea, que v\u00e3o desde roupas, itens como brinquedos, kits e que certamente ajudar\u00e3o voc\u00ea nessa escolha t\u00e3o especial!\" \/>\n<meta name=\"robots\" content=\"index, follow\" \/>\n<meta name=\"googlebot\" content=\"index, follow, max-snippet:-1, max-image-preview:large, max-video-preview:-1\" \/>\n<meta name=\"bingbot\" content=\"index, follow, max-snippet:-1, max-image-preview:large, max-video-preview:-1\" \/>\n<link rel=\"canonical\" href=\"https:\/\/meumundopersonalizado.com.br\/blog\/presente-para-bebe-50-sugestoes-para-voce-acertar\/\" \/>\n<meta property=\"og:locale\" content=\"pt_BR\" \/>\n<meta property=\"og:type\" content=\"article\" \/>\n<meta property=\"og:title\" content=\"Presente para Beb\u00ea: 50 sugest\u00f5es para voc\u00ea acertar! - Blog Meu Mundo Personalizado\" \/>\n<meta property=\"og:description\" content=\"50 sugest\u00f5es de presentes para beb\u00ea, que v\u00e3o desde roupas, itens como brinquedos, kits e que certamente ajudar\u00e3o voc\u00ea nessa escolha t\u00e3o especial!\" \/>\n<meta property=\"og:url\" content=\"https:\/\/meumundopersonalizado.com.br\/blog\/presente-para-bebe-50-sugestoes-para-voce-acertar\/\" \/>\n<meta property=\"og:site_name\" content=\"Blog Meu Mundo Personalizado\" \/>\n<meta property=\"article:published_time\" content=\"2020-12-21T18:25:22+00:00\" \/>\n<meta property=\"article:modified_time\" content=\"2021-01-08T13:41:26+00:00\" \/>\n<meta property=\"og:image\" content=\"https:\/\/meumundopersonalizado.com.br\/blog\/wp-content\/uploads\/2020\/12\/16.Toalha-capuz-azul-1000x1000px-personalizado.jpg\" \/>\n\t<meta property=\"og:image:width\" content=\"1000\" \/>\n\t<meta property=\"og:image:height\" content=\"1000\" \/>\n<meta name=\"twitter:card\" content=\"summary\" \/>\n<script type=\"application\/ld+json\" class=\"yoast-schema-graph\">{\"@context\":\"https:\/\/schema.org\",\"@graph\":[{\"@type\":\"Organization\",\"@id\":\"https:\/\/meumundopersonalizado.com.br\/blog\/#organization\",\"name\":\"Meu Mundo Personalizado\",\"url\":\"https:\/\/meumundopersonalizado.com.br\/blog\/\",\"sameAs\":[],\"logo\":{\"@type\":\"ImageObject\",\"@id\":\"https:\/\/meumundopersonalizado.com.br\/blog\/#logo\",\"inLanguage\":\"pt-BR\",\"url\":\"https:\/\/meumundopersonalizado.com.br\/blog\/wp-content\/uploads\/2016\/06\/Logo-transparent-background.png\",\"width\":600,\"height\":600,\"caption\":\"Meu Mundo Personalizado\"},\"image\":{\"@id\":\"https:\/\/meumundopersonalizado.com.br\/blog\/#logo\"}},{\"@type\":\"WebSite\",\"@id\":\"https:\/\/meumundopersonalizado.com.br\/blog\/#website\",\"url\":\"https:\/\/meumundopersonalizado.com.br\/blog\/\",\"name\":\"Blog Meu Mundo Personalizado\",\"description\":\"Ideias e Novidades\",\"publisher\":{\"@id\":\"https:\/\/meumundopersonalizado.com.br\/blog\/#organization\"},\"potentialAction\":[{\"@type\":\"SearchAction\",\"target\":\"https:\/\/meumundopersonalizado.com.br\/blog\/?s={search_term_string}\",\"query-input\":\"required name=search_term_string\"}],\"inLanguage\":\"pt-BR\"},{\"@type\":\"ImageObject\",\"@id\":\"https:\/\/meumundopersonalizado.com.br\/blog\/presente-para-bebe-50-sugestoes-para-voce-acertar\/#primaryimage\",\"inLanguage\":\"pt-BR\",\"url\":\"https:\/\/meumundopersonalizado.com.br\/blog\/wp-content\/uploads\/2020\/12\/16.Toalha-capuz-azul-1000x1000px-personalizado.jpg\",\"width\":1000,\"height\":1000},{\"@type\":\"WebPage\",\"@id\":\"https:\/\/meumundopersonalizado.com.br\/blog\/presente-para-bebe-50-sugestoes-para-voce-acertar\/#webpage\",\"url\":\"https:\/\/meumundopersonalizado.com.br\/blog\/presente-para-bebe-50-sugestoes-para-voce-acertar\/\",\"name\":\"Presente para Beb\\u00ea: 50 sugest\\u00f5es para voc\\u00ea acertar! - Blog Meu Mundo Personalizado\",\"isPartOf\":{\"@id\":\"https:\/\/meumundopersonalizado.com.br\/blog\/#website\"},\"primaryImageOfPage\":{\"@id\":\"https:\/\/meumundopersonalizado.com.br\/blog\/presente-para-bebe-50-sugestoes-para-voce-acertar\/#primaryimage\"},\"datePublished\":\"2020-12-21T18:25:22+00:00\",\"dateModified\":\"2021-01-08T13:41:26+00:00\",\"description\":\"50 sugest\\u00f5es de presentes para beb\\u00ea, que v\\u00e3o desde roupas, itens como brinquedos, kits e que certamente ajudar\\u00e3o voc\\u00ea nessa escolha t\\u00e3o especial!\",\"inLanguage\":\"pt-BR\",\"potentialAction\":[{\"@type\":\"ReadAction\",\"target\":[\"https:\/\/meumundopersonalizado.com.br\/blog\/presente-para-bebe-50-sugestoes-para-voce-acertar\/\"]}]},{\"@type\":\"Article\",\"@id\":\"https:\/\/meumundopersonalizado.com.br\/blog\/presente-para-bebe-50-sugestoes-para-voce-acertar\/#article\",\"isPartOf\":{\"@id\":\"https:\/\/meumundopersonalizado.com.br\/blog\/presente-para-bebe-50-sugestoes-para-voce-acertar\/#webpage\"},\"author\":{\"@id\":\"https:\/\/meumundopersonalizado.com.br\/blog\/#\/schema\/person\/a4b9fb62ff169939ab37204f837678fb\"},\"headline\":\"Presente para Beb\\u00ea: 50 sugest\\u00f5es para voc\\u00ea acertar!\",\"datePublished\":\"2020-12-21T18:25:22+00:00\",\"dateModified\":\"2021-01-08T13:41:26+00:00\",\"commentCount\":0,\"mainEntityOfPage\":{\"@id\":\"https:\/\/meumundopersonalizado.com.br\/blog\/presente-para-bebe-50-sugestoes-para-voce-acertar\/#webpage\"},\"publisher\":{\"@id\":\"https:\/\/meumundopersonalizado.com.br\/blog\/#organization\"},\"image\":{\"@id\":\"https:\/\/meumundopersonalizado.com.br\/blog\/presente-para-bebe-50-sugestoes-para-voce-acertar\/#primaryimage\"},\"keywords\":\"kit beb\\u00ea,kit presente,presente personalizado,presentes\",\"articleSection\":\"Novidades,Produtos\",\"inLanguage\":\"pt-BR\",\"potentialAction\":[{\"@type\":\"CommentAction\",\"name\":\"Comment\",\"target\":[\"https:\/\/meumundopersonalizado.com.br\/blog\/presente-para-bebe-50-sugestoes-para-voce-acertar\/#respond\"]}]},{\"@type\":[\"Person\"],\"@id\":\"https:\/\/meumundopersonalizado.com.br\/blog\/#\/schema\/person\/a4b9fb62ff169939ab37204f837678fb\",\"name\":\"Meu Mundo Personalizado\",\"image\":{\"@type\":\"ImageObject\",\"@id\":\"https:\/\/meumundopersonalizado.com.br\/blog\/#personlogo\",\"inLanguage\":\"pt-BR\",\"url\":\"https:\/\/secure.gravatar.com\/avatar\/f8a7230fe1a7085ce436609e79559303?s=96&d=mm&r=g\",\"caption\":\"Meu Mundo Personalizado\"}}]}<\/script>\n<!-- \/ Yoast SEO plugin. -->","_links":{"self":[{"href":"https:\/\/meumundopersonalizado.com.br\/blog\/wp-json\/wp\/v2\/posts\/942"}],"collection":[{"href":"https:\/\/meumundopersonalizado.com.br\/blog\/wp-json\/wp\/v2\/posts"}],"about":[{"href":"https:\/\/meumundopersonalizado.com.br\/blog\/wp-json\/wp\/v2\/types\/post"}],"author":[{"embeddable":true,"href":"https:\/\/meumundopersonalizado.com.br\/blog\/wp-json\/wp\/v2\/users\/8"}],"replies":[{"embeddable":true,"href":"https:\/\/meumundopersonalizado.com.br\/blog\/wp-json\/wp\/v2\/comments?post=942"}],"version-history":[{"count":37,"href":"https:\/\/meumundopersonalizado.com.br\/blog\/wp-json\/wp\/v2\/posts\/942\/revisions"}],"predecessor-version":[{"id":1061,"href":"https:\/\/meumundopersonalizado.com.br\/blog\/wp-json\/wp\/v2\/posts\/942\/revisions\/1061"}],"wp:featuredmedia":[{"embeddable":true,"href":"https:\/\/meumundopersonalizado.com.br\/blog\/wp-json\/wp\/v2\/media\/958"}],"wp:attachment":[{"href":"https:\/\/meumundopersonalizado.com.br\/blog\/wp-json\/wp\/v2\/media?parent=942"}],"wp:term":[{"taxonomy":"category","embeddable":true,"href":"https:\/\/meumundopersonalizado.com.br\/blog\/wp-json\/wp\/v2\/categories?post=942"},{"taxonomy":"post_tag","embeddable":true,"href":"https:\/\/meumundopersonalizado.com.br\/blog\/wp-json\/wp\/v2\/tags?post=942"}],"curies":[{"name":"wp","href":"https:\/\/api.w.org\/{rel}","templated":true}]}}