{"id":96,"date":"2016-07-04T09:58:11","date_gmt":"2016-07-04T12:58:11","guid":{"rendered":"http:\/\/meumundopersonalizado.com.br\/blog\/?p=96"},"modified":"2017-03-03T10:54:21","modified_gmt":"2017-03-03T13:54:21","slug":"maes-vejam-como-equilibrar-vida-pessoal-e-profissional-2","status":"publish","type":"post","link":"https:\/\/meumundopersonalizado.com.br\/blog\/maes-vejam-como-equilibrar-vida-pessoal-e-profissional-2\/","title":{"rendered":"M\u00e3es: vejam como equilibrar vida pessoal e profissional"},"content":{"rendered":"<p>Muitas profissionais que passam pelo momento de ter um filho enfrentam a mesma situa\u00e7\u00e3o: n\u00e3o sabem como equilibrar vida pessoal e profissional com dedica\u00e7\u00e3o e efici\u00eancia.<\/p>\n<p>A inseguran\u00e7a de n\u00e3o conseguir executar nenhuma das duas tarefas satisfatoriamente \u00e9 um sentimento comum em momentos como esse, mas com disciplina e organiza\u00e7\u00e3o \u00e9 poss\u00edvel ser uma \u00f3tima m\u00e3e e uma profissional muito competente.<\/p>\n<p>Sendo assim, criamos este post com algumas dicas pr\u00e1ticas e simples para que voc\u00ea consiga se adaptar ao novo cotidiano e equilibrar vida pessoal e profissional, sem que uma prejudique a outra. Acompanhe!<\/p>\n<p><!--more--><\/p>\n<h2>Divida as tarefas<\/h2>\n<p>Os cuidados com a crian\u00e7a devem ser de responsabilidade tanto do pai quanto da m\u00e3e, pois ambos t\u00eam papeis fundamentais na cria\u00e7\u00e3o do beb\u00ea e na sua forma\u00e7\u00e3o como indiv\u00edduo. \u00a0Sendo assim, assegure-se que os dois tenham responsabilidades importantes para com o beb\u00ea.<\/p>\n<p>Sheryl Sandberg, chefe de opera\u00e7\u00f5es do Facebook e m\u00e3e de dois filhos, aconselha em seu livro &#8220;Fa\u00e7a Acontecer &#8211; Lean In , Mulheres, Trabalho e a Vontade de Liderar&#8221;, que as m\u00e3es dividam democraticamente as tarefas com os pais. \u00c9 comum querer assumir os principais cuidados com o beb\u00ea, mas \u00e9 preciso dar espa\u00e7o ao pai para que ele tamb\u00e9m tenha total participa\u00e7\u00e3o e saiba lidar com qualquer tipo de situa\u00e7\u00e3o.<\/p>\n<p>Deixe que seu companheiro aprenda a realizar as tarefas, mesmo que nas primeiras vezes ele n\u00e3o se saia t\u00e3o bem. Com esse h\u00e1bito, o beb\u00ea aprende que pode se sentir confort\u00e1vel na presen\u00e7a dos dois e voc\u00ea se sente mais segura ao deix\u00e1-lo sob os cuidados do pai.<\/p>\n<h2>Gerencie seu tempo<\/h2>\n<p>A partir de agora, sua rotina dever\u00e1 ser sempre organizada e planejada. Utilize aplicativos, como o Google Calendar, para lhe auxiliar na visualiza\u00e7\u00e3o das tarefas do dia, da semana e do m\u00eas. Al\u00e9m de ter uma perspectiva dos eventos futuros, fica mais f\u00e1cil de se antecipar adequadamente para cumpri-los religiosamente.<\/p>\n<p>Em um s\u00f3 local, inclua o calend\u00e1rio escolar da crian\u00e7a, bem como o seu calend\u00e1rio de trabalho. Com essa organiza\u00e7\u00e3o, voc\u00ea poder\u00e1 agendar viagens, f\u00e9rias e outros compromissos sem comprometer a sua vida profissional e a vida escolar do seu filho.<\/p>\n<h2>Comunique-se sempre que poss\u00edvel<\/h2>\n<p>Tenha o h\u00e1bito de manter uma boa comunica\u00e7\u00e3o com seu filho desde pequeno, mesmo que n\u00e3o seja presencialmente. Utilize o Skype, post-its e outros recursos que te auxiliem a se comunicar com a crian\u00e7a.<\/p>\n<p>Converse abertamente com seu filho desde pequeno e fa\u00e7a programas em fam\u00edlia para fomentar a uni\u00e3o de todos. Proponha atividades dentro de casa e ao ar livre. Descubra as prefer\u00eancias do seu filho e, sempre que poss\u00edvel, mostre-se envolvida e presente. Dessa forma, ele saber\u00e1 que voc\u00ea est\u00e1 presente na sua vida, at\u00e9 nos pequenos detalhes.<\/p>\n<h2>Negocie seu hor\u00e1rio de trabalho<\/h2>\n<p>Muitas empresas s\u00e3o flex\u00edveis nessas situa\u00e7\u00f5es, principalmente se voc\u00ea tem um bom hist\u00f3rico profissional. Voc\u00ea pode negociar meio hor\u00e1rio, <em>home office<\/em> ou algum dia de folga durante a semana \u2014 o que se adequar mais \u00e0 suas necessidades em casa e for mais vi\u00e1vel para seu trabalho.<\/p>\n<p>Independentemente da decis\u00e3o, mantenha um bom n\u00edvel de produtividade enquanto trabalha. Dessa forma, voc\u00ea poder\u00e1 dedicar-se a seu beb\u00ea no momento adequado sem preocupar-se com pend\u00eancias do trabalho.<\/p>\n<h2>Ensine os valores do trabalho e da independ\u00eancia<\/h2>\n<p>Ensine seu filho a ser organizado, independente e a correr atr\u00e1s de suas pr\u00f3prias conquistas, por mais simples que sejam. Mostre as recompensas e os benef\u00edcios que o seu trabalho proporciona \u00e0 fam\u00edlia e ensine-o a valoriz\u00e1-los. Dessa forma, fica mais f\u00e1cil para a crian\u00e7a entender seu esfor\u00e7o profissional e consequentemente, espelhar-se em voc\u00ea.<\/p>\n<p>A cada novo aprendizado ficar\u00e1 mais f\u00e1cil equilibrar vida pessoal e profissional. Aproveite cada momento dessa fase incr\u00edvel de crescimento e desenvolvimento do seu filho. Se voc\u00ea gostou de nossas dicas ou tem algo mais a acrescentar para outras m\u00e3es, deixe seu coment\u00e1rio!<\/p>\n<div><\/div>\n","protected":false},"excerpt":{"rendered":"<p>Muitas profissionais que passam pelo momento de ter um filho enfrentam a mesma situa\u00e7\u00e3o: n\u00e3o sabem como equilibrar vida pessoal e profissional com dedica\u00e7\u00e3o e efici\u00eancia. A inseguran\u00e7a de n\u00e3o conseguir executar nenhuma das duas tarefas satisfatoriamente \u00e9 um sentimento comum em momentos como esse, mas com disciplina e organiza\u00e7\u00e3o \u00e9 poss\u00edvel ser uma \u00f3tima&#8230;<\/p>\n","protected":false},"author":2,"featured_media":98,"comment_status":"open","ping_status":"open","sticky":false,"template":"","format":"standard","meta":{"footnotes":""},"categories":[10],"tags":[],"class_list":["post-96","post","type-post","status-publish","format-standard","has-post-thumbnail","hentry","category-mulher-empreendedora","main-post"],"yoast_head":"<!-- This site is optimized with the Yoast SEO plugin v14.1 - https:\/\/yoast.com\/wordpress\/plugins\/seo\/ -->\n<title>M\u00e3es: vejam como equilibrar vida pessoal e profissional - Blog Meu Mundo Personalizado<\/title>\n<meta name=\"description\" content=\"Confira nossas dicas para te ajudar a se adaptar ao novo cotidiano e equilibrar a vida profissional e de m\u00e3e, sem que uma prejudique a outra!\" \/>\n<meta name=\"robots\" content=\"index, follow\" \/>\n<meta name=\"googlebot\" content=\"index, follow, max-snippet:-1, max-image-preview:large, max-video-preview:-1\" \/>\n<meta name=\"bingbot\" content=\"index, follow, max-snippet:-1, max-image-preview:large, max-video-preview:-1\" \/>\n<link rel=\"canonical\" href=\"https:\/\/meumundopersonalizado.com.br\/blog\/maes-vejam-como-equilibrar-vida-pessoal-e-profissional-2\/\" \/>\n<meta property=\"og:locale\" content=\"pt_BR\" \/>\n<meta property=\"og:type\" content=\"article\" \/>\n<meta property=\"og:title\" content=\"M\u00e3es: vejam como equilibrar vida pessoal e profissional - Blog Meu Mundo Personalizado\" \/>\n<meta property=\"og:description\" content=\"Confira nossas dicas para te ajudar a se adaptar ao novo cotidiano e equilibrar a vida profissional e de m\u00e3e, sem que uma prejudique a outra!\" \/>\n<meta property=\"og:url\" content=\"https:\/\/meumundopersonalizado.com.br\/blog\/maes-vejam-como-equilibrar-vida-pessoal-e-profissional-2\/\" \/>\n<meta property=\"og:site_name\" content=\"Blog Meu Mundo Personalizado\" \/>\n<meta property=\"article:published_time\" content=\"2016-07-04T12:58:11+00:00\" \/>\n<meta property=\"article:modified_time\" content=\"2017-03-03T13:54:21+00:00\" \/>\n<meta property=\"og:image\" content=\"https:\/\/meumundopersonalizado.com.br\/blog\/wp-content\/uploads\/2016\/07\/M\u00e3es_vejam_como_equilibrar_vida_pessoal_e_profissional.jpg-2.jpeg\" \/>\n\t<meta property=\"og:image:width\" content=\"1000\" \/>\n\t<meta property=\"og:image:height\" content=\"667\" \/>\n<meta name=\"twitter:card\" content=\"summary\" \/>\n<script type=\"application\/ld+json\" class=\"yoast-schema-graph\">{\"@context\":\"https:\/\/schema.org\",\"@graph\":[{\"@type\":\"Organization\",\"@id\":\"https:\/\/meumundopersonalizado.com.br\/blog\/#organization\",\"name\":\"Meu Mundo Personalizado\",\"url\":\"https:\/\/meumundopersonalizado.com.br\/blog\/\",\"sameAs\":[],\"logo\":{\"@type\":\"ImageObject\",\"@id\":\"https:\/\/meumundopersonalizado.com.br\/blog\/#logo\",\"inLanguage\":\"pt-BR\",\"url\":\"https:\/\/meumundopersonalizado.com.br\/blog\/wp-content\/uploads\/2016\/06\/Logo-transparent-background.png\",\"width\":600,\"height\":600,\"caption\":\"Meu Mundo Personalizado\"},\"image\":{\"@id\":\"https:\/\/meumundopersonalizado.com.br\/blog\/#logo\"}},{\"@type\":\"WebSite\",\"@id\":\"https:\/\/meumundopersonalizado.com.br\/blog\/#website\",\"url\":\"https:\/\/meumundopersonalizado.com.br\/blog\/\",\"name\":\"Blog Meu Mundo Personalizado\",\"description\":\"Ideias e Novidades\",\"publisher\":{\"@id\":\"https:\/\/meumundopersonalizado.com.br\/blog\/#organization\"},\"potentialAction\":[{\"@type\":\"SearchAction\",\"target\":\"https:\/\/meumundopersonalizado.com.br\/blog\/?s={search_term_string}\",\"query-input\":\"required name=search_term_string\"}],\"inLanguage\":\"pt-BR\"},{\"@type\":\"ImageObject\",\"@id\":\"https:\/\/meumundopersonalizado.com.br\/blog\/maes-vejam-como-equilibrar-vida-pessoal-e-profissional-2\/#primaryimage\",\"inLanguage\":\"pt-BR\",\"url\":\"https:\/\/meumundopersonalizado.com.br\/blog\/wp-content\/uploads\/2016\/07\/M\\u00e3es_vejam_como_equilibrar_vida_pessoal_e_profissional.jpg-2.jpeg\",\"width\":1000,\"height\":667,\"caption\":\"Equilibrio entre atender as necessidades do novo beb\\u00ea ou das crian\\u00e7as e ter uma vida profissional bem sucedida para m\\u00e3es\"},{\"@type\":\"WebPage\",\"@id\":\"https:\/\/meumundopersonalizado.com.br\/blog\/maes-vejam-como-equilibrar-vida-pessoal-e-profissional-2\/#webpage\",\"url\":\"https:\/\/meumundopersonalizado.com.br\/blog\/maes-vejam-como-equilibrar-vida-pessoal-e-profissional-2\/\",\"name\":\"M\\u00e3es: vejam como equilibrar vida pessoal e profissional - Blog Meu Mundo Personalizado\",\"isPartOf\":{\"@id\":\"https:\/\/meumundopersonalizado.com.br\/blog\/#website\"},\"primaryImageOfPage\":{\"@id\":\"https:\/\/meumundopersonalizado.com.br\/blog\/maes-vejam-como-equilibrar-vida-pessoal-e-profissional-2\/#primaryimage\"},\"datePublished\":\"2016-07-04T12:58:11+00:00\",\"dateModified\":\"2017-03-03T13:54:21+00:00\",\"description\":\"Confira nossas dicas para te ajudar a se adaptar ao novo cotidiano e equilibrar a vida profissional e de m\\u00e3e, sem que uma prejudique a outra!\",\"inLanguage\":\"pt-BR\",\"potentialAction\":[{\"@type\":\"ReadAction\",\"target\":[\"https:\/\/meumundopersonalizado.com.br\/blog\/maes-vejam-como-equilibrar-vida-pessoal-e-profissional-2\/\"]}]},{\"@type\":\"Article\",\"@id\":\"https:\/\/meumundopersonalizado.com.br\/blog\/maes-vejam-como-equilibrar-vida-pessoal-e-profissional-2\/#article\",\"isPartOf\":{\"@id\":\"https:\/\/meumundopersonalizado.com.br\/blog\/maes-vejam-como-equilibrar-vida-pessoal-e-profissional-2\/#webpage\"},\"author\":{\"@id\":\"https:\/\/meumundopersonalizado.com.br\/blog\/#\/schema\/person\/7152250683ecb9cb4b7c612c699d48a6\"},\"headline\":\"M\\u00e3es: vejam como equilibrar vida pessoal e profissional\",\"datePublished\":\"2016-07-04T12:58:11+00:00\",\"dateModified\":\"2017-03-03T13:54:21+00:00\",\"commentCount\":0,\"mainEntityOfPage\":{\"@id\":\"https:\/\/meumundopersonalizado.com.br\/blog\/maes-vejam-como-equilibrar-vida-pessoal-e-profissional-2\/#webpage\"},\"publisher\":{\"@id\":\"https:\/\/meumundopersonalizado.com.br\/blog\/#organization\"},\"image\":{\"@id\":\"https:\/\/meumundopersonalizado.com.br\/blog\/maes-vejam-como-equilibrar-vida-pessoal-e-profissional-2\/#primaryimage\"},\"articleSection\":\"Mulher empreendedora\",\"inLanguage\":\"pt-BR\",\"potentialAction\":[{\"@type\":\"CommentAction\",\"name\":\"Comment\",\"target\":[\"https:\/\/meumundopersonalizado.com.br\/blog\/maes-vejam-como-equilibrar-vida-pessoal-e-profissional-2\/#respond\"]}]},{\"@type\":[\"Person\"],\"@id\":\"https:\/\/meumundopersonalizado.com.br\/blog\/#\/schema\/person\/7152250683ecb9cb4b7c612c699d48a6\",\"name\":\"Meu Mundo Personalizado\",\"image\":{\"@type\":\"ImageObject\",\"@id\":\"https:\/\/meumundopersonalizado.com.br\/blog\/#personlogo\",\"inLanguage\":\"pt-BR\",\"url\":\"https:\/\/secure.gravatar.com\/avatar\/01147ea0fb838750523bfccf1bad0be1?s=96&d=mm&r=g\",\"caption\":\"Meu Mundo Personalizado\"}}]}<\/script>\n<!-- \/ Yoast SEO plugin. -->","_links":{"self":[{"href":"https:\/\/meumundopersonalizado.com.br\/blog\/wp-json\/wp\/v2\/posts\/96"}],"collection":[{"href":"https:\/\/meumundopersonalizado.com.br\/blog\/wp-json\/wp\/v2\/posts"}],"about":[{"href":"https:\/\/meumundopersonalizado.com.br\/blog\/wp-json\/wp\/v2\/types\/post"}],"author":[{"embeddable":true,"href":"https:\/\/meumundopersonalizado.com.br\/blog\/wp-json\/wp\/v2\/users\/2"}],"replies":[{"embeddable":true,"href":"https:\/\/meumundopersonalizado.com.br\/blog\/wp-json\/wp\/v2\/comments?post=96"}],"version-history":[{"count":3,"href":"https:\/\/meumundopersonalizado.com.br\/blog\/wp-json\/wp\/v2\/posts\/96\/revisions"}],"predecessor-version":[{"id":511,"href":"https:\/\/meumundopersonalizado.com.br\/blog\/wp-json\/wp\/v2\/posts\/96\/revisions\/511"}],"wp:featuredmedia":[{"embeddable":true,"href":"https:\/\/meumundopersonalizado.com.br\/blog\/wp-json\/wp\/v2\/media\/98"}],"wp:attachment":[{"href":"https:\/\/meumundopersonalizado.com.br\/blog\/wp-json\/wp\/v2\/media?parent=96"}],"wp:term":[{"taxonomy":"category","embeddable":true,"href":"https:\/\/meumundopersonalizado.com.br\/blog\/wp-json\/wp\/v2\/categories?post=96"},{"taxonomy":"post_tag","embeddable":true,"href":"https:\/\/meumundopersonalizado.com.br\/blog\/wp-json\/wp\/v2\/tags?post=96"}],"curies":[{"name":"wp","href":"https:\/\/api.w.org\/{rel}","templated":true}]}}